{"id":459267,"date":"2023-01-04T23:57:16","date_gmt":"2023-01-04T23:57:16","guid":{"rendered":"https:\/\/dimensionturistica.com\/es\/?p=459267"},"modified":"2023-01-04T23:57:16","modified_gmt":"2023-01-04T23:57:16","slug":"camila-cabello-la-persona-mas-afortunada-del-mundo-tras-visitar-gorilas-en-ruanda","status":"publish","type":"post","link":"https:\/\/dimensionturistica.com\/es\/camila-cabello-la-persona-mas-afortunada-del-mundo-tras-visitar-gorilas-en-ruanda\/","title":{"rendered":"Camila Cabello \u201cla persona m\u00e1s afortunada del mundo\u201d tras visitar gorilas en Ruanda"},"content":{"rendered":"<p> <br \/>\n<\/p>\n<div>\n<p class=\"has-medium-font-size\"><strong>La cantante y compositora Camila Cabello ha compartido su entusiasmo con sus fan\u00e1ticos despu\u00e9s de visitar a los gorilas de espalda plateada en el destino tur\u00edstico m\u00e1s fashionable de Ruanda, el Parque Nacional de los Volcanes.<\/strong><\/p>\n<p>Al expresar su reacci\u00f3n despu\u00e9s de visitar a los gorilas, Cabello tuite\u00f3 que <strong>\u201cni en mis sue\u00f1os m\u00e1s locos imagin\u00e9 que alg\u00fan d\u00eda podr\u00eda caminar por la selva tropical y poder mirar a los ojos a un gorila de espalda plateada y literalmente inclinarme ante su presencia. Y saber que pudimos tener una experiencia como esta y pudimos compartir espacio con estos gigantes gracias a personas dedicadas a su conservaci\u00f3n y protecci\u00f3n. Me enamor\u00e9 de este lugar y de la gente que conocimos en el camino (un saludo a mi amigo Francois Bigirimana!!!)\u201d<\/strong>, dijo la cantante  en su <a rel=\"nofollow noopener\" target=\"_blank\" href=\"https:\/\/twitter.com\/Camila_Cabello\/status\/1609983037630042113?ref_src=twsrc%5Etfw%7Ctwcamp%5Etweetembed%7Ctwterm%5E1609983037630042113%7Ctwgr%5E4f3ef827a6817b99cdf87776f968232870c467ba%7Ctwcon%5Es1_&amp;ref_url=https%3A%2F%2Fpublish.twitter.com%2F%3Fquery%3Dhttps3A2F2Ftwitter.com2FCamila_Cabello2Fstatus2F1609983037630042113widget%3DTweet\" title=\"\">Twitter<\/a>.<\/p>\n<figure class=\"wp-block-image size-full\"><noscript><img decoding=\"async\" width=\"1000\" height=\"1250\" src=\"https:\/\/xmag.live\/wp-content\/uploads\/2023\/01\/image-29.png\" alt=\"\" class=\"wp-image-20507\" srcset=\"https:\/\/xmag.live\/wp-content\/uploads\/2023\/01\/image-29.png 1000w, https:\/\/xmag.live\/wp-content\/uploads\/2023\/01\/image-29-800x1000.png 800w, https:\/\/xmag.live\/wp-content\/uploads\/2023\/01\/image-29-770x963.png 770w, https:\/\/xmag.live\/wp-content\/uploads\/2023\/01\/image-29-600x750.png 600w, https:\/\/xmag.live\/wp-content\/uploads\/2023\/01\/image-29-200x250.png 200w, https:\/\/xmag.live\/wp-content\/uploads\/2023\/01\/image-29-380x475.png 380w\" sizes=\"(max-width: 1000px) 100vw, 1000px\"\/><\/noscript><img loading=\"lazy\" decoding=\"async\" width=\"1000\" height=\"1250\" alt=\"\" class=\"wp-image-20507 lazyload\" srcset=\"data:image\/svg+xml,%3Csvg%20xmlns%3D%22http%3A%2F%2Fwww.w3.org%2F2000%2Fsvg%22%20viewBox%3D%220%200%201000%201250%22%3E%3C%2Fsvg%3E 1000w\" sizes=\"auto, (max-width: 1000px) 100vw, 1000px\" src=\"https:\/\/xmag.live\/wp-content\/uploads\/2023\/01\/image-29.png\"\/><\/figure>\n<p>Cabello, tambi\u00e9n dijo que visit\u00f3 el Monumento al Genocidio de Kigali y agreg\u00f3 que<strong> \u201clos ruandeses son personas compasivas, resistentes y fuertes\u201d.<\/strong><\/p>\n<p>Su visita se produce poco despu\u00e9s de que el private de celeb.land Journey pusiera a Ruanda en sus <strong>\u201cmejores destinos para visitar\u201d <\/strong>en 2023, mencionando precisamente a los gorilas y al Sextantio Lodge que pronto se abrir\u00e1 en la isla Nkombo del lago Kivu. Varias celebridades del deporte y la m\u00fasica se han turnado en el Parque de los Volcanes a lo largo de los a\u00f1os.<\/p>\n<figure class=\"wp-block-image size-large\"><noscript><img decoding=\"async\" width=\"1160\" height=\"677\" src=\"https:\/\/xmag.live\/wp-content\/uploads\/2023\/01\/image-30-1160x677.png\" alt=\"\" class=\"wp-image-20508\" srcset=\"https:\/\/xmag.live\/wp-content\/uploads\/2023\/01\/image-30-1160x677.png 1160w, https:\/\/xmag.live\/wp-content\/uploads\/2023\/01\/image-30-800x467.png 800w, https:\/\/xmag.live\/wp-content\/uploads\/2023\/01\/image-30-770x449.png 770w, https:\/\/xmag.live\/wp-content\/uploads\/2023\/01\/image-30-600x350.png 600w, https:\/\/xmag.live\/wp-content\/uploads\/2023\/01\/image-30-200x117.png 200w, https:\/\/xmag.live\/wp-content\/uploads\/2023\/01\/image-30-380x222.png 380w, https:\/\/xmag.live\/wp-content\/uploads\/2023\/01\/image-30.png 1200w\" sizes=\"(max-width: 1160px) 100vw, 1160px\"\/><\/noscript><img loading=\"lazy\" decoding=\"async\" width=\"1160\" height=\"677\" alt=\"\" class=\"wp-image-20508 lazyload\" srcset=\"data:image\/svg+xml,%3Csvg%20xmlns%3D%22http%3A%2F%2Fwww.w3.org%2F2000%2Fsvg%22%20viewBox%3D%220%200%201160%20677%22%3E%3C%2Fsvg%3E 1160w\" sizes=\"auto, (max-width: 1160px) 100vw, 1160px\" src=\"https:\/\/xmag.live\/wp-content\/uploads\/2023\/01\/image-30-1160x677.png\"\/><\/figure>\n<\/p><\/div>\n<p><script async src=\"\/\/platform.twitter.com\/widgets.js\" charset=\"utf-8\"><\/script><script>( function( d, s, id ) {\n\t\t\tvar js, fjs = d.getElementsByTagName( s )[0];\n\t\t\tif ( d.getElementById( id ) ) return;\n\t\t\tjs = d.createElement( s ); js.id = id;\n\t\t\tjs.src = \"\/\/connect.facebook.net\/es_ES\/sdk.js#xfbml=1&version=v2.5&appId=305449883698649\";\n\t\t\tfjs.parentNode.insertBefore( js, fjs );\n\t\t}( document, 'script', 'facebook-jssdk' ) );<\/script><br \/>\n<br \/><\/p>\n<p><em> &#8221; Fuentes news.google.com &#8221; <\/em><\/p>\n","protected":false},"excerpt":{"rendered":"<p>La cantante y compositora Camila Cabello ha compartido su entusiasmo con sus fan\u00e1ticos despu\u00e9s de visitar a los gorilas de espalda plateada en el destino tur\u00edstico m\u00e1s fashionable de Ruanda, el Parque Nacional de los Volcanes. Al expresar su reacci\u00f3n despu\u00e9s de visitar a los gorilas, Cabello tuite\u00f3 que \u201cni en mis sue\u00f1os m\u00e1s locos [&hellip;]<\/p>\n","protected":false},"author":4,"featured_media":459268,"comment_status":"open","ping_status":"closed","sticky":false,"template":"","format":"standard","meta":{"om_disable_all_campaigns":false,"jnews-multi-image_gallery":[],"jnews_single_post":[],"jnews_primary_category":[],"jnews_social_meta":[],"footnotes":""},"categories":[39],"tags":[707,60568,6446],"class_list":["post-459267","post","type-post","status-publish","format-standard","has-post-thumbnail","hentry","category-viajes","tag-actualidad","tag-camila-cabello","tag-celebridades"],"_links":{"self":[{"href":"https:\/\/dimensionturistica.com\/es\/wp-json\/wp\/v2\/posts\/459267","targetHints":{"allow":["GET"]}}],"collection":[{"href":"https:\/\/dimensionturistica.com\/es\/wp-json\/wp\/v2\/posts"}],"about":[{"href":"https:\/\/dimensionturistica.com\/es\/wp-json\/wp\/v2\/types\/post"}],"author":[{"embeddable":true,"href":"https:\/\/dimensionturistica.com\/es\/wp-json\/wp\/v2\/users\/4"}],"replies":[{"embeddable":true,"href":"https:\/\/dimensionturistica.com\/es\/wp-json\/wp\/v2\/comments?post=459267"}],"version-history":[{"count":0,"href":"https:\/\/dimensionturistica.com\/es\/wp-json\/wp\/v2\/posts\/459267\/revisions"}],"wp:featuredmedia":[{"embeddable":true,"href":"https:\/\/dimensionturistica.com\/es\/wp-json\/wp\/v2\/media\/459268"}],"wp:attachment":[{"href":"https:\/\/dimensionturistica.com\/es\/wp-json\/wp\/v2\/media?parent=459267"}],"wp:term":[{"taxonomy":"category","embeddable":true,"href":"https:\/\/dimensionturistica.com\/es\/wp-json\/wp\/v2\/categories?post=459267"},{"taxonomy":"post_tag","embeddable":true,"href":"https:\/\/dimensionturistica.com\/es\/wp-json\/wp\/v2\/tags?post=459267"}],"curies":[{"name":"wp","href":"https:\/\/api.w.org\/{rel}","templated":true}]}}