{"id":458712,"date":"2023-01-04T04:43:56","date_gmt":"2023-01-04T04:43:56","guid":{"rendered":"https:\/\/dimensionturistica.com\/es\/?p=458712"},"modified":"2023-01-04T04:43:57","modified_gmt":"2023-01-04T04:43:57","slug":"inmovilidad-vial-en-un-perimetro-capitalino-2-de-3","status":"publish","type":"post","link":"https:\/\/dimensionturistica.com\/es\/inmovilidad-vial-en-un-perimetro-capitalino-2-de-3\/","title":{"rendered":"Inmovilidad vial en un per\u00edmetro capitalino (2 de 3)"},"content":{"rendered":"<p> <br \/>\n<\/p>\n<div>\n<p>Antes de continuar con nuestros viajes y como hemos introducido el termino entre comillas \u201c<b>expreso 27 de febrero<\/b>\u201d, ser\u00eda importante que definamos lo que es una v\u00eda expresa.<\/p>\n<p>Una v\u00eda expresa es aquella dise\u00f1ada para un tr\u00e1fico de alta velocidad, con altos vol\u00famenes de tr\u00e1nsito en las que las entradas y las salidas son controladas y estas se conectan con otras v\u00edas expresas. Las entradas y salidas nunca se producen al mismo tiempo ya que o son una salida o son entradas.<\/p>\n<p>Continuando nuestros viajes, entonces el viaje de la avenida Luper\u00f3n, que se integra a la avenida 27 de febrero, es parte del que alimenta la propia 27 y el <b>\u201cexpreso 27 de febrero\u201d,<\/b>que junto al que se va a\u00f1adiendo de todas las arterias laterales constituyen el cuerpo del <b>\u201c primer embudo\u201d,<\/b>que se forma en la entrada al desnivel de la avenida Privada y se podr\u00eda decir que este embudo es el novato, ya que por la poca alimentaci\u00f3n que tiene, para introducirse en el expreso no requiere de mucha maniobra y consecuentemente de mucho tiempo.<\/p>\n<p>Este tr\u00e1fico del <b>\u201c primer embudo\u201d,<\/b>alimenta al que circula por la N\u00fa\u00f1ez de C\u00e1ceres en ambos sentidos y que se integra a la avenida 27 de febrero y a este hay que a\u00f1adirle todo el que viene de otras calles laterales que contribuyen a un congestionamiento y saturaci\u00f3n de esta v\u00eda y plantea al conductor dos alternativas; tomar el \u201c<b>expreso 27 de febrero\u201d<\/b> o seguir la avenida 27 de Febrero, cual de las dos mas traum\u00e1tica, ya que si es lo primero tendr\u00e1 que luchar con el <b>\u201c segundo embudo\u201d<\/b>que se forma para tomar el expreso y es<span class=\"Apple-converted-space\">\u00a0<\/span>de tal magnitud que se forman cinco hileras de veh\u00edculos para entrar en un carril, lo que ha requerido que en algunos d\u00edas se coloque un agente de tr\u00e1nsito con el objetivo de desviar a muchos conductores que quieren introducirse al expreso a que contin\u00faen hacia la 27 de febrero. Si es lo segundo es decir continuar por la 27 de febrero, entonces, se va a encontrar con otro agente que sustituye el sem\u00e1foro y que dirige el tr\u00e1nsito en la intersecci\u00f3n con la Dr. Defill\u00f3, en donde si tiene suerte puede continuar su trayecto en unos minutos mas para luego integrarse al \u201c<b>expreso 27 de febrero<\/b>\u201d si esta es la ruta de su viaje.<\/p>\n<p>En este peque\u00f1o trayecto tendr\u00e1 usted que luchar con las imprudencias terribles que cometen los autobuses de la OMSA y de las empresas privadas que cubren esta ruta, ya que brincan de carril en carril buscando el espacio para rebasar no importando lo que tengan que hacer y esto a la vista de los agentes que quiz\u00e1s no tienen conocimiento de que estos autobuses deben de transitar por el carril de la derecha o porque las autoridades regentes del sector, no han regulado el tr\u00e1nsito de estos veh\u00edculos. A estos autobuses hay que a\u00f1adirle los ya famosos \u201cSonata y Kia\u201d, nombrados por algunos conductores como \u201cSonateros y Kiateros\u201d, que al igual realizan todo tipos de maniobras para buscar el pasajero sin importarle los dem\u00e1s. Entonces, estamos en un escenario donde una gran mayor\u00eda de los actores no respetan las regulaciones ni acatan las pocas se\u00f1alizaciones existentes, porque tambi\u00e9n no hay autoridad para hacerlas cumplir, entonces ha de esperarse que los resultados sean los mismos.<\/p>\n<p>Estos dos viajes, el que se inici\u00f3 en la avenida Luper\u00f3n y el de la N\u00fa\u00f1ez de C\u00e1ceres, en sus recorridos el primero hasta antes de entrar al t\u00fanel que es de unos 6 kil\u00f3metros y el segundo que llega hasta la misma Winston Churchill antes de cruzar el t\u00fanel que es de unos tres kil\u00f3metros, requieren en promedio, el primero de unos 40 minutos y el segundo de 45 minutos, a las horas de mayor tr\u00e1fico. Este promedio se obtuvo de un muestreo que realizamos durante un periodo de 23 d\u00edas sin incluir s\u00e1bados y domingo. N\u00f3tese que la velocidad promedio de ambos viajes es de 4 y 2.25 kil\u00f3metros por hora respectivamente.<\/p>\n<p>En la entrega closing de este articulo incluimos nuestras conclusiones en estos tortuosos recorridos que realizan cientos de miles de conductores capitalinos diariamente.<\/p>\n<p>Relacionado:<\/p>\n<h5 class=\"font-700\"><a rel=\"nofollow noopener\" target=\"_blank\" href=\"https:\/\/acento.com.do\/opinion\/inmovilidad-vial-en-un-perimetro-capitalino-1-de-3-9146489.html\">Inmovilidad vial en un per\u00edmetro capitalino (1 de 3)<\/a><\/h5>\n<\/div>\n<p><script>!function(f,b,e,v,n,t,s)\n          {if(f.fbq)return;n=f.fbq=function(){n.callMethod?\n          n.callMethod.apply(n,arguments):n.queue.push(arguments)};\n          if(!f._fbq)f._fbq=n;n.push=n;n.loaded=!0;n.version='2.0';\n          n.queue=[];t=b.createElement(e);t.async=!0;\n          t.src=v;s=b.getElementsByTagName(e)[0];\n          s.parentNode.insertBefore(t,s)}(window, document,'script',\n          'https:\/\/connect.facebook.net\/en_US\/fbevents.js');\n          fbq('init', '381341867478063');\n          fbq('track', 'PageView');<\/script><br \/>\n<br \/><\/p>\n<p><em> &#8221; Fuentes news.google.com &#8221; <\/em><\/p>\n","protected":false},"excerpt":{"rendered":"<p>Antes de continuar con nuestros viajes y como hemos introducido el termino entre comillas \u201cexpreso 27 de febrero\u201d, ser\u00eda importante que definamos lo que es una v\u00eda expresa. Una v\u00eda expresa es aquella dise\u00f1ada para un tr\u00e1fico de alta velocidad, con altos vol\u00famenes de tr\u00e1nsito en las que las entradas y las salidas son controladas [&hellip;]<\/p>\n","protected":false},"author":4,"featured_media":402923,"comment_status":"open","ping_status":"closed","sticky":false,"template":"","format":"standard","meta":{"om_disable_all_campaigns":false,"jnews-multi-image_gallery":[],"jnews_single_post":[],"jnews_primary_category":[],"jnews_social_meta":[],"footnotes":""},"categories":[40],"tags":[39397,60488,60489,21242],"class_list":["post-458712","post","type-post","status-publish","format-standard","has-post-thumbnail","hentry","category-industria","tag-hugo-bueno-pascal","tag-inmovilidad-vial","tag-perimetro-capitalino","tag-urbanismo"],"_links":{"self":[{"href":"https:\/\/dimensionturistica.com\/es\/wp-json\/wp\/v2\/posts\/458712","targetHints":{"allow":["GET"]}}],"collection":[{"href":"https:\/\/dimensionturistica.com\/es\/wp-json\/wp\/v2\/posts"}],"about":[{"href":"https:\/\/dimensionturistica.com\/es\/wp-json\/wp\/v2\/types\/post"}],"author":[{"embeddable":true,"href":"https:\/\/dimensionturistica.com\/es\/wp-json\/wp\/v2\/users\/4"}],"replies":[{"embeddable":true,"href":"https:\/\/dimensionturistica.com\/es\/wp-json\/wp\/v2\/comments?post=458712"}],"version-history":[{"count":0,"href":"https:\/\/dimensionturistica.com\/es\/wp-json\/wp\/v2\/posts\/458712\/revisions"}],"wp:featuredmedia":[{"embeddable":true,"href":"https:\/\/dimensionturistica.com\/es\/wp-json\/wp\/v2\/media\/402923"}],"wp:attachment":[{"href":"https:\/\/dimensionturistica.com\/es\/wp-json\/wp\/v2\/media?parent=458712"}],"wp:term":[{"taxonomy":"category","embeddable":true,"href":"https:\/\/dimensionturistica.com\/es\/wp-json\/wp\/v2\/categories?post=458712"},{"taxonomy":"post_tag","embeddable":true,"href":"https:\/\/dimensionturistica.com\/es\/wp-json\/wp\/v2\/tags?post=458712"}],"curies":[{"name":"wp","href":"https:\/\/api.w.org\/{rel}","templated":true}]}}