{"id":458523,"date":"2023-01-03T23:14:19","date_gmt":"2023-01-03T23:14:19","guid":{"rendered":"https:\/\/dimensionturistica.com\/es\/?p=458523"},"modified":"2023-01-03T23:14:19","modified_gmt":"2023-01-03T23:14:19","slug":"grandes-proyectos-de-turismo-estaran-listos-en-2023-miguel-torruco-marques","status":"publish","type":"post","link":"https:\/\/dimensionturistica.com\/es\/grandes-proyectos-de-turismo-estaran-listos-en-2023-miguel-torruco-marques\/","title":{"rendered":"Grandes proyectos de turismo estar\u00e1n listos en 2023: Miguel Torruco Marqu\u00e9s"},"content":{"rendered":"<p>El secretario de Turismo, Miguel Torruco Marqu\u00e9s, destac\u00f3 que este a\u00f1o se inaugurar\u00e1n el Tren Maya,<img decoding=\"async\" class=\" wp-image-458535 alignright\" src=\"https:\/\/dimensionturistica.com\/es\/wp-content\/uploads\/2023\/01\/La-Chinesca-2-227x300.jpg\" alt=\"\" width=\"201\" height=\"266\" srcset=\"https:\/\/dimensionturistica.com\/es\/wp-content\/uploads\/2023\/01\/La-Chinesca-2-227x300.jpg 227w, https:\/\/dimensionturistica.com\/es\/wp-content\/uploads\/2023\/01\/La-Chinesca-2.jpg 322w\" sizes=\"(max-width: 201px) 100vw, 201px\" \/> proyecto de gran envergadura que representa la mayor inversi\u00f3n en turismo de los \u00faltimos 60 a\u00f1os.<br \/>\n? Puntualiz\u00f3 que seguir\u00e1 el desarrollo de productos ancla como el Acuario Mar de Cort\u00e9s en Mazatl\u00e1n, Sinaloa; la modernizaci\u00f3n y construcci\u00f3n de aeropuertos como el de Creel, Chihuahua; entre otras obras.<br \/>\n? Resalt\u00f3 que sin endeudamiento, en 2021, M\u00e9xico se consolid\u00f3 como el 2o pa\u00eds m\u00e1s visitado del mundo, de forma coyuntural; pas\u00f3 del 17 al 9o en captaci\u00f3n de divisas y del 40 al 29 en gasto per c\u00e1pita.<br \/>\nEl secretario de Turismo del Gobierno de M\u00e9xico, Miguel Torruco Marqu\u00e9s, dio a conocer que durante 2023 quedar\u00e1n concluidos grandes proyectos que fomentar\u00e1n el turismo en nuestro pa\u00eds, iniciados en la actual administraci\u00f3n, y que contribuir\u00e1n a diversificar la derrama<img decoding=\"async\" class=\" wp-image-458537 alignleft\" src=\"https:\/\/dimensionturistica.com\/es\/wp-content\/uploads\/2023\/01\/Museo-de-la-Hoteleria-2-300x297.jpg\" alt=\"\" width=\"241\" height=\"239\" srcset=\"https:\/\/dimensionturistica.com\/es\/wp-content\/uploads\/2023\/01\/Museo-de-la-Hoteleria-2-300x297.jpg 300w, https:\/\/dimensionturistica.com\/es\/wp-content\/uploads\/2023\/01\/Museo-de-la-Hoteleria-2-150x150.jpg 150w, https:\/\/dimensionturistica.com\/es\/wp-content\/uploads\/2023\/01\/Museo-de-la-Hoteleria-2-75x75.jpg 75w, https:\/\/dimensionturistica.com\/es\/wp-content\/uploads\/2023\/01\/Museo-de-la-Hoteleria-2.jpg 429w\" sizes=\"(max-width: 241px) 100vw, 241px\" \/> econ\u00f3mica de esta importante actividad, en cumplimiento de la instrucci\u00f3n del presidente Andr\u00e9s Manuel L\u00f3pez Obrador, de hacer del turismo una herramienta de reconciliaci\u00f3n social.<br \/>\nEl titular de la Secretar\u00eda de Turismo (Sectur) destac\u00f3 que en diciembre de 2023 ser\u00e1 inaugurado el Tren Maya, obra insignia que detonar\u00e1 el turismo en el sureste de M\u00e9xico, para abatir a\u00f1os de rezago en esta regi\u00f3n.<br \/>\nPuntualiz\u00f3 que este proyecto de gran envergadura dispone de la mayor inversi\u00f3n en turismo de los \u00faltimos 60 a\u00f1os, y a lo largo de 1,524 kil\u00f3metros de v\u00eda f\u00e9rrea contar\u00e1 con 20 estaciones, mejorar\u00e1 la calidad de vida de los habitantes de Yucat\u00e1n, Quintana Roo,<img decoding=\"async\" class=\"size-medium wp-image-458534 alignright\" src=\"https:\/\/dimensionturistica.com\/es\/wp-content\/uploads\/2023\/01\/Creel-300x150.jpg\" alt=\"\" width=\"300\" height=\"150\" srcset=\"https:\/\/dimensionturistica.com\/es\/wp-content\/uploads\/2023\/01\/Creel-300x150.jpg 300w, https:\/\/dimensionturistica.com\/es\/wp-content\/uploads\/2023\/01\/Creel-360x180.jpg 360w, https:\/\/dimensionturistica.com\/es\/wp-content\/uploads\/2023\/01\/Creel.jpg 640w\" sizes=\"(max-width: 300px) 100vw, 300px\" \/> Campeche, Tabasco y Chiapas, al conectar con 190 atractivos tur\u00edsticos de alto impacto.<br \/>\nTorruco Marqu\u00e9s precis\u00f3 que as\u00ed como esta obra, la Secretar\u00eda a su cargo trabaja en el desarrollo de productos \u2018ancla\u2019 en los diferentes estados del pa\u00eds, con el prop\u00f3sito de diversificar la actividad tur\u00edstica, as\u00ed como incrementar el gasto per c\u00e1pita de los visitantes.<br \/>\nEn este sentido, indic\u00f3 que este a\u00f1o ser\u00e1 inaugurado el Acuario Mar de Cort\u00e9s, en Mazatl\u00e1n, Sinaloa, el cual se posicionar\u00e1 como el m\u00e1s grande de Am\u00e9rica Latina, y complementar\u00e1 la experiencia de los viajeros a este destino del Pac\u00edfico mexicano, junto al ya inaugurado Callej\u00f3n de los Beatles, entre otros atractivos<img decoding=\"async\" class=\"size-medium wp-image-458529 alignright\" src=\"https:\/\/dimensionturistica.com\/es\/wp-content\/uploads\/2023\/01\/Arena-GNP-300x225.jpg\" alt=\"\" width=\"300\" height=\"225\" srcset=\"https:\/\/dimensionturistica.com\/es\/wp-content\/uploads\/2023\/01\/Arena-GNP-300x225.jpg 300w, https:\/\/dimensionturistica.com\/es\/wp-content\/uploads\/2023\/01\/Arena-GNP.jpg 567w\" sizes=\"(max-width: 300px) 100vw, 300px\" \/> tur\u00edsticos.<br \/>\nSe\u00f1al\u00f3 que este producto \u2018ancla\u2019 se sumar\u00e1 a otros que se han inaugurado en otras entidades como el Museo de la Hoteler\u00eda Mexicana, en Orizaba, Veracruz; el Museo Armando Manzanero, en M\u00e9rida, Yucat\u00e1n; la Arena GNP Seguros, escenario del Abierto Mexicano de Tenis, en Acapulco, Guerrero; y el Barrio Chino (La Chinesca) en Mexicali, Baja California.<br \/>\nEl secretario de Turismo subray\u00f3 que del 26 al 29 de marzo de 2023 se llevar\u00e1 a cabo la edici\u00f3n 47 del Tianguis Tur\u00edstico M\u00e9xico, que por primera vez ser\u00e1 en la Ciudad de M\u00e9xico, y la cual romper\u00e1 todas las marcas registradas en las 46 ediciones anteriores.<br \/>\nAsimismo, en el segundo semestre del a\u00f1o, Pachuca, Hidalgo, recibir\u00e1 la quinta edici\u00f3n del Tianguis de Pueblos M\u00e1gicos, al ser la sede bienal de este encuentro que re\u00fane a las 132 localidades que tienen este nombramiento, y que en 2022 se consolidaron como el nuevo rostro tur\u00edstico de M\u00e9xico.<img decoding=\"async\" class=\"size-medium wp-image-458531 alignright\" src=\"https:\/\/dimensionturistica.com\/es\/wp-content\/uploads\/2023\/01\/Creel-2-300x150.jpg\" alt=\"\" width=\"300\" height=\"150\" srcset=\"https:\/\/dimensionturistica.com\/es\/wp-content\/uploads\/2023\/01\/Creel-2-300x150.jpg 300w, https:\/\/dimensionturistica.com\/es\/wp-content\/uploads\/2023\/01\/Creel-2-360x180.jpg 360w, https:\/\/dimensionturistica.com\/es\/wp-content\/uploads\/2023\/01\/Creel-2.jpg 640w\" sizes=\"(max-width: 300px) 100vw, 300px\" \/><br \/>\nDe igual manera, en 2023 se llevar\u00e1 a cabo la segunda edici\u00f3n del Tianguis Internacional de Pueblos M\u00e1gicos, en Los \u00c1ngeles, California, al ser el principal estado emisor de turistas hacia nuestro pa\u00eds, y tras el \u00e9xito registrado en la primera edici\u00f3n, realizada en abril del a\u00f1o pasado en Barcelona, Espa\u00f1a.<br \/>\nEl titular de Sectur enfatiz\u00f3 la importancia de la conectividad a\u00e9rea como piedra angular de la actividad tur\u00edstica, raz\u00f3n por la cual, para este a\u00f1o se prev\u00e9 inicie operaciones el Aeropuerto de Barrancas del Cobre, en Creel, Chihuahua; y se trabaja en la ampliaci\u00f3n y remodelaci\u00f3n de los aeropuertos de Tepic, Nayarit; de Tamu\u00edn,<br \/>\nSan Luis Potos\u00ed; Puerto Escondido, Oaxaca; as\u00ed como la construcci\u00f3n del Aeropuerto de Tulum, en Quintana Roo.<img decoding=\"async\" class=\"size-medium wp-image-458530 alignright\" src=\"https:\/\/dimensionturistica.com\/es\/wp-content\/uploads\/2023\/01\/Armando-Manzanero-300x256.jpg\" alt=\"\" width=\"300\" height=\"256\" srcset=\"https:\/\/dimensionturistica.com\/es\/wp-content\/uploads\/2023\/01\/Armando-Manzanero-300x256.jpg 300w, https:\/\/dimensionturistica.com\/es\/wp-content\/uploads\/2023\/01\/Armando-Manzanero.jpg 498w\" sizes=\"(max-width: 300px) 100vw, 300px\" \/><br \/>\nAdem\u00e1s, se concretar\u00e1n proyectos estrat\u00e9gicos como la autopista que conectar\u00e1 la ciudad de Oaxaca con el Istmo de Tehuantepec; el Tren Interurbano M\u00e9xico-Toluca; y las obras que facilitar\u00e1n la conectividad del Aeropuerto Internacional Felipe \u00c1ngeles con el centro de la Ciudad de M\u00e9xico, como la ampliaci\u00f3n del Tren<br \/>\nSuburbano.<br \/>\nTorruco Marqu\u00e9s afirm\u00f3 que pese a las cr\u00edticas, los grandes proyectos de turismo catapultar\u00e1n a M\u00e9xico como potencia a nivel mundial, al reiterar que desde que inici\u00f3 la recuperaci\u00f3n del sector, luego de la pandemia de Covid-19, en 2021, nuestro pa\u00eds se coloc\u00f3, de manera coyuntural, en el segundo lugar en llegada de turistas internacionales, solo por debajo de Francia; sin embargo, tambi\u00e9n se posicion\u00f3 en el noveno lugar en captaci\u00f3n de divisas por turismo, y el 29 en gasto per c\u00e1pita, cuando al inicio de la administraci\u00f3n, en estos rubros est\u00e1bamos en los sitios 17 y 40,<img decoding=\"async\" class=\"size-medium wp-image-458528 alignright\" src=\"https:\/\/dimensionturistica.com\/es\/wp-content\/uploads\/2023\/01\/AIFA-300x200.jpg\" alt=\"\" width=\"300\" height=\"200\" srcset=\"https:\/\/dimensionturistica.com\/es\/wp-content\/uploads\/2023\/01\/AIFA-300x200.jpg 300w, https:\/\/dimensionturistica.com\/es\/wp-content\/uploads\/2023\/01\/AIFA.jpg 638w\" sizes=\"(max-width: 300px) 100vw, 300px\" \/><br \/>\nrespectivamente.<br \/>\nAunado a ello, para el tercer trimestre de 2022, la Inversi\u00f3n Extranjera Directa Tur\u00edstica super\u00f3 el m\u00e1ximo hist\u00f3rico registrado, con 3 mil 147.3 millones de d\u00f3lares; y de acuerdo con las expectativas, al cierre del a\u00f1o pasado se habr\u00e1n captado 27 mil 429 millones de d\u00f3lares por turismo, esto superar\u00e1 en 11.6% lo registrado en 2019.<br \/>\nResalt\u00f3 que todo esto fue posible, sin endeudamiento y con el estrecho trabajo de los tres \u00f3rdenes de gobierno, as\u00ed como el apoyo del sector privado; con quienes<br \/>\nsigue el trabajo de la mano para afianzar a M\u00e9xico como potencia en materia<br \/>\ntur\u00edstica y econ\u00f3mica.<\/p>\n","protected":false},"excerpt":{"rendered":"<p>El secretario de Turismo, Miguel Torruco Marqu\u00e9s, destac\u00f3 que este a\u00f1o se inaugurar\u00e1n el Tren Maya, proyecto de gran envergadura que representa la mayor inversi\u00f3n en turismo de los \u00faltimos 60 a\u00f1os. ? Puntualiz\u00f3 que seguir\u00e1 el desarrollo de productos ancla como el Acuario Mar de Cort\u00e9s en Mazatl\u00e1n, Sinaloa; la modernizaci\u00f3n y construcci\u00f3n de [&hellip;]<\/p>\n","protected":false},"author":1,"featured_media":458539,"comment_status":"open","ping_status":"closed","sticky":false,"template":"","format":"standard","meta":{"om_disable_all_campaigns":false,"jnews-multi-image_gallery":[],"jnews_single_post":{"source_name":"","source_url":"","via_name":"","via_url":"","override_template":"0","override":[{"template":"1","single_blog_custom":"","parallax":"1","fullscreen":"1","layout":"right-sidebar","sidebar":"default-sidebar","second_sidebar":"default-sidebar","sticky_sidebar":"1","share_position":"top","share_float_style":"share-monocrhome","show_share_counter":"1","show_view_counter":"1","show_featured":"1","show_post_meta":"1","show_post_author":"1","show_post_author_image":"1","show_post_date":"1","post_date_format":"default","post_date_format_custom":"Y\/m\/d","show_post_category":"1","show_post_reading_time":"0","post_reading_time_wpm":"300","show_zoom_button":"0","zoom_button_out_step":"2","zoom_button_in_step":"3","show_post_tag":"1","show_prev_next_post":"1","show_popup_post":"1","number_popup_post":"1","show_author_box":"0","show_post_related":"0","show_inline_post_related":"0"}],"override_image_size":"0","image_override":[{"single_post_thumbnail_size":"crop-500","single_post_gallery_size":"crop-500"}],"trending_post":"0","trending_post_position":"meta","trending_post_label":"Trending","sponsored_post":"0","sponsored_post_label":"Sponsored by","sponsored_post_name":"","sponsored_post_url":"","sponsored_post_logo_enable":"0","sponsored_post_logo":"","sponsored_post_desc":"","disable_ad":"0"},"jnews_primary_category":{"id":"","hide":""},"jnews_social_meta":{"fb_title":"","fb_description":"","fb_image":"","twitter_title":"","twitter_description":"","twitter_image":""},"footnotes":""},"categories":[39],"tags":[],"class_list":["post-458523","post","type-post","status-publish","format-standard","has-post-thumbnail","hentry","category-viajes"],"_links":{"self":[{"href":"https:\/\/dimensionturistica.com\/es\/wp-json\/wp\/v2\/posts\/458523","targetHints":{"allow":["GET"]}}],"collection":[{"href":"https:\/\/dimensionturistica.com\/es\/wp-json\/wp\/v2\/posts"}],"about":[{"href":"https:\/\/dimensionturistica.com\/es\/wp-json\/wp\/v2\/types\/post"}],"author":[{"embeddable":true,"href":"https:\/\/dimensionturistica.com\/es\/wp-json\/wp\/v2\/users\/1"}],"replies":[{"embeddable":true,"href":"https:\/\/dimensionturistica.com\/es\/wp-json\/wp\/v2\/comments?post=458523"}],"version-history":[{"count":0,"href":"https:\/\/dimensionturistica.com\/es\/wp-json\/wp\/v2\/posts\/458523\/revisions"}],"wp:featuredmedia":[{"embeddable":true,"href":"https:\/\/dimensionturistica.com\/es\/wp-json\/wp\/v2\/media\/458539"}],"wp:attachment":[{"href":"https:\/\/dimensionturistica.com\/es\/wp-json\/wp\/v2\/media?parent=458523"}],"wp:term":[{"taxonomy":"category","embeddable":true,"href":"https:\/\/dimensionturistica.com\/es\/wp-json\/wp\/v2\/categories?post=458523"},{"taxonomy":"post_tag","embeddable":true,"href":"https:\/\/dimensionturistica.com\/es\/wp-json\/wp\/v2\/tags?post=458523"}],"curies":[{"name":"wp","href":"https:\/\/api.w.org\/{rel}","templated":true}]}}