{"id":458420,"date":"2023-01-03T20:29:57","date_gmt":"2023-01-03T20:29:57","guid":{"rendered":"https:\/\/dimensionturistica.com\/es\/?p=458420"},"modified":"2023-01-03T20:29:58","modified_gmt":"2023-01-03T20:29:58","slug":"cruceros-activan-restaurantes-bares-y-comercio-en-mazatlan","status":"publish","type":"post","link":"https:\/\/dimensionturistica.com\/es\/cruceros-activan-restaurantes-bares-y-comercio-en-mazatlan\/","title":{"rendered":"Cruceros activan restaurantes, bares y comercio en Mazatl\u00e1n"},"content":{"rendered":"<p> <br \/>\n<\/p>\n<div>\n<p>Mazatl\u00e1n, Sinaloa.- <strong>La derrama econ\u00f3mica que dejan los cruceros tur\u00edsticos\u00a0beneficia a todos los sectores<\/strong> asegur\u00f3 el director normal de la\u00a0Administraci\u00f3n del Sistema Portuario Nacional Mazatl\u00e1n (Asipona) Mariel Aquileo Ancona Infanz\u00f3n, \u00a0Nacional Mazatl\u00e1n (Asipona).<\/p>\n<p>En el \u00faltimo estudio que se hizo el turista de cruceros gasta en promedio 100 d\u00f3lares.\u00a0<\/p>\n<p>En <a rel=\"nofollow noopener\" target=\"_blank\" href=\"https:\/\/www.debate.com.mx\/sinaloa\/seccion\/mazatlan\/\">Mazatl\u00e1n <\/a>es el puerto que m\u00e1s bajan los turistas hasta un 70 por ciento.<\/p>\n<p>Hoy los buques vienen al cien por ciento, esto muestra de la confianza que tienen y de la seguridad.<\/p>\n<p>Los agentes de la polic\u00eda siempre est\u00e1n muy pendientes los turistas y cuando los ven p\u00e9rdidos los llevan a terminal de cruceros para evitar que los dejen.\u00a0<\/p>\n<p>Te recomendamos leer:<\/p>\n<p>Esta a\u00f1o tienen programados 142 cruceros y podr\u00edan integrarse mas. Este d\u00eda est\u00e1n en el puerto tres crucero.<\/p>\n<p>La zona centro, plazuela Machado, Olas Altas, Malec\u00f3n y Zona Dorada de encuentra inundada de <strong>cruceristas<\/strong>.<\/p>\n<div class=\"ck-video-player\">\n <amp-iframe width=\"640\" height=\"360\" sandbox=\"allow-scripts allow-same-origin allow-presentation\" allowfullscreen=\"\" frameborder=\"0\" layout=\"responsive\" src=\"https:\/\/iframe.debate.com.mx\/ajax\/get_share_video.html?id=\/videos\/video-flash\/2023\/01\/03\/pareja_se_compromete_en_estadio_chevron_park_de_los_mochis.mp4\"><br \/>\n  <amp-img src=\"https:\/\/news.google.com\/img\/2023\/01\/03\/pareja_se_compromete_en_estadio_chevron_park_de_los_mochis.jpg\" layout=\"fill\" placeholder=\"\"\/><br \/>\n <\/amp-iframe><figcaption>\n   Pareja se compromete en estadio Chevron Park de Los Mochis<br \/>\n <\/figcaption><\/div>\n<\/div>\n<div>\n<p class=\"authorbox__description\">En el a\u00f1o 2020 cumpl\u00ed 15 a\u00f1os como reportera de informaci\u00f3n normal en El Debate de Mazatl\u00e1n. En este tiempo me he especializado en las \u00e1reas educativas, salud y de gobierno. Tambi\u00e9n labor\u00e9 en la televisi\u00f3n en un canal native en Ciudad Ju\u00e1rez, Chihuahua, mientras estudi\u00e9 en la Facultad de Ciencias Pol\u00edticas y Sociales de la Universidad Aut\u00f3noma de Chihuahua. Asimismo, trabaj\u00e9 en un peri\u00f3dico de una editorial a nivel nacional. En el \u00faltimo a\u00f1o de gobierno de Francisco Labastida, recib\u00ed el Premio Estatal de Periodismo sobre una serie de reportajes por contaminaci\u00f3n. En el 2017 el Senado de la Rep\u00fablica me otorg\u00f3 un reconocimiento por mi trayectoria.  He acudido a cursos y talleres sobre nuevas t\u00e9cnicas de periodismo  de manera  presencial y \u00faltimamente v\u00eda on-line. He entrevistado a los tres \u00faltimos presidentes de M\u00e9xico.<\/p>\n<p>\t\t\t\t\t\t<a rel=\"nofollow noopener\" target=\"_blank\" href=\"https:\/\/www.debate.com.mx\/staff\/blanca.regalado\" title=\"Blanca Regalado\" class=\"authorbox__link\">Ver m\u00e1s<\/a>\n\t\t\t\t<\/div>\n\n<p><em> &#8221; Fuentes news.google.com &#8221; <\/em><\/p>\n","protected":false},"excerpt":{"rendered":"<p>Mazatl\u00e1n, Sinaloa.- La derrama econ\u00f3mica que dejan los cruceros tur\u00edsticos\u00a0beneficia a todos los sectores asegur\u00f3 el director normal de la\u00a0Administraci\u00f3n del Sistema Portuario Nacional Mazatl\u00e1n (Asipona) Mariel Aquileo Ancona Infanz\u00f3n, \u00a0Nacional Mazatl\u00e1n (Asipona). En el \u00faltimo estudio que se hizo el turista de cruceros gasta en promedio 100 d\u00f3lares.\u00a0 En Mazatl\u00e1n es el puerto que [&hellip;]<\/p>\n","protected":false},"author":4,"featured_media":458421,"comment_status":"open","ping_status":"closed","sticky":false,"template":"","format":"standard","meta":{"om_disable_all_campaigns":false,"jnews-multi-image_gallery":[],"jnews_single_post":[],"jnews_primary_category":[],"jnews_social_meta":[],"footnotes":""},"categories":[41],"tags":[1099,2481],"class_list":["post-458420","post","type-post","status-publish","format-standard","has-post-thumbnail","hentry","category-cruceros","tag-mazatlan","tag-sinaloa"],"_links":{"self":[{"href":"https:\/\/dimensionturistica.com\/es\/wp-json\/wp\/v2\/posts\/458420","targetHints":{"allow":["GET"]}}],"collection":[{"href":"https:\/\/dimensionturistica.com\/es\/wp-json\/wp\/v2\/posts"}],"about":[{"href":"https:\/\/dimensionturistica.com\/es\/wp-json\/wp\/v2\/types\/post"}],"author":[{"embeddable":true,"href":"https:\/\/dimensionturistica.com\/es\/wp-json\/wp\/v2\/users\/4"}],"replies":[{"embeddable":true,"href":"https:\/\/dimensionturistica.com\/es\/wp-json\/wp\/v2\/comments?post=458420"}],"version-history":[{"count":0,"href":"https:\/\/dimensionturistica.com\/es\/wp-json\/wp\/v2\/posts\/458420\/revisions"}],"wp:featuredmedia":[{"embeddable":true,"href":"https:\/\/dimensionturistica.com\/es\/wp-json\/wp\/v2\/media\/458421"}],"wp:attachment":[{"href":"https:\/\/dimensionturistica.com\/es\/wp-json\/wp\/v2\/media?parent=458420"}],"wp:term":[{"taxonomy":"category","embeddable":true,"href":"https:\/\/dimensionturistica.com\/es\/wp-json\/wp\/v2\/categories?post=458420"},{"taxonomy":"post_tag","embeddable":true,"href":"https:\/\/dimensionturistica.com\/es\/wp-json\/wp\/v2\/tags?post=458420"}],"curies":[{"name":"wp","href":"https:\/\/api.w.org\/{rel}","templated":true}]}}