{"id":458331,"date":"2023-01-03T18:31:51","date_gmt":"2023-01-03T18:31:51","guid":{"rendered":"https:\/\/dimensionturistica.com\/es\/?p=458331"},"modified":"2024-02-20T22:10:07","modified_gmt":"2024-02-20T22:10:07","slug":"uber-moto-llega-a-leon-la-nueva-modalidad-de-viajes-en-motocicleta-y-es-mas-economico","status":"publish","type":"post","link":"https:\/\/dimensionturistica.com\/es\/uber-moto-llega-a-leon-la-nueva-modalidad-de-viajes-en-motocicleta-y-es-mas-economico\/","title":{"rendered":"\u00a1Uber Moto llega a Le\u00f3n! La nueva modalidad de viajes en motocicleta y es m\u00e1s econ\u00f3mico"},"content":{"rendered":"<p> <br \/>\n<\/p>\n<div id=\"cuerpo-nota\">\n<p><strong>Le\u00f3n, Guanajuato.-<\/strong> <strong>Llega Uber Moto a Le\u00f3n,<\/strong> el servicio comenz\u00f3 en <strong>noviembre<\/strong>.<\/p>\n<aside class=\"htmlinline\"><ev-engagement\/><\/aside>\n<p>El Uber Moto permitir\u00e1 a los usuarios <strong>solicitar viajes en motocicleta con un socio conductor a trav\u00e9s de la aplicaci\u00f3n<\/strong>.<\/p>\n<aside class=\"htmlinline\"\/>\n<p>Entre las dos opciones, <strong>el costo del servicio entre la moto y un auto es 28% m\u00e1s econ\u00f3mico<\/strong>, en un comparativo de un viaje no mayor a ten minutos, desde La Martinica a la zona peatonal.<\/p>\n<figure class=\"image\"><img decoding=\"async\" alt=\"\" height=\"400\" src=\"https:\/\/news.google.com\/u\/fotografias\/m\/2023\/1\/3\/f768x400-450489_494392_5050.jpg\" width=\"768\"\/><figcaption>El precio de Uber Moto es m\u00e1s econ\u00f3mico que el servicio convencional. Foto: uber.com<\/figcaption><\/figure>\n<p>El <strong>viaje en auto<\/strong> estaba en <strong>40.89 pesos<\/strong>, en tanto que el que se ofrece en <strong>moto lo cotizaron en $31.74<\/strong>, una diferencia de 9.15 pesos de ahorro.<\/p>\n<p>La disponibilidad del servicio comenz\u00f3 el 4 de noviembre de 2022, Le\u00f3n se sum\u00f3 a la docena de ciudades que cuentan con este servicio adicional.<\/p>\n<aside class=\"relacionadas con-foto\"><strong class=\"relacionadas-titulo-gral\">Noticias Relacionadas<\/strong><\/aside>\n<p>\u201cEstamos comprometidos con llevar m\u00e1s oportunidades a los pa\u00edses a los que llegamos. Esta ser\u00e1 una opci\u00f3n para todas aquellas personas que cuentan con este veh\u00edculo y desean aumentar la posibilidad de hacer viajes, y generar ganancias adicionales a trav\u00e9s de la app de Uber\u201d, se\u00f1al\u00f3 el comunicado compartido por la empresa.<\/p>\n<p>La firma detall\u00f3 que los<strong> usuarios de Uber al abrir la aplicaci\u00f3n podr\u00e1n ver la nueva opci\u00f3n en el men\u00fa de servicios disponibles<\/strong> en la entidad.<\/p>\n<aside class=\"htmlinline\"\/>\n<p>Mencion\u00f3 que este servicio <strong>cuenta con todas las funciones de seguridad que ofrece la aplicaci\u00f3n<\/strong> entre las que se encuentra:\n<\/p>\n<ul>\n<li>contactos de confianza<\/li>\n<li>detecci\u00f3n de anomal\u00edas y<\/li>\n<li>validaci\u00f3n con c\u00f3digo.<\/li>\n<\/ul>\n<p>Tanto el socio como el usuario deber\u00e1n usar casco, adicionalmente todos los viajes realizados a trav\u00e9s de Uber Moto <strong>cuentan con una cobertura de seguro.<\/strong>\n<\/p>\n<p>\u201cUber siempre apuesta por la innovaci\u00f3n en movilidad. Tal es el caso en Le\u00f3n, as\u00ed como en las m\u00e1s de 70 ciudades donde est\u00e1 disponible en M\u00e9xico. Con Uber Moto reforzamos nuestro compromiso de ayudar a construir un ecosistema de movilidad m\u00e1s eficiente e incluyente, que reduzca el tiempo que sus habitantes invierten en traslados y que brinde una alternativa de movilidad m\u00e1s confiable y democr\u00e1tica\u201d, comparti\u00f3<strong> Esteban Illades<\/strong>, gerente de comunicaci\u00f3n de viajes compartidos Uber en M\u00e9xico.\n<\/p>\n<p>Uber Moto ofrece este servicio en:\n<\/p>\n<ul>\n<li>Le\u00f3n<\/li>\n<li>Cuernavaca<\/li>\n<li>Culiac\u00e1n<\/li>\n<li>Mazatl\u00e1n<\/li>\n<li>Morelia<\/li>\n<li>Naucalpan<\/li>\n<li>Nezahualc\u00f3yotl<\/li>\n<li>Tlalnepantla<\/li>\n<li>Toluca<\/li>\n<li>M\u00e9rida<\/li>\n<li>Los Mochis<\/li>\n<li>Ciudad Ju\u00e1rez y<\/li>\n<li>Tampico.<\/li>\n<\/ul>\n<p>AM<\/p>\n<\/div>\n\n<p><em> &#8221; Fuentes news.google.com &#8221; <\/em><\/p>\n","protected":false},"excerpt":{"rendered":"<p>Le\u00f3n, Guanajuato.- Llega Uber Moto a Le\u00f3n, el servicio comenz\u00f3 en noviembre. El Uber Moto permitir\u00e1 a los usuarios solicitar viajes en motocicleta con un socio conductor a trav\u00e9s de la aplicaci\u00f3n. Entre las dos opciones, el costo del servicio entre la moto y un auto es 28% m\u00e1s econ\u00f3mico, en un comparativo de un [&hellip;]<\/p>\n","protected":false},"author":4,"featured_media":458332,"comment_status":"open","ping_status":"closed","sticky":false,"template":"","format":"standard","meta":{"om_disable_all_campaigns":false,"jnews-multi-image_gallery":[],"jnews_single_post":[],"jnews_primary_category":[],"jnews_social_meta":[],"footnotes":""},"categories":[144872],"tags":[715,702,1537],"class_list":["post-458331","post","type-post","status-publish","format-standard","has-post-thumbnail","hentry","category-fashion","tag-economia","tag-leon","tag-uber"],"_links":{"self":[{"href":"https:\/\/dimensionturistica.com\/es\/wp-json\/wp\/v2\/posts\/458331","targetHints":{"allow":["GET"]}}],"collection":[{"href":"https:\/\/dimensionturistica.com\/es\/wp-json\/wp\/v2\/posts"}],"about":[{"href":"https:\/\/dimensionturistica.com\/es\/wp-json\/wp\/v2\/types\/post"}],"author":[{"embeddable":true,"href":"https:\/\/dimensionturistica.com\/es\/wp-json\/wp\/v2\/users\/4"}],"replies":[{"embeddable":true,"href":"https:\/\/dimensionturistica.com\/es\/wp-json\/wp\/v2\/comments?post=458331"}],"version-history":[{"count":0,"href":"https:\/\/dimensionturistica.com\/es\/wp-json\/wp\/v2\/posts\/458331\/revisions"}],"wp:featuredmedia":[{"embeddable":true,"href":"https:\/\/dimensionturistica.com\/es\/wp-json\/wp\/v2\/media\/458332"}],"wp:attachment":[{"href":"https:\/\/dimensionturistica.com\/es\/wp-json\/wp\/v2\/media?parent=458331"}],"wp:term":[{"taxonomy":"category","embeddable":true,"href":"https:\/\/dimensionturistica.com\/es\/wp-json\/wp\/v2\/categories?post=458331"},{"taxonomy":"post_tag","embeddable":true,"href":"https:\/\/dimensionturistica.com\/es\/wp-json\/wp\/v2\/tags?post=458331"}],"curies":[{"name":"wp","href":"https:\/\/api.w.org\/{rel}","templated":true}]}}