{"id":458319,"date":"2023-01-03T18:21:38","date_gmt":"2023-01-03T18:21:38","guid":{"rendered":"https:\/\/dimensionturistica.com\/es\/?p=458319"},"modified":"2023-01-03T18:21:38","modified_gmt":"2023-01-03T18:21:38","slug":"15-millones-de-euros-para-potenciar-el-enoturismo-y-el-patrimonio-de-valdeorras","status":"publish","type":"post","link":"https:\/\/dimensionturistica.com\/es\/15-millones-de-euros-para-potenciar-el-enoturismo-y-el-patrimonio-de-valdeorras\/","title":{"rendered":"1,5 millones de euros para potenciar el enoturismo y el patrimonio de Valdeorras"},"content":{"rendered":"<p> <br \/>\n<\/p>\n<div>\n<p>El Gobierno de Espa\u00f1a anunciaba el pasado diciembre la puesta en marcha en Galicia de 16 proyectos beneficiarios de la II Convocatoria extraordinaria del programa de Planes de Sostenibilidad Tur\u00edstica en Destino 2022, financiado \u00edntegramente con fondos del Plan de Recuperaci\u00f3n, Transformaci\u00f3n y Resiliencia. Entre ellos, se encuentra una importante cuant\u00eda para Valdeorras.\u00a0<\/p>\n<p>Se trata del proyecto &#8220;<i><strong>Valdeorras, ruta del vino milenaria&#8221;, al que se destinan\u00a01.500.000 euros<\/strong>.<\/i>\u00a0Mediante este, se pretende la mejora de la gesti\u00f3n de uso p\u00fablico de los espacios naturales, con la creaci\u00f3n de un nuevo equipamiento que permitir\u00e1 un aprovechamiento tur\u00edstico sostenible y la puesta en valor del patrimonio pure y cultural de la comarca. Se intervendr\u00e1 en las<strong>\u00a0Covas de Valdeorras, Pena Trevinca<\/strong>\u00a0y en la movilidad entre los principales municipios de la comarca.<\/p>\n<p>Este proyecto, junto al resto de la provincia, fueron presentados hoy por Emilio Gonz\u00e1lez, subdelegado del Gobierno en Ourense, que record\u00f3 que <strong>las convocatorias comunes del Plan de Sostenibilidad Tur\u00edstica en Destino (PSTD) tienen car\u00e1cter anual <\/strong>y en las tres ediciones ya celebradas se aprobaron cinco planes de sostenibilidad tur\u00edstica en Galicia a los que el Gobierno aportaci\u00f3n 5,2 millones de euros.<\/p>\n<p>Este a\u00f1o 2022, la convocatoria extraordinaria se resolvi\u00f3 el pasado 14 de diciembre. En Galicia, esta resoluci\u00f3n suma 16 acciones m\u00e1s al listado anterior, con una aportaci\u00f3n del Gobierno de 34,5 millones de euros. La suma del complete de aportaciones del Ministerio de Industria, Comercio y Turismo da como resultado 85,7 millones de euros de fondos estatales en 34 destinos <strong>e impulsa en Ourense \u201cnuevo modelo tur\u00edstico basado en criterios de sostenibilidad y de calidad al m\u00e1ximo nivel internacional\u201d, <\/strong>se\u00f1al\u00f3 el subdelegado.<\/p>\n<p>En el encuentro de hoy participaron junto al subdelegado, la directora Turismo de Galicia, Nava Castro; el delegado de la Xunta en Ourense, Gabriel Al\u00e9n; la <strong>presidenta del Grupo de Desarrollo Rural (GDR7), Valdeorras, <\/strong>Mari Carmen Gonz\u00e1lez; el presidente del GDR 7, Ribeiro -Carballi\u00f1o, Francisco Jos\u00e9 Gonz\u00e1lez; y el alcalde del Ayuntamiento de O Carballi\u00f1o, Francisco Fumega.<\/p>\n<p>En este foro, el subdelegado reiter\u00f3<strong> el papel protagonista de las entidades locales de Ourense en este \u00e1mbito, <\/strong>ya que son las encargadas de dise\u00f1ar y de ejecutar la mayor parte de las actuaciones que financia el Gobierno y que \u201cdinamizar\u00e1n ciudades, villas y aldeas de todo Ourense\u201d. En ese sentido, valor\u00f3 que \u201cla cogobernanza y colaboraci\u00f3n entre todas las administraciones es y ser\u00e1 vital para nuestra provincia por su singularidad, potencialidad y recursos no solo enogastron\u00f3micos, sino tambi\u00e9n patrimoniales, naturales y culturales\u201d.<\/p>\n<\/p><\/div>\n<p><script data-onm-type=\"text\/javascript\" type=\"onmlazyloadscript\"  async defer crossorigin=\"anonymous\" src=\"https:\/\/connect.facebook.net\/es_ES\/sdk.js#xfbml=1&#038;version=v11.0\" nonce=\"wrkevqrp\"><\/script><br \/>\n<br \/><\/p>\n<p><em> &#8221; Fuentes news.google.com &#8221; <\/em><\/p>\n","protected":false},"excerpt":{"rendered":"<p>El Gobierno de Espa\u00f1a anunciaba el pasado diciembre la puesta en marcha en Galicia de 16 proyectos beneficiarios de la II Convocatoria extraordinaria del programa de Planes de Sostenibilidad Tur\u00edstica en Destino 2022, financiado \u00edntegramente con fondos del Plan de Recuperaci\u00f3n, Transformaci\u00f3n y Resiliencia. Entre ellos, se encuentra una importante cuant\u00eda para Valdeorras.\u00a0 Se trata [&hellip;]<\/p>\n","protected":false},"author":4,"featured_media":458320,"comment_status":"open","ping_status":"closed","sticky":false,"template":"","format":"standard","meta":{"om_disable_all_campaigns":false,"jnews-multi-image_gallery":[],"jnews_single_post":[],"jnews_primary_category":[],"jnews_social_meta":[],"footnotes":""},"categories":[40],"tags":[707,60452,544,60451],"class_list":["post-458319","post","type-post","status-publish","format-standard","has-post-thumbnail","hentry","category-industria","tag-actualidad","tag-concellos","tag-turismo","tag-valdeorras"],"_links":{"self":[{"href":"https:\/\/dimensionturistica.com\/es\/wp-json\/wp\/v2\/posts\/458319","targetHints":{"allow":["GET"]}}],"collection":[{"href":"https:\/\/dimensionturistica.com\/es\/wp-json\/wp\/v2\/posts"}],"about":[{"href":"https:\/\/dimensionturistica.com\/es\/wp-json\/wp\/v2\/types\/post"}],"author":[{"embeddable":true,"href":"https:\/\/dimensionturistica.com\/es\/wp-json\/wp\/v2\/users\/4"}],"replies":[{"embeddable":true,"href":"https:\/\/dimensionturistica.com\/es\/wp-json\/wp\/v2\/comments?post=458319"}],"version-history":[{"count":0,"href":"https:\/\/dimensionturistica.com\/es\/wp-json\/wp\/v2\/posts\/458319\/revisions"}],"wp:featuredmedia":[{"embeddable":true,"href":"https:\/\/dimensionturistica.com\/es\/wp-json\/wp\/v2\/media\/458320"}],"wp:attachment":[{"href":"https:\/\/dimensionturistica.com\/es\/wp-json\/wp\/v2\/media?parent=458319"}],"wp:term":[{"taxonomy":"category","embeddable":true,"href":"https:\/\/dimensionturistica.com\/es\/wp-json\/wp\/v2\/categories?post=458319"},{"taxonomy":"post_tag","embeddable":true,"href":"https:\/\/dimensionturistica.com\/es\/wp-json\/wp\/v2\/tags?post=458319"}],"curies":[{"name":"wp","href":"https:\/\/api.w.org\/{rel}","templated":true}]}}