{"id":457756,"date":"2023-01-02T21:49:19","date_gmt":"2023-01-02T21:49:19","guid":{"rendered":"https:\/\/dimensionturistica.com\/es\/?p=457756"},"modified":"2023-01-02T21:49:20","modified_gmt":"2023-01-02T21:49:20","slug":"temporada-baja-para-viajar-en-colombia-fechas-destinos-y-recomendaciones","status":"publish","type":"post","link":"https:\/\/dimensionturistica.com\/es\/temporada-baja-para-viajar-en-colombia-fechas-destinos-y-recomendaciones\/","title":{"rendered":"Temporada baja para viajar en Colombia: fechas, destinos y recomendaciones"},"content":{"rendered":"<p> <br \/>\n<\/p>\n<div id=\"\">\n<div class=\"ImageArticle-Container    \">\n<div class=\"ImageArticle-ImageFrame\"><picture><source class=\"ImageArticle-Image\" srcset=\"https:\/\/www.elespectador.com\/resizer\/JDiBa4OJkz5k_jQ-5Kb7l4YMha4=\/393x261\/filters:quality(60):format(jpeg)\/cloudfront-us-east-1.images.arcpublishing.com\/elespectador\/XIUXTFFJNFFOFMVQZIMPLRQXHY.jpeg\" media=\"(max-width: 425px)\"\/><source class=\"ImageArticle-Image\" srcset=\"https:\/\/www.elespectador.com\/resizer\/-icdXUci5GuaerTtvnATW8Nt4do=\/568x378\/filters:quality(60):format(jpeg)\/cloudfront-us-east-1.images.arcpublishing.com\/elespectador\/XIUXTFFJNFFOFMVQZIMPLRQXHY.jpeg\" media=\"(max-width: 600px)\"\/><source class=\"ImageArticle-Image\" srcset=\"https:\/\/www.elespectador.com\/resizer\/8JsAUf5CyPudPjE3UeXwS1yTbKA=\/968x645\/filters:quality(60):format(jpeg)\/cloudfront-us-east-1.images.arcpublishing.com\/elespectador\/XIUXTFFJNFFOFMVQZIMPLRQXHY.jpeg\" media=\"(max-width: 1199px)\"\/><source class=\"ImageArticle-Image\" srcset=\"https:\/\/www.elespectador.com\/resizer\/hYsH_3KI5NtD3chi_IVkgMZhjwA=\/525x350\/filters:quality(60):format(jpeg)\/cloudfront-us-east-1.images.arcpublishing.com\/elespectador\/XIUXTFFJNFFOFMVQZIMPLRQXHY.jpeg\" media=\"(max-width: 1200px)\"\/><img decoding=\"async\" class=\"ImageArticle-Image\" src=\"https:\/\/www.elespectador.com\/resizer\/hYsH_3KI5NtD3chi_IVkgMZhjwA=\/525x350\/filters:quality(60):format(jpeg)\/cloudfront-us-east-1.images.arcpublishing.com\/elespectador\/XIUXTFFJNFFOFMVQZIMPLRQXHY.jpeg\" alt=\"El 25% de turistas latinos prefieren conseguir un alojamientos en hoteles con todo incluido.\"\/><\/picture><\/div>\n<div class=\"ImageArticle-ContainerText\">\n<p>El 25% de turistas latinos prefieren conseguir un alojamientos en hoteles con todo incluido.<\/p>\n<p>Foto: Cortes\u00eda Civitatis<\/p>\n<\/div>\n<\/div>\n<p class=\"font--secondary\">En tiempos de <b>vacaciones y fechas festivas<\/b>, buscar lugares para viajar es uno de los intereses m\u00e1s comunes. Existen algunas fechas, destinos y recomendaciones que le permitir\u00e1n disfrutar de sus planes a precios m\u00e1s econ\u00f3micos y asequibles. Aqu\u00ed le traemos una <b>gu\u00eda para viajar en temporada baja en Colombia.<\/b><\/p>\n<p class=\"font--secondary\">La baja temporada es conocida com\u00fanmente por ofrecer precios econ\u00f3micos a quienes deciden viajar en estas \u00e9pocas del a\u00f1o, en los que generalmente el flujo de turistas es menor. Dentro de los beneficios que brinda esta forma de viajar es <b>encontrar costos accesibles en cuanto a tiquetes, hospedaje y atractivos tur\u00edsticos<\/b>, lo cual tambi\u00e9n requiere una planeaci\u00f3n para empezar a ver cu\u00e1l es el mejor momento para hacerlo.<\/p>\n<h2 class=\"font--primary\"><b>Fechas de temporada baja para viajar en Colombia<\/b><\/h2>\n<p class=\"font--secondary\">Si bien no hay un mes espec\u00edfico en el cual viajar resulte m\u00e1s barato, hacerlo en temporada baja suele resultar m\u00e1s factible. <b>En Colombia se presentan dos temporadas bajas <\/b>y se considera que en los meses de octubre y noviembre es cuando los viajeros logran encontrar <b>precios m\u00e1s econ\u00f3micos en cuanto a hospedaje, actividades y excursions,<\/b> teniendo en cuenta que a pesar de ser m\u00e1s econ\u00f3micos, tambi\u00e9n son servicios m\u00e1s escasos en estas fechas debido a la baja demanda que presentan.<\/p>\n<p class=\"font--secondary\">La primera temporada baja del a\u00f1o empieza el <b>14 de enero y va hasta el 14 de junio.<\/b> Para este momento, deber\u00e1 tener en cuenta que entre esas fechas, se encuentra Semana Santa, fecha de temporada alta en la que muy posiblemente encuentre altos costos.<\/p>\n<p class=\"font--secondary\">La segunda temporada va desde el <b>15 de agosto hasta el 14 de diciembre<\/b>. En esta fecha deber\u00e1 tener en cuenta que, durante el mes de octubre en Colombia hay una semana de receso para estudiantes lo que significa que durante estos 7 d\u00edas los precios podr\u00e1n subir considerablemente.<\/p>\n<p class=\"font--secondary\">Con respecto a estas dos semanas, espec\u00edficamente, <b>le recomendamos tener en cuenta estos espacios a la hora de realizar sus reservas para sus viajes<\/b> ya que podr\u00eda resultar mucho m\u00e1s costoso de lo regular. Si quiere evitar pagar de m\u00e1s deber\u00e1 omitir estas semanas as\u00ed como los meses de diciembre a marzo y el mes de julio en el cual se presentan las vacaciones estudiantiles, haciendo de esta fecha temporada alta.<\/p>\n<p class=\"font--secondary\"><b>Lea tambi\u00e9n: <\/b><a rel=\"nofollow noopener\" target=\"_blank\" href=\"https:\/\/news.google.com\/turismo\/pueblos-patrimonio-de-colombia-para-visitar-en-vacaciones\/\">Pueblos patrimonio de Colombia para visitar en vacaciones.<\/a><\/p>\n<h2 class=\"font--primary\"><b>Recomendaciones a tener en cuenta<\/b><\/h2>\n<ul class=\"\">\n<li><span>Investigue sobre el lugar hacia el que viaja. Averig\u00fce por  <b>ferias, festivales o fiestas<\/b> de las que podr\u00e1 disfrutar en su llegada.<\/span><\/li>\n<li><span><b>Los mejores d\u00edas para viajar son los martes o mi\u00e9rcoles.<\/b> Durante estas 48 horas se suelen presentar los vuelos m\u00e1s econ\u00f3micos debido a que normalmente se viaja el fin de semana.<\/span><\/li>\n<li><span>Usualmente se cree que comprar los tiquetes con tiempo de anticipaci\u00f3n garantiza tener un costo m\u00e1s bajo, pero no siempre resulta ser as\u00ed. <b>Investigue la aerol\u00ednea en la que desea viajar<\/b> para conocer de qu\u00e9 manera fluct\u00faan los precios.<\/span><\/li>\n<\/ul>\n<ul class=\"\">\n<li><span>En temporada baja tambi\u00e9n reducen los costos del hospedaje, por eso <b>investigue qu\u00e9 promociones o descuentos pueden haber en el sitio en el que va a quedarse.<\/b><\/span><\/li>\n<li><span>En cuanto al tiquete de avi\u00f3n, <b>el precio de un vuelo depende de algunos factores <\/b>m\u00e1s que s\u00f3lo de la temporada en la que viaje as\u00ed como la ciudad desde la que quiera salir, el lugar al que desee llegar y dem\u00e1s.<\/span><\/li>\n<li><span>Cada una de las regiones que conforman<b> la geograf\u00eda colombiana posee particularidades clim\u00e1ticas <\/b>y culturales, es por ello que conocer bien el lugar al que se dirigir\u00e1 le resultar\u00e1 importante.<\/span><\/li>\n<\/ul>\n<p class=\"font--secondary\"><b>Le sugerimos leer: <\/b><a rel=\"nofollow noopener\" target=\"_blank\" href=\"https:\/\/news.google.com\/turismo\/que-planes-hacer-en-choachi-uno-de-los-mejores-destinos-turisticos-del-mundo\/\">\u00bfQu\u00e9 planes hacer en Choach\u00ed? Uno de los mejores destinos tur\u00edsticos del mundo.<\/a><\/p>\n<h2 class=\"font--primary\"><b>Consideraciones clim\u00e1ticas sobre las regiones y las temporadas<\/b><\/h2>\n<p class=\"font--secondary\">Colombia posee un clima tropical. La temporada seca, en los meses de julio, agosto, diciembre, enero, febrero y marzo, suele ser la m\u00e1s propicia para organizar vacaciones y, seg\u00fan la regi\u00f3n, es importante que considere algunas especificaciones que le permitan conocer las condiciones clim\u00e1ticas del lugar al que se dispone a viajar.<\/p>\n<p class=\"font--secondary\">&#8211; En la regi\u00f3n de <b>Los Andes<\/b>, se considera mejor viajar en los meses de <b>enero, febrero, marzo, abril, agosto y septiembre,<\/b> al no presentarse fuertes lluvias ni cambios de temperatura que puedan interferir en su viaje.<\/p>\n<p class=\"font--secondary\">&#8211; En la <b>Costa del caribe colombiano<\/b> se considera propicio viajar en los meses de <b>diciembre, enero, febrero, marzo y abril <\/b>debido a que usualmente los viajeros escogen este destino con el fin de visitar el mar y, son los meses en los cuales no se presentan lluvias.<\/p>\n<p class=\"font--secondary\">&#8211; La regi\u00f3n del <b>Amazonas <\/b>posee un clima c\u00e1lido y h\u00famedo durante todo el a\u00f1o. Los meses de <b>julio y agosto <\/b>son los m\u00e1s secos y, por ende, los m\u00e1s recomendados para viajar.<\/p>\n<p class=\"font--secondary\">&#x1f440;&#x1f30e;&#x1f4c4; \u00bfYa est\u00e1 enterado de las \u00faltimas noticias del turismo en Colombia y en el mundo? Lo invitamos a verlas en <a rel=\"nofollow noopener\" target=\"_blank\" href=\"https:\/\/news.google.com\/turismo\/\">El Espectador<\/a>.<\/p>\n<\/div>\n\n<p><em> &#8221; Fuentes news.google.com &#8221; <\/em><\/p>\n","protected":false},"excerpt":{"rendered":"<p>El 25% de turistas latinos prefieren conseguir un alojamientos en hoteles con todo incluido. Foto: Cortes\u00eda Civitatis En tiempos de vacaciones y fechas festivas, buscar lugares para viajar es uno de los intereses m\u00e1s comunes. Existen algunas fechas, destinos y recomendaciones que le permitir\u00e1n disfrutar de sus planes a precios m\u00e1s econ\u00f3micos y asequibles. Aqu\u00ed [&hellip;]<\/p>\n","protected":false},"author":4,"featured_media":457757,"comment_status":"open","ping_status":"closed","sticky":false,"template":"","format":"standard","meta":{"om_disable_all_campaigns":false,"jnews-multi-image_gallery":[],"jnews_single_post":[],"jnews_primary_category":[],"jnews_social_meta":[],"footnotes":""},"categories":[39],"tags":[1736,771,544,1861,545],"class_list":["post-457756","post","type-post","status-publish","format-standard","has-post-thumbnail","hentry","category-viajes","tag-caribe","tag-colombia","tag-turismo","tag-vacaciones","tag-viajes"],"_links":{"self":[{"href":"https:\/\/dimensionturistica.com\/es\/wp-json\/wp\/v2\/posts\/457756","targetHints":{"allow":["GET"]}}],"collection":[{"href":"https:\/\/dimensionturistica.com\/es\/wp-json\/wp\/v2\/posts"}],"about":[{"href":"https:\/\/dimensionturistica.com\/es\/wp-json\/wp\/v2\/types\/post"}],"author":[{"embeddable":true,"href":"https:\/\/dimensionturistica.com\/es\/wp-json\/wp\/v2\/users\/4"}],"replies":[{"embeddable":true,"href":"https:\/\/dimensionturistica.com\/es\/wp-json\/wp\/v2\/comments?post=457756"}],"version-history":[{"count":0,"href":"https:\/\/dimensionturistica.com\/es\/wp-json\/wp\/v2\/posts\/457756\/revisions"}],"wp:featuredmedia":[{"embeddable":true,"href":"https:\/\/dimensionturistica.com\/es\/wp-json\/wp\/v2\/media\/457757"}],"wp:attachment":[{"href":"https:\/\/dimensionturistica.com\/es\/wp-json\/wp\/v2\/media?parent=457756"}],"wp:term":[{"taxonomy":"category","embeddable":true,"href":"https:\/\/dimensionturistica.com\/es\/wp-json\/wp\/v2\/categories?post=457756"},{"taxonomy":"post_tag","embeddable":true,"href":"https:\/\/dimensionturistica.com\/es\/wp-json\/wp\/v2\/tags?post=457756"}],"curies":[{"name":"wp","href":"https:\/\/api.w.org\/{rel}","templated":true}]}}