{"id":454407,"date":"2022-12-28T15:20:05","date_gmt":"2022-12-28T15:20:05","guid":{"rendered":"https:\/\/dimensionturistica.com\/es\/?p=454407"},"modified":"2022-12-28T15:20:05","modified_gmt":"2022-12-28T15:20:05","slug":"baja-california-te-invita-a-disfrutar-de-5-excelentes-vinos-tintos-para-celebrar-el-fin-de-ano-2022","status":"publish","type":"post","link":"https:\/\/dimensionturistica.com\/es\/baja-california-te-invita-a-disfrutar-de-5-excelentes-vinos-tintos-para-celebrar-el-fin-de-ano-2022\/","title":{"rendered":"Baja California te invita a disfrutar de 5 excelentes vinos tintos para celebrar el fin de a\u00f1o 2022"},"content":{"rendered":"<p><img decoding=\"async\" class=\"size-medium wp-image-454433 alignright\" src=\"https:\/\/dimensionturistica.com\/es\/wp-content\/uploads\/2022\/12\/Las-Nubes-Bodegas-y-Vinedos-1-1-240x300.jpg\" alt=\"\" width=\"240\" height=\"300\" srcset=\"https:\/\/dimensionturistica.com\/es\/wp-content\/uploads\/2022\/12\/Las-Nubes-Bodegas-y-Vinedos-1-1-240x300.jpg 240w, https:\/\/dimensionturistica.com\/es\/wp-content\/uploads\/2022\/12\/Las-Nubes-Bodegas-y-Vinedos-1-1-819x1024.jpg 819w, https:\/\/dimensionturistica.com\/es\/wp-content\/uploads\/2022\/12\/Las-Nubes-Bodegas-y-Vinedos-1-1-768x960.jpg 768w, https:\/\/dimensionturistica.com\/es\/wp-content\/uploads\/2022\/12\/Las-Nubes-Bodegas-y-Vinedos-1-1-1229x1536.jpg 1229w, https:\/\/dimensionturistica.com\/es\/wp-content\/uploads\/2022\/12\/Las-Nubes-Bodegas-y-Vinedos-1-1-750x938.jpg 750w, https:\/\/dimensionturistica.com\/es\/wp-content\/uploads\/2022\/12\/Las-Nubes-Bodegas-y-Vinedos-1-1-1140x1425.jpg 1140w, https:\/\/dimensionturistica.com\/es\/wp-content\/uploads\/2022\/12\/Las-Nubes-Bodegas-y-Vinedos-1-1.jpg 1440w\" sizes=\"(max-width: 240px) 100vw, 240px\" \/>Un a\u00f1o termina, un momento para celebrar los buenos instantes que 2022 dej\u00f3 y adem\u00e1s marcar el inicio de nuevos viajes, pero para conmemorar una fecha tan importante no puede faltar la compa\u00f1\u00eda de las personas que amamos y un buen vino bajacaliforniano creado con uvas de la regi\u00f3n vin\u00edcola m\u00e1s importante de M\u00e9xico. Por ello, para gozar de estas \u00faltimas 12 campanadas te compartimos algunos vinos de excelente calidad, pero f\u00e1ciles de adquirir, en tiendas de autoservicio o supermercados ubicados en el centro del pa\u00eds.<br \/>\nMerlot Malbec de Casa Magoni<br \/>\nCasa Magoni es el proyecto del Ing. Camillo Magoni, uno de los pioneros del mundo del vino en Baja California, que desde hace m\u00e1s de 50 a\u00f1os dedic\u00f3 su vida a cultivar y producir su vino en la regi\u00f3n del Valle de Guadalupe. La mejor recomendaci\u00f3n para celebrar el 31 de diciembre es su Merlot Malbec, un vino elaborado de variantes de uva Merlot y Malbec de aroma intenso<img decoding=\"async\" class=\"size-medium wp-image-454435 alignleft\" src=\"https:\/\/dimensionturistica.com\/es\/wp-content\/uploads\/2022\/12\/Las-Nubes-Bodegas-y-Vinedos-2-1-240x300.jpg\" alt=\"\" width=\"240\" height=\"300\" srcset=\"https:\/\/dimensionturistica.com\/es\/wp-content\/uploads\/2022\/12\/Las-Nubes-Bodegas-y-Vinedos-2-1-240x300.jpg 240w, https:\/\/dimensionturistica.com\/es\/wp-content\/uploads\/2022\/12\/Las-Nubes-Bodegas-y-Vinedos-2-1-819x1024.jpg 819w, https:\/\/dimensionturistica.com\/es\/wp-content\/uploads\/2022\/12\/Las-Nubes-Bodegas-y-Vinedos-2-1-768x961.jpg 768w, https:\/\/dimensionturistica.com\/es\/wp-content\/uploads\/2022\/12\/Las-Nubes-Bodegas-y-Vinedos-2-1-1228x1536.jpg 1228w, https:\/\/dimensionturistica.com\/es\/wp-content\/uploads\/2022\/12\/Las-Nubes-Bodegas-y-Vinedos-2-1-750x938.jpg 750w, https:\/\/dimensionturistica.com\/es\/wp-content\/uploads\/2022\/12\/Las-Nubes-Bodegas-y-Vinedos-2-1-1140x1426.jpg 1140w, https:\/\/dimensionturistica.com\/es\/wp-content\/uploads\/2022\/12\/Las-Nubes-Bodegas-y-Vinedos-2-1.jpg 1440w\" sizes=\"(max-width: 240px) 100vw, 240px\" \/> a frutos rojos y negros, casis, ar\u00e1ndanos, fresa ligeramente madura, ciruela roja, piel de cereza y nota floral a regaliz. Su color rub\u00ed brillante te encantar\u00e1 a la vista y en sabor encontrar\u00e1s una acidez sutil con un final sedoso y bien balanceado. Puedes encontrarlos en Bodegas Alianza y se sugiere maridaje como costillas o alimentos a la parrilla.<br \/>\nNebbiolo de bodegas y vi\u00f1edos Las Nubes<br \/>\nConcebido con uva 100% Nebbiolo del Valle de La Grulla y de Guadalupe, esta pieza es un vino de su gran reserva de Las Nubes, es decir, uno de los vinos que ha pasado por un largo tiempo en su proceso de maduraci\u00f3n, ya que tiene a\u00f1ejamiento en barrica francesa, un tercio de barrica nueva por 24 meses y 18 meses de guarda de botella. Su producci\u00f3n es limitada ya que se hacen muy pocas botellas al a\u00f1o, por ello disfrutar\u00e1s de un vino singular con notas frutales de ciruela madura,<img decoding=\"async\" class=\"size-medium wp-image-454427 alignright\" src=\"https:\/\/dimensionturistica.com\/es\/wp-content\/uploads\/2022\/12\/Foto-facebook-Bodegas-de-Santo-Tomas-1-300x300.png\" alt=\"\" width=\"300\" height=\"300\" srcset=\"https:\/\/dimensionturistica.com\/es\/wp-content\/uploads\/2022\/12\/Foto-facebook-Bodegas-de-Santo-Tomas-1-300x300.png 300w, https:\/\/dimensionturistica.com\/es\/wp-content\/uploads\/2022\/12\/Foto-facebook-Bodegas-de-Santo-Tomas-1-1024x1024.png 1024w, https:\/\/dimensionturistica.com\/es\/wp-content\/uploads\/2022\/12\/Foto-facebook-Bodegas-de-Santo-Tomas-1-150x150.png 150w, https:\/\/dimensionturistica.com\/es\/wp-content\/uploads\/2022\/12\/Foto-facebook-Bodegas-de-Santo-Tomas-1-768x768.png 768w, https:\/\/dimensionturistica.com\/es\/wp-content\/uploads\/2022\/12\/Foto-facebook-Bodegas-de-Santo-Tomas-1-75x75.png 75w, https:\/\/dimensionturistica.com\/es\/wp-content\/uploads\/2022\/12\/Foto-facebook-Bodegas-de-Santo-Tomas-1-350x350.png 350w, https:\/\/dimensionturistica.com\/es\/wp-content\/uploads\/2022\/12\/Foto-facebook-Bodegas-de-Santo-Tomas-1-750x750.png 750w, https:\/\/dimensionturistica.com\/es\/wp-content\/uploads\/2022\/12\/Foto-facebook-Bodegas-de-Santo-Tomas-1-1140x1140.png 1140w, https:\/\/dimensionturistica.com\/es\/wp-content\/uploads\/2022\/12\/Foto-facebook-Bodegas-de-Santo-Tomas-1.png 1200w\" sizes=\"(max-width: 300px) 100vw, 300px\" \/> ar\u00e1ndanos, notas sutiles de tostado de la barrica, tabaco y un sabor complejo y equilibrado en acidez. Para lograr una combinaci\u00f3n deliciosa con la cena se recomienda probarlo con un platillo con puerco, ternera o algo elaborado como un cuete mechado en salsa de ciruelas.<br \/>\n\u00danico de Bodegas de Santo Tom\u00e1s<br \/>\nProveniente de la vin\u00edcola m\u00e1s antigua de Baja California, \u00danico es un vino muy especial ya que es de la l\u00ednea premium de una de las primeras vin\u00edcolas que sembraron uvas en todo el continente americano. Este vino es un deleite que pas\u00f3 18 meses de creaci\u00f3n en barrica de roble franc\u00e9s y se trata de un 60% Cabernet Sauvignon y 40% Merlot con aromas a de cacao, caf\u00e9, vainilla y especias que otorgan un sabor delicioso a grosella y trufa, perfecto para encantar a cualquier invitado. Este esp\u00e9cimen va <img decoding=\"async\" class=\"size-medium wp-image-454429 alignleft\" src=\"https:\/\/dimensionturistica.com\/es\/wp-content\/uploads\/2022\/12\/Foto-facebook-Hilo-Negro-Vinedos-y-Bodega-1-222x300.jpg\" alt=\"\" width=\"222\" height=\"300\" srcset=\"https:\/\/dimensionturistica.com\/es\/wp-content\/uploads\/2022\/12\/Foto-facebook-Hilo-Negro-Vinedos-y-Bodega-1-222x300.jpg 222w, https:\/\/dimensionturistica.com\/es\/wp-content\/uploads\/2022\/12\/Foto-facebook-Hilo-Negro-Vinedos-y-Bodega-1.jpg 711w\" sizes=\"(max-width: 222px) 100vw, 222px\" \/>perfecto con un buen corte de carne, mole rojo o estofado de cordero.<br \/>\nRicrac de Hilo Negro<br \/>\nHilo Negro es una vin\u00edcola que inicia su trabajo en 2012 en Valle de Guadalupe, y est\u00e1n dedicados a la crianza de vinos que muestren aptitud sobresaliente en cada uno de sus productos. Ricrac es una mezcla perfecta entre uva Nebbiolo, Syrah, Cabernet Sauvignon, que ofrece un apetitoso perfume a fruta roja y especias. Con un a\u00f1o de a\u00f1ejamiento en barricas francesas y americanas, encontrar\u00e1s un vino elegante, intenso con notas de vainilla y caramelo que dejar\u00e1 una sensaci\u00f3n aterciopelada en tu boca. Este vino va espectacular con platos de cocina mexicana como un buen pozole.<br \/>\nMiguel de Adobe Guadalupe<br \/>\nAdobe Guadalupe es una vin\u00edcola que nace del amor de una madre a su<img decoding=\"async\" class=\"size-medium wp-image-454428 alignright\" src=\"https:\/\/dimensionturistica.com\/es\/wp-content\/uploads\/2022\/12\/Foto-facebook-Bodegas-Magoni-240x300.jpg\" alt=\"\" width=\"240\" height=\"300\" srcset=\"https:\/\/dimensionturistica.com\/es\/wp-content\/uploads\/2022\/12\/Foto-facebook-Bodegas-Magoni-240x300.jpg 240w, https:\/\/dimensionturistica.com\/es\/wp-content\/uploads\/2022\/12\/Foto-facebook-Bodegas-Magoni-819x1024.jpg 819w, https:\/\/dimensionturistica.com\/es\/wp-content\/uploads\/2022\/12\/Foto-facebook-Bodegas-Magoni-768x960.jpg 768w, https:\/\/dimensionturistica.com\/es\/wp-content\/uploads\/2022\/12\/Foto-facebook-Bodegas-Magoni-750x937.jpg 750w, https:\/\/dimensionturistica.com\/es\/wp-content\/uploads\/2022\/12\/Foto-facebook-Bodegas-Magoni.jpg 1125w\" sizes=\"(max-width: 240px) 100vw, 240px\" \/> hijo y el homenaje a la fascinaci\u00f3n por el alma mexicana. Cada uno de sus vinos fueron nombrados \u00e1ngeles y Miguel es un vino tinto de tonalidad rojo oscuro con reposo 10 meses. A la nariz descubrir\u00e1s cerezas y rosas rojas con sabores en el paladar de frutos rojos como cerezas y ciruela. Pru\u00e9balo junto una cena especial que tenga alg\u00fan platillo de salsa de quesos a\u00f1ejados como pastas o con carnes rojas, como una pierna al horno.<br \/>\nCada vez es m\u00e1s f\u00e1cil encontrar un vino fant\u00e1stico en tiendas comerciales, pero si no sabes cu\u00e1l elegir, te invitamos a conocer uno producido en las tierras de Baja California, creaciones de alta calidad, reconocidas a nivel internacional que incluso compiten con los m\u00e1s altos est\u00e1ndares. Debes saber que hoy Ensenada, Tecate, Rosarito y hasta Tijuana est\u00e1n preparando vinos de gran naturaleza que tambi\u00e9n se pueden disfrutar en sus preciosas cavas o vi\u00f1edos con espacios de degustaci\u00f3n.<\/p>\n","protected":false},"excerpt":{"rendered":"<p>Un a\u00f1o termina, un momento para celebrar los buenos instantes que 2022 dej\u00f3 y adem\u00e1s marcar el inicio de nuevos viajes, pero para conmemorar una fecha tan importante no puede faltar la compa\u00f1\u00eda de las personas que amamos y un buen vino bajacaliforniano creado con uvas de la regi\u00f3n vin\u00edcola m\u00e1s importante de M\u00e9xico. Por [&hellip;]<\/p>\n","protected":false},"author":1,"featured_media":454430,"comment_status":"open","ping_status":"closed","sticky":false,"template":"","format":"standard","meta":{"om_disable_all_campaigns":false,"jnews-multi-image_gallery":[],"jnews_single_post":{"source_name":"","source_url":"","via_name":"","via_url":"","override_template":"0","override":[{"template":"1","single_blog_custom":"","parallax":"1","fullscreen":"1","layout":"right-sidebar","sidebar":"default-sidebar","second_sidebar":"default-sidebar","sticky_sidebar":"1","share_position":"top","share_float_style":"share-monocrhome","show_share_counter":"1","show_view_counter":"1","show_featured":"1","show_post_meta":"1","show_post_author":"1","show_post_author_image":"1","show_post_date":"1","post_date_format":"default","post_date_format_custom":"Y\/m\/d","show_post_category":"1","show_post_reading_time":"0","post_reading_time_wpm":"300","show_zoom_button":"0","zoom_button_out_step":"2","zoom_button_in_step":"3","show_post_tag":"1","show_prev_next_post":"1","show_popup_post":"1","number_popup_post":"1","show_author_box":"0","show_post_related":"0","show_inline_post_related":"0"}],"override_image_size":"0","image_override":[{"single_post_thumbnail_size":"crop-500","single_post_gallery_size":"crop-500"}],"trending_post":"0","trending_post_position":"meta","trending_post_label":"Trending","sponsored_post":"0","sponsored_post_label":"Sponsored by","sponsored_post_name":"","sponsored_post_url":"","sponsored_post_logo_enable":"0","sponsored_post_logo":"","sponsored_post_desc":"","disable_ad":"0"},"jnews_primary_category":{"id":"","hide":""},"jnews_social_meta":{"fb_title":"","fb_description":"","fb_image":"","twitter_title":"","twitter_description":"","twitter_image":""},"footnotes":""},"categories":[43],"tags":[],"class_list":["post-454407","post","type-post","status-publish","format-standard","has-post-thumbnail","hentry","category-gourmet"],"_links":{"self":[{"href":"https:\/\/dimensionturistica.com\/es\/wp-json\/wp\/v2\/posts\/454407","targetHints":{"allow":["GET"]}}],"collection":[{"href":"https:\/\/dimensionturistica.com\/es\/wp-json\/wp\/v2\/posts"}],"about":[{"href":"https:\/\/dimensionturistica.com\/es\/wp-json\/wp\/v2\/types\/post"}],"author":[{"embeddable":true,"href":"https:\/\/dimensionturistica.com\/es\/wp-json\/wp\/v2\/users\/1"}],"replies":[{"embeddable":true,"href":"https:\/\/dimensionturistica.com\/es\/wp-json\/wp\/v2\/comments?post=454407"}],"version-history":[{"count":0,"href":"https:\/\/dimensionturistica.com\/es\/wp-json\/wp\/v2\/posts\/454407\/revisions"}],"wp:featuredmedia":[{"embeddable":true,"href":"https:\/\/dimensionturistica.com\/es\/wp-json\/wp\/v2\/media\/454430"}],"wp:attachment":[{"href":"https:\/\/dimensionturistica.com\/es\/wp-json\/wp\/v2\/media?parent=454407"}],"wp:term":[{"taxonomy":"category","embeddable":true,"href":"https:\/\/dimensionturistica.com\/es\/wp-json\/wp\/v2\/categories?post=454407"},{"taxonomy":"post_tag","embeddable":true,"href":"https:\/\/dimensionturistica.com\/es\/wp-json\/wp\/v2\/tags?post=454407"}],"curies":[{"name":"wp","href":"https:\/\/api.w.org\/{rel}","templated":true}]}}