{"id":453706,"date":"2022-12-27T21:16:59","date_gmt":"2022-12-27T21:16:59","guid":{"rendered":"https:\/\/dimensionturistica.com\/es\/?p=453706"},"modified":"2022-12-27T21:16:59","modified_gmt":"2022-12-27T21:16:59","slug":"%c2%b7-day-zero-festival-en-tulum-celebra-su-vigesima-edicion-combina-musica-cultura-misticismo-y-diversion-en-medio-de-la-jungla-sin-danar-al-ecosistema","status":"publish","type":"post","link":"https:\/\/dimensionturistica.com\/es\/%c2%b7-day-zero-festival-en-tulum-celebra-su-vigesima-edicion-combina-musica-cultura-misticismo-y-diversion-en-medio-de-la-jungla-sin-danar-al-ecosistema\/","title":{"rendered":"\u00b7 Day Zero Festival en Tulum celebra su vig\u00e9sima edici\u00f3n, combina m\u00fasica, cultura, misticismo y diversi\u00f3n en medio de la jungla sin da\u00f1ar al ecosistema."},"content":{"rendered":"<p>El Caribe Mexicano iniciar\u00e1 el a\u00f1o con una de las fiestas de m\u00fasica electr\u00f3nica m\u00e1s aclamadas a nivel<img decoding=\"async\" class=\"size-medium wp-image-453840 alignright\" src=\"https:\/\/dimensionturistica.com\/es\/wp-content\/uploads\/2022\/12\/TULUM3-300x169.jpg\" alt=\"\" width=\"300\" height=\"169\" srcset=\"https:\/\/dimensionturistica.com\/es\/wp-content\/uploads\/2022\/12\/TULUM3-300x169.jpg 300w, https:\/\/dimensionturistica.com\/es\/wp-content\/uploads\/2022\/12\/TULUM3-1024x576.jpg 1024w, https:\/\/dimensionturistica.com\/es\/wp-content\/uploads\/2022\/12\/TULUM3-768x432.jpg 768w, https:\/\/dimensionturistica.com\/es\/wp-content\/uploads\/2022\/12\/TULUM3-750x422.jpg 750w, https:\/\/dimensionturistica.com\/es\/wp-content\/uploads\/2022\/12\/TULUM3-1140x641.jpg 1140w, https:\/\/dimensionturistica.com\/es\/wp-content\/uploads\/2022\/12\/TULUM3.jpg 1280w\" sizes=\"(max-width: 300px) 100vw, 300px\" \/> mundial por combinar el misticismo de la cultura maya con la modernidad en escenarios naturales que resaltan la belleza de los rincones de Tulum: Day Zero Festival 2023.<br \/>\nEl pr\u00f3ximo 9 de enero, la selva maya de Tulum en el parque Dos Ojos, recibir\u00e1 por dos d\u00edas a los amantes del rave moderno en Day Zero Festival, evento sustentable que muestra un v\u00ednculo esencial entre la naturaleza y la comunidad local a trav\u00e9s de un programa de sustentabilidad ambiental, cuyo prop\u00f3sito es demostrar que la diversi\u00f3n no tiene por qu\u00e9 da\u00f1ar al medio ambiente.<br \/>\nDay Zero Festival cuenta con una producci\u00f3n que re\u00fane su propio universo narrativo mediante personajes m\u00edticos que muestran diferentes tiempos y espacios entre luces de llamativos colores que se mezclan entre la euforia de los asistentes.<br \/>\nEl programa musical est\u00e1 conformado por los artistas m\u00e1s vanguardistas el mundo de la m\u00fasica electr\u00f3nica.<br \/>\nEl elenco de la edici\u00f3n 2023 est\u00e1 conformado por Sidartha Siliceo y Gajda, Jamie Jones, el d\u00fao The Desert House Bedouin, el tr\u00edo mundial Major Lazer Sound System, el pionero del techno italiano Joseph Capriati y<img decoding=\"async\" class=\"size-medium wp-image-453839 alignright\" src=\"https:\/\/dimensionturistica.com\/es\/wp-content\/uploads\/2022\/12\/TULUM2-1-300x200.jpg\" alt=\"\" width=\"300\" height=\"200\" srcset=\"https:\/\/dimensionturistica.com\/es\/wp-content\/uploads\/2022\/12\/TULUM2-1-300x200.jpg 300w, https:\/\/dimensionturistica.com\/es\/wp-content\/uploads\/2022\/12\/TULUM2-1.jpg 700w\" sizes=\"(max-width: 300px) 100vw, 300px\" \/> Danny Tenaglia. Las estrellas en ascenso, la DJ y productora turco-italiana Carlita, la fundadora de XCESS Records, Chlo\u00e9 Caillet, la DJ y productora puertorrique\u00f1a-brit\u00e1nica Layla Benitez, el d\u00fao de Tel Aviv Red Axes, el d\u00fao sudafricano Major League Djs y el DJ de indie-house Am\u00e9m\u00e9.<br \/>\nAdem\u00e1s, los artistas mexicanos que se har\u00e1n presentes en el escenario son I\u00f1igo Vontier, Mar\u00eda Nocheydia, el fundador de Akbal Music, Robbie Akbal, el cofundador del Festival Mutek, Dramian, el multiinstrumentista Rubinskee, el veterano de Crosstown Rebels, M\u00e9trika y Xwnia Wolf, entre otros.<br \/>\nPara conocer m\u00e1s, la producci\u00f3n de Day Zero Festival lanz\u00f3 el documental Day Zero Tulum: The Reset donde se muestra la esencia de festival como honrar los terrenos sagrados de la comunidad y su desempe\u00f1o para la protecci\u00f3n del medio ambiente a trav\u00e9s de esfuerzos de sostenibilidad y educaci\u00f3n.<br \/>\nLa realizaci\u00f3n de este tipo de festivales sustentables demuestra la filosof\u00eda de conservaci\u00f3n del Caribe<img decoding=\"async\" class=\"size-medium wp-image-453842 alignright\" src=\"https:\/\/dimensionturistica.com\/es\/wp-content\/uploads\/2022\/12\/TULUM5-1-300x200.jpg\" alt=\"\" width=\"300\" height=\"200\" srcset=\"https:\/\/dimensionturistica.com\/es\/wp-content\/uploads\/2022\/12\/TULUM5-1-300x200.jpg 300w, https:\/\/dimensionturistica.com\/es\/wp-content\/uploads\/2022\/12\/TULUM5-1-1024x684.jpg 1024w, https:\/\/dimensionturistica.com\/es\/wp-content\/uploads\/2022\/12\/TULUM5-1-768x513.jpg 768w, https:\/\/dimensionturistica.com\/es\/wp-content\/uploads\/2022\/12\/TULUM5-1-750x501.jpg 750w, https:\/\/dimensionturistica.com\/es\/wp-content\/uploads\/2022\/12\/TULUM5-1-1140x762.jpg 1140w, https:\/\/dimensionturistica.com\/es\/wp-content\/uploads\/2022\/12\/TULUM5-1.jpg 1206w\" sizes=\"(max-width: 300px) 100vw, 300px\" \/> Mexicano, la cual consiste en encontrar un adecuado equilibrio entre el turismo y el cuidado de sus ecosistemas.<br \/>\nDay Zero Festival re\u00fane a visitantes locales, nacionales e internacionales, quienes adem\u00e1s de vivir la experiencia musical en la jungla maya, representan una importante derrama econ\u00f3mica para el destino, ya que, durante su estancia, visitan los dem\u00e1s destinos de Quintana Roo en busca de diversi\u00f3n y contacto con la naturaleza, as\u00ed como de disfrutar de las experiencias \u00fanicas del Caribe Mexicano.<br \/>\nPara m\u00e1s informaci\u00f3n y compra de boletos, visite https:\/\/dayzerofestival.com\/locations\/tulum\/<\/p>\n<p>&nbsp;<\/p>\n","protected":false},"excerpt":{"rendered":"<p>El Caribe Mexicano iniciar\u00e1 el a\u00f1o con una de las fiestas de m\u00fasica electr\u00f3nica m\u00e1s aclamadas a nivel mundial por combinar el misticismo de la cultura maya con la modernidad en escenarios naturales que resaltan la belleza de los rincones de Tulum: Day Zero Festival 2023. El pr\u00f3ximo 9 de enero, la selva maya de [&hellip;]<\/p>\n","protected":false},"author":1,"featured_media":453838,"comment_status":"open","ping_status":"closed","sticky":false,"template":"","format":"standard","meta":{"om_disable_all_campaigns":false,"jnews-multi-image_gallery":[],"jnews_single_post":{"source_name":"","source_url":"","via_name":"","via_url":"","override_template":"0","override":[{"template":"1","single_blog_custom":"","parallax":"1","fullscreen":"1","layout":"right-sidebar","sidebar":"default-sidebar","second_sidebar":"default-sidebar","sticky_sidebar":"1","share_position":"top","share_float_style":"share-monocrhome","show_share_counter":"1","show_view_counter":"1","show_featured":"1","show_post_meta":"1","show_post_author":"1","show_post_author_image":"1","show_post_date":"1","post_date_format":"default","post_date_format_custom":"Y\/m\/d","show_post_category":"1","show_post_reading_time":"0","post_reading_time_wpm":"300","show_zoom_button":"0","zoom_button_out_step":"2","zoom_button_in_step":"3","show_post_tag":"1","show_prev_next_post":"1","show_popup_post":"1","number_popup_post":"1","show_author_box":"0","show_post_related":"0","show_inline_post_related":"0"}],"override_image_size":"0","image_override":[{"single_post_thumbnail_size":"crop-500","single_post_gallery_size":"crop-500"}],"trending_post":"0","trending_post_position":"meta","trending_post_label":"Trending","sponsored_post":"0","sponsored_post_label":"Sponsored by","sponsored_post_name":"","sponsored_post_url":"","sponsored_post_logo_enable":"0","sponsored_post_logo":"","sponsored_post_desc":"","disable_ad":"0"},"jnews_primary_category":{"id":"","hide":""},"jnews_social_meta":{"fb_title":"","fb_description":"","fb_image":"","twitter_title":"","twitter_description":"","twitter_image":""},"footnotes":""},"categories":[39],"tags":[],"class_list":["post-453706","post","type-post","status-publish","format-standard","has-post-thumbnail","hentry","category-viajes"],"_links":{"self":[{"href":"https:\/\/dimensionturistica.com\/es\/wp-json\/wp\/v2\/posts\/453706","targetHints":{"allow":["GET"]}}],"collection":[{"href":"https:\/\/dimensionturistica.com\/es\/wp-json\/wp\/v2\/posts"}],"about":[{"href":"https:\/\/dimensionturistica.com\/es\/wp-json\/wp\/v2\/types\/post"}],"author":[{"embeddable":true,"href":"https:\/\/dimensionturistica.com\/es\/wp-json\/wp\/v2\/users\/1"}],"replies":[{"embeddable":true,"href":"https:\/\/dimensionturistica.com\/es\/wp-json\/wp\/v2\/comments?post=453706"}],"version-history":[{"count":0,"href":"https:\/\/dimensionturistica.com\/es\/wp-json\/wp\/v2\/posts\/453706\/revisions"}],"wp:featuredmedia":[{"embeddable":true,"href":"https:\/\/dimensionturistica.com\/es\/wp-json\/wp\/v2\/media\/453838"}],"wp:attachment":[{"href":"https:\/\/dimensionturistica.com\/es\/wp-json\/wp\/v2\/media?parent=453706"}],"wp:term":[{"taxonomy":"category","embeddable":true,"href":"https:\/\/dimensionturistica.com\/es\/wp-json\/wp\/v2\/categories?post=453706"},{"taxonomy":"post_tag","embeddable":true,"href":"https:\/\/dimensionturistica.com\/es\/wp-json\/wp\/v2\/tags?post=453706"}],"curies":[{"name":"wp","href":"https:\/\/api.w.org\/{rel}","templated":true}]}}