{"id":453695,"date":"2022-12-27T17:58:47","date_gmt":"2022-12-27T17:58:47","guid":{"rendered":"https:\/\/dimensionturistica.com\/es\/?p=453695"},"modified":"2022-12-27T17:58:47","modified_gmt":"2022-12-27T17:58:47","slug":"celebremos-las-fiestas-decembrinas-a-lo-mexicano-4-cosas-que-no-sabias-del-cacao-y-el-chile","status":"publish","type":"post","link":"https:\/\/dimensionturistica.com\/es\/celebremos-las-fiestas-decembrinas-a-lo-mexicano-4-cosas-que-no-sabias-del-cacao-y-el-chile\/","title":{"rendered":"Celebremos las fiestas decembrinas a lo mexicano: 4 cosas que no sab\u00edas del cacao y el chile"},"content":{"rendered":"<p>\u00bfQu\u00e9 ser\u00e1 lo que m\u00e1s nos enorgullece a los mexicanos? Muchos dicen que la biodiversidad, pues aqu\u00ed habitan ejemplares de casi el 70% de las especies m\u00e1s conocidas; otros opinan que los paisajes, ya que<img decoding=\"async\" class=\" wp-image-453701 alignright\" src=\"https:\/\/dimensionturistica.com\/es\/wp-content\/uploads\/2022\/12\/CACO4-132x300.webp\" alt=\"\" width=\"290\" height=\"659\" \/> tenemos 182 \u00c1reas Naturales Protegidas entre playas, bosques, desiertos, monta\u00f1as, lagos y selvas.<br \/>\nPero en lo que seguramente la mayor\u00eda coincide, sobre todo en fechas de cenas y celebraciones como diciembre, es en los sabores: el alma de nuestra gastronom\u00eda, que para nosotros es algo muy com\u00fan pero del otro lado del mundo pagar\u00edan lo inimaginable por desayunar un tamal, disfrutar diario un caf\u00e9 de olla o saborear unos deliciosos chilaquiles envueltos con tan s\u00f3lo pedirlos a domicilio.<br \/>\nLos sabores mexicanos nos dan identidad, y no dejan de conquistar paladares dentro y fuera del pa\u00eds. Est\u00e1n tan clavados en nuestro ADN y cultura culinaria, que es com\u00fan escuchar de los conocidos que se han ido al extranjero que lo que m\u00e1s extra\u00f1an de aqu\u00ed son los sabores; m\u00e1s si un platillo o una bebida se prepararon con el amor y paciencia que nos distingue.<br \/>\nEn este fin de a\u00f1o lleno de reuniones y fiestas, queremos celebrar dos de los sabores que nos dan identidad: el chile y el cacao; con datos curiosos que probablemente no conoc\u00edas de ellos y que comparte Cielito Querido Caf\u00e9, la cadena mexicana de cafeter\u00edas que trabaja s\u00f3lo con talento y proveedores locales.<br \/>\nChile &#8211; \u201c\u00bfDel que pica o del que no pica?\u201d<br \/>\nHablar de M\u00e9xico es hablar del chile. Seguramente ya has probado a conciencia o sin saberlo la mayor\u00eda de los tipos existentes en el pa\u00eds, pero lo que quiz\u00e1s no sepas es que:<br \/>\nLa evidencia m\u00e1s vieja de este alimento son unas semillas encontradas en la cueva de Coxcatl\u00e1n, en Tehuac\u00e1n (Puebla), que datan de los a\u00f1os 6900 a.C. a 5000 a.C..<br \/>\nOficialmente existen 64 variedades de chile domesticadas en M\u00e9xico, aunque se han documentado al menos 200 tipos criollos.<br \/>\nDesde tiempos prehisp\u00e1nicos, al chile se le atribuyen propiedades medicinales. Por ejemplo, la capsaicina, que es el compuesto causante de su picor, se usa en medicamentos contra la artritis y el reumatismo.<br \/>\nEl t\u00e9rmino t\u00e9cnico para hablar del picor de un chile es \u201cpungencia\u201d, la cual se mide en la denominada \u201cescala Scoville\u201d, con unidades que van del 0 a los 16 millones.<br \/>\nCacao &#8211; El dulce regalo de M\u00e9xico para el mundo<br \/>\nAunque el cacao naci\u00f3 en el Amazonas y no en M\u00e9xico, los olmecas fueron los primeros en saborearlo como<img decoding=\"async\" class=\"size-medium wp-image-453700 alignright\" src=\"https:\/\/dimensionturistica.com\/es\/wp-content\/uploads\/2022\/12\/CACAO2-300x300.webp\" alt=\"\" width=\"300\" height=\"300\" srcset=\"https:\/\/dimensionturistica.com\/es\/wp-content\/uploads\/2022\/12\/CACAO2-300x300.webp 300w, https:\/\/dimensionturistica.com\/es\/wp-content\/uploads\/2022\/12\/CACAO2-150x150.webp 150w, https:\/\/dimensionturistica.com\/es\/wp-content\/uploads\/2022\/12\/CACAO2-768x768.webp 768w, https:\/\/dimensionturistica.com\/es\/wp-content\/uploads\/2022\/12\/CACAO2-75x75.webp 75w, https:\/\/dimensionturistica.com\/es\/wp-content\/uploads\/2022\/12\/CACAO2-350x350.webp 350w, https:\/\/dimensionturistica.com\/es\/wp-content\/uploads\/2022\/12\/CACAO2-750x750.webp 750w, https:\/\/dimensionturistica.com\/es\/wp-content\/uploads\/2022\/12\/CACAO2.webp 1000w\" sizes=\"(max-width: 300px) 100vw, 300px\" \/> bebida tras domesticar la planta.<br \/>\nEl mote de \u201calimento de los dioses\u201d que se le da al cacao no proviene de alguna cultura prehisp\u00e1nica, sino que obedece al nombre taxon\u00f3mico que le dio el sueco Carlos Linneo al \u00e1rbol que lo produce: Theobroma, del griego \u201ctheos\u201d (dios) y \u201cbroma\u201d (alimento).<br \/>\nEra una moneda de cambio en el sistema econ\u00f3mico de los aztecas, por lo que Hern\u00e1n Cort\u00e9s pagaba a sus soldados con cacao.<br \/>\nActualmente, nuestro pa\u00eds es el 13o pa\u00eds productor mundial de cacao y cada mexicano consume en promedio 6.5 kilos de chocolate al a\u00f1o.<br \/>\nEl chile y el cacao son dos sabores de los que los mexicanos nunca nos separaremos, hacerlo ser\u00eda algo pr\u00e1cticamente antinatural pues nos encantan. Ambos ingredientes son parte de la esencia de negocios 100% nacionales como Cielito Querido Caf\u00e9, que en su af\u00e1n por reivindicar la mexicanidad ofrece el cacao puro con un toque artesanal ya sea en bebida caliente, fr\u00eda o granizado, y a\u00f1ade distintos tipos de chile en sus alimentos. Incluso, tienen un chocolate con chile, mezcla que se ha convertido en uno de sus productos estrella en cualquiera de sus tres formatos.<br \/>\nSint\u00e1monos afortunados y orgullosos de haber nacido en este incre\u00edble pa\u00eds, y experimentemos con todas las posibilidades que a\u00fan nos tienen guardadas dos ingredientes tan comunes como el chile y el cacao; ambos, tienen mucho que contar y dar para apapachar al paladar, como puede ser a manera de bebidas, perfectas para acompa\u00f1ar con un delicioso pan como los que ofrece Cielito en sus sucursales, algunos muy especiales entre los que destacan la concha de caf\u00e9, el panqu\u00e9 de nata o el ojo de avellana.<\/p>\n","protected":false},"excerpt":{"rendered":"<p>\u00bfQu\u00e9 ser\u00e1 lo que m\u00e1s nos enorgullece a los mexicanos? Muchos dicen que la biodiversidad, pues aqu\u00ed habitan ejemplares de casi el 70% de las especies m\u00e1s conocidas; otros opinan que los paisajes, ya que tenemos 182 \u00c1reas Naturales Protegidas entre playas, bosques, desiertos, monta\u00f1as, lagos y selvas. Pero en lo que seguramente la mayor\u00eda [&hellip;]<\/p>\n","protected":false},"author":1,"featured_media":453699,"comment_status":"open","ping_status":"closed","sticky":false,"template":"","format":"standard","meta":{"om_disable_all_campaigns":false,"jnews-multi-image_gallery":[],"jnews_single_post":{"source_name":"","source_url":"","via_name":"","via_url":"","override_template":"0","override":[{"template":"1","single_blog_custom":"","parallax":"1","fullscreen":"1","layout":"right-sidebar","sidebar":"default-sidebar","second_sidebar":"default-sidebar","sticky_sidebar":"1","share_position":"top","share_float_style":"share-monocrhome","show_share_counter":"1","show_view_counter":"1","show_featured":"1","show_post_meta":"1","show_post_author":"1","show_post_author_image":"1","show_post_date":"1","post_date_format":"default","post_date_format_custom":"Y\/m\/d","show_post_category":"1","show_post_reading_time":"0","post_reading_time_wpm":"300","show_zoom_button":"0","zoom_button_out_step":"2","zoom_button_in_step":"3","show_post_tag":"1","show_prev_next_post":"1","show_popup_post":"1","number_popup_post":"1","show_author_box":"0","show_post_related":"0","show_inline_post_related":"0"}],"override_image_size":"0","image_override":[{"single_post_thumbnail_size":"crop-500","single_post_gallery_size":"crop-500"}],"trending_post":"0","trending_post_position":"meta","trending_post_label":"Trending","sponsored_post":"0","sponsored_post_label":"Sponsored by","sponsored_post_name":"","sponsored_post_url":"","sponsored_post_logo_enable":"0","sponsored_post_logo":"","sponsored_post_desc":"","disable_ad":"0"},"jnews_primary_category":{"id":"","hide":""},"jnews_social_meta":{"fb_title":"","fb_description":"","fb_image":"","twitter_title":"","twitter_description":"","twitter_image":""},"footnotes":""},"categories":[43],"tags":[],"class_list":["post-453695","post","type-post","status-publish","format-standard","has-post-thumbnail","hentry","category-gourmet"],"_links":{"self":[{"href":"https:\/\/dimensionturistica.com\/es\/wp-json\/wp\/v2\/posts\/453695","targetHints":{"allow":["GET"]}}],"collection":[{"href":"https:\/\/dimensionturistica.com\/es\/wp-json\/wp\/v2\/posts"}],"about":[{"href":"https:\/\/dimensionturistica.com\/es\/wp-json\/wp\/v2\/types\/post"}],"author":[{"embeddable":true,"href":"https:\/\/dimensionturistica.com\/es\/wp-json\/wp\/v2\/users\/1"}],"replies":[{"embeddable":true,"href":"https:\/\/dimensionturistica.com\/es\/wp-json\/wp\/v2\/comments?post=453695"}],"version-history":[{"count":0,"href":"https:\/\/dimensionturistica.com\/es\/wp-json\/wp\/v2\/posts\/453695\/revisions"}],"wp:featuredmedia":[{"embeddable":true,"href":"https:\/\/dimensionturistica.com\/es\/wp-json\/wp\/v2\/media\/453699"}],"wp:attachment":[{"href":"https:\/\/dimensionturistica.com\/es\/wp-json\/wp\/v2\/media?parent=453695"}],"wp:term":[{"taxonomy":"category","embeddable":true,"href":"https:\/\/dimensionturistica.com\/es\/wp-json\/wp\/v2\/categories?post=453695"},{"taxonomy":"post_tag","embeddable":true,"href":"https:\/\/dimensionturistica.com\/es\/wp-json\/wp\/v2\/tags?post=453695"}],"curies":[{"name":"wp","href":"https:\/\/api.w.org\/{rel}","templated":true}]}}