{"id":452843,"date":"2022-12-26T19:14:37","date_gmt":"2022-12-26T19:14:37","guid":{"rendered":"https:\/\/dimensionturistica.com\/es\/?p=452843"},"modified":"2022-12-26T19:14:37","modified_gmt":"2022-12-26T19:14:37","slug":"conoce-cuantos-dias-son-necesarios-para-ver-palma-de-mallorca","status":"publish","type":"post","link":"https:\/\/dimensionturistica.com\/es\/conoce-cuantos-dias-son-necesarios-para-ver-palma-de-mallorca\/","title":{"rendered":"Conoce cu\u00e1ntos d\u00edas son necesarios para ver Palma de Mallorca"},"content":{"rendered":"<p> <br \/>\n<\/p>\n<div>\n<p>Palma de Mallorca.- <strong>Mallorca es un destino tur\u00edstico incre\u00edble<\/strong> que no te puedes perder, pero es posible que te preguntes<strong> cu\u00e1ntos d\u00edas necesitas para recorrer la isla, <\/strong>aqu\u00ed te lo contamos.<\/p>\n<p>Seg\u00fan muchos expertos en rutas de viaje, es recomendable <strong>visitar Mallorca<\/strong> durante <strong>al menos 3 d\u00edas<\/strong> para poder ver todo lo que hay <strong>sin tener que correr <\/strong>demasiado.<\/p>\n<p>Aunque, si tienes m\u00e1s tiempo, puedes aprovechar para conocer a\u00fan m\u00e1s el destino y disfrutar de todo lo que ofrece.<\/p>\n<p>Si s\u00f3lo tienes un d\u00eda para<strong> visitar Mallorca, <\/strong>debes asegurarte de <strong>ver lo m\u00e1s importante<\/strong>. Algunas visitas imprescindibles incluyen el<strong> Monasterio de Santa Mar\u00eda<\/strong> de la Actual, la Plaza Mayor, la <strong>Iglesia Bas\u00edlica de San Francisc<\/strong>o y los ba\u00f1os \u00e1rabes.<\/p>\n<p>En cambio, si tienes <a rel=\"nofollow noopener\" target=\"_blank\" href=\"https:\/\/www.debate.com.mx\/espana-t642037\">3 d\u00edas para visitar Mallorca<\/a>, podr\u00e1s ver todo lo esencial y a\u00fan m\u00e1s. Algunas opciones para tu primer d\u00eda pueden incluir las visitas mencionadas anteriormente, as\u00ed como el <strong>Castillo de Bellver y los jardines de Mariden<\/strong>.<\/p>\n<div>\n<figure class=\"image\"> <amp-img layout=\"responsive\" src=\"https:\/\/news.google.com\/__export\/1672081089213\/sites\/debate\/img\/2022\/12\/26\/catedral_palma_de_mallorca.jpg_341150531.jpg\" width=\"640\" height=\"394\" class=\"i-amphtml-layout-responsive i-amphtml-layout-size-defined\" i-amphtml-layout=\"responsive\"><i-amphtml-sizer style=\"display:block;padding-top:61.5625%\"\/><\/amp-img><figcaption> Entre las visitas obligadas est\u00e1 la catedral ( Pixabay) <\/figcaption><\/figure>\n<\/p><\/div>\n<p>Durante\u00a0tu segundo d\u00eda, puedes visitar lugares como el <strong>Museo Monasterio de Miramar<\/strong>, la ciudad romana de Pollentia y la Muralla de Alcudia, entre otros.<\/p>\n<p>Para <strong>tu tercer d\u00eda<\/strong>, puedes aprovechar<strong> para ir a las playas,<\/strong> hacer compras y hacer una excursi\u00f3n al Santuario de Lluc, entre otras opciones.<\/p>\n<p>Pero si tienes 5 d\u00edas para <a rel=\"nofollow noopener\" target=\"_blank\" href=\"https:\/\/www.debate.com.mx\/seccion\/viajes\/\">visitar Mallorca<\/a>, tendr\u00e1s m\u00e1s tiempo para disfrutar de todo lo que ofrece el destino.<\/p>\n<p>Adem\u00e1s de ver todo lo que te hemos comentado\u00a0anteriormente, puedes <strong>a\u00f1adir actividades como hacer senderismo<\/strong> por la Sierra de Tramontana, visitar el Parque Nacional de las Islas Balears o disfrutar de un d\u00eda de calm down en un spa.<\/p>\n<p>Te recomendamos leer:<\/p>\n<p>Recuerda que a esta isla\u00a0<strong>se puede llegar de dos maneras<\/strong>,\u00a0en <strong>avi\u00f3n o en barco.<\/strong> El <strong>Aeropuerto de Palma<\/strong> de Mallorca est\u00e1 conectado con varias capitales europeas y el puerto de Palma es uno de los m\u00e1s transitados del Mediterr\u00e1neo.<\/p>\n<p>Adem\u00e1s de que hay muchas opciones para alojarse en Mallorca, <strong>desde hoteles en Palma<\/strong> hasta alojamientos en pueblos del inside. Los precios del alojamiento aumentan en temporada alta, especialmente en verano.<\/p>\n<div class=\"ck-video-player\"> <amp-iframe width=\"640\" height=\"360\" sandbox=\"allow-scripts allow-same-origin allow-presentation\" allowfullscreen=\"\" frameborder=\"0\" layout=\"responsive\" src=\"https:\/\/iframe.debate.com.mx\/ajax\/get_share_video.html?id=\/videos\/video-flash\/2022\/11\/02\/49084316_2215077598814869_1175107737994919936_n.mp4\" class=\"i-amphtml-layout-responsive i-amphtml-layout-size-defined\" i-amphtml-layout=\"responsive\"><i-amphtml-sizer style=\"display:block;padding-top:56.25%\"\/> <amp-img src=\"https:\/\/news.google.com\/img\/2022\/11\/02\/laguna_azulcvds.jpg\" layout=\"fill\" placeholder=\"\" class=\"i-amphtml-layout-fill i-amphtml-layout-size-defined\" i-amphtml-layout=\"fill\"\/> <\/amp-iframe><figcaption> Laguna Azul, el para\u00edso de las aguas termales curativas <\/figcaption><\/div>\n<\/div>\n\n<p><em> &#8221; Fuentes news.google.com &#8221; <\/em><\/p>\n","protected":false},"excerpt":{"rendered":"<p>Palma de Mallorca.- Mallorca es un destino tur\u00edstico incre\u00edble que no te puedes perder, pero es posible que te preguntes cu\u00e1ntos d\u00edas necesitas para recorrer la isla, aqu\u00ed te lo contamos. Seg\u00fan muchos expertos en rutas de viaje, es recomendable visitar Mallorca durante al menos 3 d\u00edas para poder ver todo lo que hay sin [&hellip;]<\/p>\n","protected":false},"author":4,"featured_media":452844,"comment_status":"open","ping_status":"closed","sticky":false,"template":"","format":"standard","meta":{"om_disable_all_campaigns":false,"jnews-multi-image_gallery":[],"jnews_single_post":[],"jnews_primary_category":[],"jnews_social_meta":[],"footnotes":""},"categories":[39],"tags":[770,544,545],"class_list":["post-452843","post","type-post","status-publish","format-standard","has-post-thumbnail","hentry","category-viajes","tag-espana","tag-turismo","tag-viajes"],"_links":{"self":[{"href":"https:\/\/dimensionturistica.com\/es\/wp-json\/wp\/v2\/posts\/452843","targetHints":{"allow":["GET"]}}],"collection":[{"href":"https:\/\/dimensionturistica.com\/es\/wp-json\/wp\/v2\/posts"}],"about":[{"href":"https:\/\/dimensionturistica.com\/es\/wp-json\/wp\/v2\/types\/post"}],"author":[{"embeddable":true,"href":"https:\/\/dimensionturistica.com\/es\/wp-json\/wp\/v2\/users\/4"}],"replies":[{"embeddable":true,"href":"https:\/\/dimensionturistica.com\/es\/wp-json\/wp\/v2\/comments?post=452843"}],"version-history":[{"count":0,"href":"https:\/\/dimensionturistica.com\/es\/wp-json\/wp\/v2\/posts\/452843\/revisions"}],"wp:featuredmedia":[{"embeddable":true,"href":"https:\/\/dimensionturistica.com\/es\/wp-json\/wp\/v2\/media\/452844"}],"wp:attachment":[{"href":"https:\/\/dimensionturistica.com\/es\/wp-json\/wp\/v2\/media?parent=452843"}],"wp:term":[{"taxonomy":"category","embeddable":true,"href":"https:\/\/dimensionturistica.com\/es\/wp-json\/wp\/v2\/categories?post=452843"},{"taxonomy":"post_tag","embeddable":true,"href":"https:\/\/dimensionturistica.com\/es\/wp-json\/wp\/v2\/tags?post=452843"}],"curies":[{"name":"wp","href":"https:\/\/api.w.org\/{rel}","templated":true}]}}