{"id":452646,"date":"2022-12-26T15:12:24","date_gmt":"2022-12-26T15:12:24","guid":{"rendered":"https:\/\/dimensionturistica.com\/es\/?p=452646"},"modified":"2022-12-26T15:12:24","modified_gmt":"2022-12-26T15:12:24","slug":"secuelas-neurologicas-por-covid-19","status":"publish","type":"post","link":"https:\/\/dimensionturistica.com\/es\/secuelas-neurologicas-por-covid-19\/","title":{"rendered":"Secuelas neurol\u00f3gicas por COVID 19"},"content":{"rendered":"<p>El t\u00e9rmino Covid Prolongado fue utilizado para hacer referencia a los s\u00edntomas que aparecen despu\u00e9s de la<img decoding=\"async\" class=\"size-medium wp-image-452662 alignright\" src=\"https:\/\/dimensionturistica.com\/es\/wp-content\/uploads\/2022\/12\/GRIPE-300x169.jpg\" alt=\"\" width=\"300\" height=\"169\" srcset=\"https:\/\/dimensionturistica.com\/es\/wp-content\/uploads\/2022\/12\/GRIPE-300x169.jpg 300w, https:\/\/dimensionturistica.com\/es\/wp-content\/uploads\/2022\/12\/GRIPE-1024x576.jpg 1024w, https:\/\/dimensionturistica.com\/es\/wp-content\/uploads\/2022\/12\/GRIPE-768x432.jpg 768w, https:\/\/dimensionturistica.com\/es\/wp-content\/uploads\/2022\/12\/GRIPE-1536x864.jpg 1536w, https:\/\/dimensionturistica.com\/es\/wp-content\/uploads\/2022\/12\/GRIPE-750x422.jpg 750w, https:\/\/dimensionturistica.com\/es\/wp-content\/uploads\/2022\/12\/GRIPE-1140x641.jpg 1140w, https:\/\/dimensionturistica.com\/es\/wp-content\/uploads\/2022\/12\/GRIPE.jpg 1600w\" sizes=\"(max-width: 300px) 100vw, 300px\" \/> infecci\u00f3n, es decir, que hay varios tipos de evidencia para demostrar un curso de enfermedad m\u00e1s larga y compleja que la que se present\u00f3 en los informes iniciales de Wuhan.<br \/>\nPor su parte, el llamado S\u00edndrome de Covid post-agudo hace referencia a un curso prolongado con s\u00edntomas que prevalecen hasta tres semanas despu\u00e9s del inicio de las manifestaciones.<br \/>\nSin embargo, tambi\u00e9n existe el Covid cr\u00f3nico, el cual hace referencia a los s\u00edntomas que pueden durar hasta m\u00e1s all\u00e1 de las 12 semanas, si tomamos en cuenta la evoluci\u00f3n cl\u00ednica de la infecci\u00f3n y la capacidad replicativa de COVID.<br \/>\nLos s\u00edntomas m\u00e1s comunes son:<br \/>\nFatiga<img decoding=\"async\" class=\"size-medium wp-image-452661 alignright\" src=\"https:\/\/dimensionturistica.com\/es\/wp-content\/uploads\/2022\/12\/FIEBRE-300x168.jpg\" alt=\"\" width=\"300\" height=\"168\" srcset=\"https:\/\/dimensionturistica.com\/es\/wp-content\/uploads\/2022\/12\/FIEBRE-300x168.jpg 300w, https:\/\/dimensionturistica.com\/es\/wp-content\/uploads\/2022\/12\/FIEBRE.jpg 474w\" sizes=\"(max-width: 300px) 100vw, 300px\" \/><br \/>\nTos<br \/>\nFiebre<br \/>\nMialgia<br \/>\nAgeusia<br \/>\nEste \u00faltimo s\u00edntoma puede variar en el Covid post-agudo, ya que la ageusia continua y mejora la detecci\u00f3n de olores, pero no en la diferenciaci\u00f3n.<br \/>\nEn la etapa de s\u00edndrome post-covid contin\u00faan:<br \/>\nLa fatiga<br \/>\nLa debilidad muscular<br \/>\nLa dificultad para dormir<br \/>\nLa ansiedad o depresi\u00f3n<img decoding=\"async\" class=\"size-medium wp-image-452660 alignright\" src=\"https:\/\/dimensionturistica.com\/es\/wp-content\/uploads\/2022\/12\/VOTONAVIRUS-300x182.jpg\" alt=\"\" width=\"300\" height=\"182\" srcset=\"https:\/\/dimensionturistica.com\/es\/wp-content\/uploads\/2022\/12\/VOTONAVIRUS-300x182.jpg 300w, https:\/\/dimensionturistica.com\/es\/wp-content\/uploads\/2022\/12\/VOTONAVIRUS-768x466.jpg 768w, https:\/\/dimensionturistica.com\/es\/wp-content\/uploads\/2022\/12\/VOTONAVIRUS-750x455.jpg 750w, https:\/\/dimensionturistica.com\/es\/wp-content\/uploads\/2022\/12\/VOTONAVIRUS.jpg 830w\" sizes=\"(max-width: 300px) 100vw, 300px\" \/><br \/>\nLa anomal\u00eda de difusi\u00f3n pulmonar .<br \/>\nS\u00edntomas neurol\u00f3gicos<br \/>\nEntre los efectos secundarios del Covid destacan los s\u00edntomas neurol\u00f3gicos, como los que se mencionan a continuaci\u00f3n:<br \/>\nDeterioro cognitivo<br \/>\nNiebla mental<br \/>\nP\u00e9rdida de memoria y de concentraci\u00f3n<br \/>\nDolor de cabeza<br \/>\nInsomnio<br \/>\nHormigueos y entumecimientos de los m\u00fasculos<br \/>\nMareos<img decoding=\"async\" class=\"size-medium wp-image-452651 alignright\" src=\"https:\/\/dimensionturistica.com\/es\/wp-content\/uploads\/2022\/12\/DOCTOR1-300x240.jpg\" alt=\"\" width=\"300\" height=\"240\" srcset=\"https:\/\/dimensionturistica.com\/es\/wp-content\/uploads\/2022\/12\/DOCTOR1-300x240.jpg 300w, https:\/\/dimensionturistica.com\/es\/wp-content\/uploads\/2022\/12\/DOCTOR1.jpg 450w\" sizes=\"(max-width: 300px) 100vw, 300px\" \/><br \/>\nDelirios, en el caso de los adultos mayores<br \/>\nHay tambi\u00e9n que enfatizar que el virus ataca a diferentes \u00f3rganos como pulmones, ri\u00f1ones y el sistema cardiovascular tambi\u00e9n p\u00e9rdida de movilidad en los m\u00fasculos por p\u00e9rdida de masa muscular y no hay que dejar de lado la depresi\u00f3n y la ansiedad.<br \/>\nRecordemos que la pandemia a\u00fan no termina, por ello es recomendable que sigamos utilizando cubrebocas<br \/>\nPara m\u00e1s informaci\u00f3n o citas:<br \/>\nContacto Torre Diamante<br \/>\n5to Piso<br \/>\nConsultorio 500-A<br \/>\nTel: 5572 58 59 94<br \/>\nHospital San \u00c1ngel Inn<br \/>\nAv. Chapultepec 489<br \/>\nConsultorio 401<br \/>\n5559 227823<br \/>\nRedes sociales:<img decoding=\"async\" class=\"size-medium wp-image-452663 alignright\" src=\"https:\/\/dimensionturistica.com\/es\/wp-content\/uploads\/2022\/12\/th-72-300x168.jpeg\" alt=\"\" width=\"300\" height=\"168\" srcset=\"https:\/\/dimensionturistica.com\/es\/wp-content\/uploads\/2022\/12\/th-72-300x168.jpeg 300w, https:\/\/dimensionturistica.com\/es\/wp-content\/uploads\/2022\/12\/th-72.jpeg 474w\" sizes=\"(max-width: 300px) 100vw, 300px\" \/><br \/>\nFacebook: @drarturocontreras<br \/>\nP\u00e1gina web: drarturocontreras.com<br \/>\nDefensa legal por demandas de paciente y COFEPRIS<br \/>\nLic. Jos\u00e9 Luis Orrante Campuzano, de Campuzano &amp; Orrante\/LegalAssistant, explica qu\u00e9 es y c\u00f3mo es el proceso<br \/>\nEl acto m\u00e9dico consiste en la recuperaci\u00f3n del paciente, ediante la profesionalidad, solo el profesional legalmente autorizado es el \u00fanico que puede ejercer un acto m\u00e9dico, conforme a la ley LEX ARTIS M\u00c9DICA, que hace referencia al conjunto de pr\u00e1cticas m\u00e9dicas.<br \/>\n\u00bfQu\u00e9 es la responsabilidad? Es un vocablo que viene del lat\u00edn \u201c responsum\u201d que significa estar obligado , un doctor por su responsabilidad est\u00e1 obligado y tiene la virtud de tomar ciertas decisiones de manera consciente y responsable ,Adem\u00e1s est\u00e1 obligado a hacerse responsable de sus actos o errores ya sean involuntarios o voluntario en el ejercicio de su profesi\u00f3n .<br \/>\nTambi\u00e9n es importante el consentimiento informado de parte del doctor, y que expresa la conformidad del paciente, as\u00ed como la comunicaci\u00f3n y la informaci\u00f3n es decir se tiene que explicar al paciente el procedimiento de diagn\u00f3stico y terap\u00e9utico, dando a conocer riesgos, beneficios y alternativas para que el paciente pueda tomar una decisi\u00f3n acertada y de una manera libre.<br \/>\nLa responsabilidad penal a la que se puede enfrentar un m\u00e9dico que caiga en alguna irregularidad puede ir desde la inhabilitaci\u00f3n o incluso penas de c\u00e1rcel de entre 6 a 12 a\u00f1os de prisi\u00f3n.<br \/>\nLa responsabilidad civil es aquella obligaci\u00f3n de una persona que ha causado a otra un da\u00f1o y se debe<img decoding=\"async\" class=\"size-medium wp-image-452653 alignright\" src=\"https:\/\/dimensionturistica.com\/es\/wp-content\/uploads\/2022\/12\/DOCTOR4-300x203.jpg\" alt=\"\" width=\"300\" height=\"203\" srcset=\"https:\/\/dimensionturistica.com\/es\/wp-content\/uploads\/2022\/12\/DOCTOR4-300x203.jpg 300w, https:\/\/dimensionturistica.com\/es\/wp-content\/uploads\/2022\/12\/DOCTOR4.jpg 600w\" sizes=\"(max-width: 300px) 100vw, 300px\" \/> reparar o recompensar ese da\u00f1o normalmente de una manera econ\u00f3mica y esto es una obligaci\u00f3n.<br \/>\nCuales son los tipos de da\u00f1os que pueden aparecer en los tratamientos y diagn\u00f3sticos m\u00e9dicos:<br \/>\nNegligencia: acci\u00f3n u omisi\u00f3n que ocasione una consecuencia perjudicial.<br \/>\nimpericia: Falta de conocimientos t\u00e9cnicos, sabidur\u00eda, experiencia y habilidad en el ejercicio de la profesi\u00f3n.<br \/>\nDolo: Intenci\u00f3n o voluntad dirigida a ocasionar un resultado con intenci\u00f3n de da\u00f1ar.<br \/>\nImprudencia: Descuido en la atenci\u00f3n requerida para la realizaci\u00f3n de acciones o haber previsto sus consecuencias.<br \/>\nIgnorancia: es el desconocimiento de un hecho, cosa t\u00e9cnica u oficio particular.<br \/>\nLa Cofepris en el \u00f3rgano regulador de todas las t\u00e9cnicas m\u00e9dicas y adem\u00e1s es la encargada de la protecci\u00f3n contra riesgos sanitarios y fue creada para proteger a la poblaci\u00f3n contra riesgos a la salud provocados por el uso y consumo de bienes y servicios, insumos de salud, as\u00ed como a exposici\u00f3n de factores ambientales y laborales, la ocurrencia de emergencias sanitarias y la prestaci\u00f3n de servicios de salud mediante la regulaci\u00f3n, control y prevenci\u00f3n. La Cofepris es adem\u00e1s la encargada de regular, el Marketing y la propaganda tradicional que generalmente se hace en medios masivos de comunicaci\u00f3n como radio o tv, as\u00ed que para realizar la publicidad correspondiente se debe tener un permiso emitido por esta instituci\u00f3n.<\/p>\n<p>Si quieres realizar una cita:, puedes hacerlo eontacto<br \/>\n@campuzanoyorrante<br \/>\nContacto al 562675 1938<\/p>\n","protected":false},"excerpt":{"rendered":"<p>El t\u00e9rmino Covid Prolongado fue utilizado para hacer referencia a los s\u00edntomas que aparecen despu\u00e9s de la infecci\u00f3n, es decir, que hay varios tipos de evidencia para demostrar un curso de enfermedad m\u00e1s larga y compleja que la que se present\u00f3 en los informes iniciales de Wuhan. Por su parte, el llamado S\u00edndrome de Covid [&hellip;]<\/p>\n","protected":false},"author":1,"featured_media":452650,"comment_status":"open","ping_status":"closed","sticky":false,"template":"","format":"standard","meta":{"om_disable_all_campaigns":false,"jnews-multi-image_gallery":[],"jnews_single_post":{"source_name":"","source_url":"","via_name":"","via_url":"","override_template":"0","override":[{"template":"1","single_blog_custom":"","parallax":"1","fullscreen":"1","layout":"right-sidebar","sidebar":"default-sidebar","second_sidebar":"default-sidebar","sticky_sidebar":"1","share_position":"top","share_float_style":"share-monocrhome","show_share_counter":"1","show_view_counter":"1","show_featured":"1","show_post_meta":"1","show_post_author":"1","show_post_author_image":"1","show_post_date":"1","post_date_format":"default","post_date_format_custom":"Y\/m\/d","show_post_category":"1","show_post_reading_time":"0","post_reading_time_wpm":"300","show_zoom_button":"0","zoom_button_out_step":"2","zoom_button_in_step":"3","show_post_tag":"1","show_prev_next_post":"1","show_popup_post":"1","number_popup_post":"1","show_author_box":"0","show_post_related":"0","show_inline_post_related":"0"}],"override_image_size":"0","image_override":[{"single_post_thumbnail_size":"crop-500","single_post_gallery_size":"crop-500"}],"trending_post":"0","trending_post_position":"meta","trending_post_label":"Trending","sponsored_post":"0","sponsored_post_label":"Sponsored by","sponsored_post_name":"","sponsored_post_url":"","sponsored_post_logo_enable":"0","sponsored_post_logo":"","sponsored_post_desc":"","disable_ad":"0"},"jnews_primary_category":{"id":"","hide":""},"jnews_social_meta":{"fb_title":"","fb_description":"","fb_image":"","twitter_title":"","twitter_description":"","twitter_image":""},"footnotes":""},"categories":[40],"tags":[],"class_list":["post-452646","post","type-post","status-publish","format-standard","has-post-thumbnail","hentry","category-industria"],"_links":{"self":[{"href":"https:\/\/dimensionturistica.com\/es\/wp-json\/wp\/v2\/posts\/452646","targetHints":{"allow":["GET"]}}],"collection":[{"href":"https:\/\/dimensionturistica.com\/es\/wp-json\/wp\/v2\/posts"}],"about":[{"href":"https:\/\/dimensionturistica.com\/es\/wp-json\/wp\/v2\/types\/post"}],"author":[{"embeddable":true,"href":"https:\/\/dimensionturistica.com\/es\/wp-json\/wp\/v2\/users\/1"}],"replies":[{"embeddable":true,"href":"https:\/\/dimensionturistica.com\/es\/wp-json\/wp\/v2\/comments?post=452646"}],"version-history":[{"count":0,"href":"https:\/\/dimensionturistica.com\/es\/wp-json\/wp\/v2\/posts\/452646\/revisions"}],"wp:featuredmedia":[{"embeddable":true,"href":"https:\/\/dimensionturistica.com\/es\/wp-json\/wp\/v2\/media\/452650"}],"wp:attachment":[{"href":"https:\/\/dimensionturistica.com\/es\/wp-json\/wp\/v2\/media?parent=452646"}],"wp:term":[{"taxonomy":"category","embeddable":true,"href":"https:\/\/dimensionturistica.com\/es\/wp-json\/wp\/v2\/categories?post=452646"},{"taxonomy":"post_tag","embeddable":true,"href":"https:\/\/dimensionturistica.com\/es\/wp-json\/wp\/v2\/tags?post=452646"}],"curies":[{"name":"wp","href":"https:\/\/api.w.org\/{rel}","templated":true}]}}