{"id":452300,"date":"2022-12-25T20:49:50","date_gmt":"2022-12-25T20:49:50","guid":{"rendered":"https:\/\/dimensionturistica.com\/es\/?p=452300"},"modified":"2022-12-25T20:51:30","modified_gmt":"2022-12-25T20:51:30","slug":"creel-y-el-fuerte-reconocidos-dentro-de-los-mejores-pueblos-turisticos-de-2022-de-la-omt","status":"publish","type":"post","link":"https:\/\/dimensionturistica.com\/es\/creel-y-el-fuerte-reconocidos-dentro-de-los-mejores-pueblos-turisticos-de-2022-de-la-omt\/","title":{"rendered":"Creel y El Fuerte, reconocidos dentro de los Mejores Pueblos Tur\u00edsticos de 2022 de la OMT"},"content":{"rendered":"<p>El secretario de Turismo del Gobierno de M\u00e9xico, Miguel Torruco Marqu\u00e9s, dio a conocer que la<img decoding=\"async\" class=\" wp-image-452311 alignright\" src=\"https:\/\/dimensionturistica.com\/es\/wp-content\/uploads\/2022\/12\/El-Fuerte-1-278x300.jpg\" alt=\"\" width=\"203\" height=\"219\" srcset=\"https:\/\/dimensionturistica.com\/es\/wp-content\/uploads\/2022\/12\/El-Fuerte-1-278x300.jpg 278w, https:\/\/dimensionturistica.com\/es\/wp-content\/uploads\/2022\/12\/El-Fuerte-1.jpg 600w\" sizes=\"(max-width: 203px) 100vw, 203px\" \/> Organizaci\u00f3n Mundial del Turismo (OMT) seleccion\u00f3 a los Pueblos M\u00e1gicos de Creel, Chihuahua y El Fuerte, Sinaloa, como parte de los Best Tourism Villages by UNWTO 2022.<br \/>\nEl titular de la Secretar\u00eda de Turismo (Sectur) destac\u00f3 que el secretario general de la OMT, Zurab Pololikashvili, extendi\u00f3 una felicitaci\u00f3n por este logro que reconoce la riqueza natural y cultural de estos dos Pueblos M\u00e1gicos, as\u00ed como su compromiso con la sostenibilidad en sus tres pilares.<br \/>\nAl se\u00f1alar que es la segunda edici\u00f3n de esta iniciativa de la OMT, Torruco Marqu\u00e9s se\u00f1al\u00f3 que Creel y El Fuerte fueron seleccionados de entre m\u00e1s de 130 candidaturas de 57 pa\u00edses, siendo una clara demostraci\u00f3n de sus destacados valores y acciones hacia el turismo rural.<img decoding=\"async\" class=\" wp-image-452305 alignright\" src=\"https:\/\/dimensionturistica.com\/es\/wp-content\/uploads\/2022\/12\/El-Fuerte-3-300x200.jpg\" alt=\"\" width=\"258\" height=\"172\" srcset=\"https:\/\/dimensionturistica.com\/es\/wp-content\/uploads\/2022\/12\/El-Fuerte-3-300x200.jpg 300w, https:\/\/dimensionturistica.com\/es\/wp-content\/uploads\/2022\/12\/El-Fuerte-3.jpg 600w\" sizes=\"(max-width: 258px) 100vw, 258px\" \/><br \/>\n\u201cEstos destinos tur\u00edsticos se consolidan como activos culturales y naturales acreditados; que preservan y promueven los valores, productos y estilos de vida comunitarios que reflejan una clara apuesta por la innovaci\u00f3n, y la sostenibilidad en todos sus aspectos: econ\u00f3mico, social y ambiental\u201d, puntualiz\u00f3.<br \/>\nTorruco Marqu\u00e9s precis\u00f3 que en 2022, un total de 32 pueblos de 18 pa\u00edses de las cinco regiones del mundo recibieron el reconocimiento como Best Tourism Village by UNWTO; los cuales fueron evaluados por un Comit\u00e9 Asesor independiente a partir de un conjunto de criterios que cubren nueve \u00e1reas.<img decoding=\"async\" class=\" wp-image-452304 alignright\" src=\"https:\/\/dimensionturistica.com\/es\/wp-content\/uploads\/2022\/12\/El-Fuerte-2-1-300x200.jpg\" alt=\"\" width=\"273\" height=\"182\" srcset=\"https:\/\/dimensionturistica.com\/es\/wp-content\/uploads\/2022\/12\/El-Fuerte-2-1-300x200.jpg 300w, https:\/\/dimensionturistica.com\/es\/wp-content\/uploads\/2022\/12\/El-Fuerte-2-1.jpg 600w\" sizes=\"(max-width: 273px) 100vw, 273px\" \/><br \/>\nSubray\u00f3 que estas son: Recursos culturales y naturales; promoci\u00f3n y conservaci\u00f3n de los recursos culturales; sostenibilidad econ\u00f3mica; social y ambiental; desarrollo tur\u00edstico e integraci\u00f3n de la cadena de valor; gobernanza y priorizaci\u00f3n del turismo; infraestructura y conectividad; salud y seguridad.<br \/>\nEl titular de Sectur agreg\u00f3 que la dependencia a su cargo trabaj\u00f3 de la mano con los ayuntamientos de Creel y El Fuerte para obtener las postulaciones, y record\u00f3 que en la primera edici\u00f3n de esta iniciativa, celebrada en 2021, los Pueblos M\u00e1gicos de Man\u00ed, Yucat\u00e1n; y Calpulalpam de M\u00e9ndez, Oaxaca, obtuvieron este reconocimiento por parte de la OMT.<br \/>\nEnfatiz\u00f3 que los 132 Pueblos M\u00e1gicos se consolidaron este a\u00f1o, como el nuevo rostro tur\u00edstico de M\u00e9xico,<img decoding=\"async\" class=\" wp-image-452303 alignright\" src=\"https:\/\/dimensionturistica.com\/es\/wp-content\/uploads\/2022\/12\/Creel-3-200x300.jpg\" alt=\"\" width=\"158\" height=\"237\" srcset=\"https:\/\/dimensionturistica.com\/es\/wp-content\/uploads\/2022\/12\/Creel-3-200x300.jpg 200w, https:\/\/dimensionturistica.com\/es\/wp-content\/uploads\/2022\/12\/Creel-3.jpg 600w\" sizes=\"(max-width: 158px) 100vw, 158px\" \/> como parte de la estrategia de la diversificaci\u00f3n de la actividad tur\u00edstica hacia las 235 plazas con vocaci\u00f3n que existen en nuestro pa\u00eds; y en cumplimiento de la premisa del presidente Andr\u00e9s Manuel L\u00f3pez Obrador, de hacer del turismo una herramienta de reconciliaci\u00f3n social, en donde los beneficios permeen hacia toda la poblaci\u00f3n.<br \/>\nTorruco Marqu\u00e9s afirm\u00f3 que como parte de esta estrategia, este a\u00f1o se llev\u00f3 a cabo el Primer Tianguis Internacional de Pueblos M\u00e1gicos en Barcelona, Espa\u00f1a, y en 2023, se celebrar\u00e1 la segunda edici\u00f3n en Los \u00c1ngeles, California.<br \/>\nAdem\u00e1s, con el prop\u00f3sito de fortalecer la infraestructura de estas plazas tur\u00edsticas, se lleva a cabo el programa Rutas M\u00e1gicas de Color, mediante el cual <img decoding=\"async\" class=\"wp-image-452301 alignleft\" src=\"https:\/\/dimensionturistica.com\/es\/wp-content\/uploads\/2022\/12\/Creel-1-300x200.jpg\" alt=\"\" width=\"248\" height=\"165\" srcset=\"https:\/\/dimensionturistica.com\/es\/wp-content\/uploads\/2022\/12\/Creel-1-300x200.jpg 300w, https:\/\/dimensionturistica.com\/es\/wp-content\/uploads\/2022\/12\/Creel-1.jpg 600w\" sizes=\"(max-width: 248px) 100vw, 248px\" \/>se pintan 140 fachadas y se realizan 20 murales, gracias a la colaboraci\u00f3n de Comex y la asociaci\u00f3n Coraz\u00f3n Urbano.<br \/>\nEste a\u00f1o, Sectur tambi\u00e9n lanz\u00f3 el programa Barrios M\u00e1gicos, el cual complementa la oferta tur\u00edstica de M\u00e9xico, al seleccionar de inicio, 32 sitios emblem\u00e1ticos (pol\u00edgonos) en cada estado, que reflejan su esp\u00edritu y la esencia. En noviembre pasado, el Centro Hist\u00f3rico de Chetumal, Quintana Roo, se convirti\u00f3 en el primer destino que obtuvo este nombramiento a nivel nacional.<br \/>\nLa selecci\u00f3n de Creel y El Fuerte como parte de los Mejores Pueblos Tur\u00edsticos 2022 por parte de la OMT, es una muestra de que el trabajo realizado desde Sectur y el Gobierno de M\u00e9xico va por buen camino; y envi\u00f3 su felicitaci\u00f3n a las autoridades y pobladores de estos Pueblos M\u00e1gicos por su esmero para obtener este<img decoding=\"async\" class=\" wp-image-452302 alignright\" src=\"https:\/\/dimensionturistica.com\/es\/wp-content\/uploads\/2022\/12\/Creel-2-300x200.jpg\" alt=\"\" width=\"251\" height=\"167\" srcset=\"https:\/\/dimensionturistica.com\/es\/wp-content\/uploads\/2022\/12\/Creel-2-300x200.jpg 300w, https:\/\/dimensionturistica.com\/es\/wp-content\/uploads\/2022\/12\/Creel-2.jpg 600w\" sizes=\"(max-width: 251px) 100vw, 251px\" \/> logro.<br \/>\nAgradeci\u00f3 al secretario general de la OMT, Zurab Pololikashvili, por la invitaci\u00f3n que extern\u00f3 para acudir a la ceremonia Best Tourism Villages 2022, prevista para los d\u00edas 27 y 28 de febrero de 2023, en AlUla, Arabia Saud\u00ed; en donde tambi\u00e9n est\u00e1n invitados los alcaldes o un representante de cada destino.<br \/>\nPor su parte, Zurab Pololikashvili asegur\u00f3 que la iniciativa Best Tourism Villages contribuye a convertir el turismo en un motor para el desarrollo rural y el bienestar, al tiempo que impulsa el papel del turismo en la valoraci\u00f3n y salvaguarda de los pueblos rurales junto con sus paisajes asociados, sus sistemas de conocimientos, su diversidad biol\u00f3gica y cultural, valores y actividades locales. Asimismo, espera continuar trabajando con el secretario de Turismo, Miguel Torruco Marqu\u00e9s, y con las autoridades de Creel y El Fuerte en este cometido.<\/p>\n<p>&nbsp;<\/p>\n","protected":false},"excerpt":{"rendered":"<p>El secretario de Turismo del Gobierno de M\u00e9xico, Miguel Torruco Marqu\u00e9s, dio a conocer que la Organizaci\u00f3n Mundial del Turismo (OMT) seleccion\u00f3 a los Pueblos M\u00e1gicos de Creel, Chihuahua y El Fuerte, Sinaloa, como parte de los Best Tourism Villages by UNWTO 2022. El titular de la Secretar\u00eda de Turismo (Sectur) destac\u00f3 que el secretario [&hellip;]<\/p>\n","protected":false},"author":1,"featured_media":452315,"comment_status":"open","ping_status":"closed","sticky":false,"template":"","format":"standard","meta":{"om_disable_all_campaigns":true,"jnews-multi-image_gallery":[],"jnews_single_post":{"source_name":"","source_url":"","via_name":"","via_url":"","override_template":"0","override":[{"template":"1","single_blog_custom":"","parallax":"1","fullscreen":"1","layout":"right-sidebar","sidebar":"default-sidebar","second_sidebar":"default-sidebar","sticky_sidebar":"1","share_position":"top","share_float_style":"share-monocrhome","show_share_counter":"1","show_view_counter":"1","show_featured":"1","show_post_meta":"1","show_post_author":"1","show_post_author_image":"1","show_post_date":"1","post_date_format":"default","post_date_format_custom":"Y\/m\/d","show_post_category":"1","show_post_reading_time":"0","post_reading_time_wpm":"300","show_zoom_button":"0","zoom_button_out_step":"2","zoom_button_in_step":"3","show_post_tag":"1","show_prev_next_post":"1","show_popup_post":"1","number_popup_post":"1","show_author_box":"0","show_post_related":"0","show_inline_post_related":"0"}],"override_image_size":"0","image_override":[{"single_post_thumbnail_size":"crop-500","single_post_gallery_size":"crop-500"}],"trending_post":"0","trending_post_position":"meta","trending_post_label":"Trending","sponsored_post":"0","sponsored_post_label":"Sponsored by","sponsored_post_name":"","sponsored_post_url":"","sponsored_post_logo_enable":"0","sponsored_post_logo":"","sponsored_post_desc":"","disable_ad":"0"},"jnews_primary_category":{"id":"","hide":""},"jnews_social_meta":{"fb_title":"","fb_description":"","fb_image":"","twitter_title":"","twitter_description":"","twitter_image":""},"footnotes":""},"categories":[39],"tags":[],"class_list":["post-452300","post","type-post","status-publish","format-standard","has-post-thumbnail","hentry","category-viajes"],"_links":{"self":[{"href":"https:\/\/dimensionturistica.com\/es\/wp-json\/wp\/v2\/posts\/452300","targetHints":{"allow":["GET"]}}],"collection":[{"href":"https:\/\/dimensionturistica.com\/es\/wp-json\/wp\/v2\/posts"}],"about":[{"href":"https:\/\/dimensionturistica.com\/es\/wp-json\/wp\/v2\/types\/post"}],"author":[{"embeddable":true,"href":"https:\/\/dimensionturistica.com\/es\/wp-json\/wp\/v2\/users\/1"}],"replies":[{"embeddable":true,"href":"https:\/\/dimensionturistica.com\/es\/wp-json\/wp\/v2\/comments?post=452300"}],"version-history":[{"count":0,"href":"https:\/\/dimensionturistica.com\/es\/wp-json\/wp\/v2\/posts\/452300\/revisions"}],"wp:featuredmedia":[{"embeddable":true,"href":"https:\/\/dimensionturistica.com\/es\/wp-json\/wp\/v2\/media\/452315"}],"wp:attachment":[{"href":"https:\/\/dimensionturistica.com\/es\/wp-json\/wp\/v2\/media?parent=452300"}],"wp:term":[{"taxonomy":"category","embeddable":true,"href":"https:\/\/dimensionturistica.com\/es\/wp-json\/wp\/v2\/categories?post=452300"},{"taxonomy":"post_tag","embeddable":true,"href":"https:\/\/dimensionturistica.com\/es\/wp-json\/wp\/v2\/tags?post=452300"}],"curies":[{"name":"wp","href":"https:\/\/api.w.org\/{rel}","templated":true}]}}