{"id":452249,"date":"2022-12-25T18:14:17","date_gmt":"2022-12-25T18:14:17","guid":{"rendered":"https:\/\/dimensionturistica.com\/es\/?p=452249"},"modified":"2022-12-25T18:14:17","modified_gmt":"2022-12-25T18:14:17","slug":"la-secretaria-de-turismo-del-estado-de-yucatan-y-viva-aerobus-lanzan-nuevas-rutas-entre-merida-yucatan-y-leon-guanajuato","status":"publish","type":"post","link":"https:\/\/dimensionturistica.com\/es\/la-secretaria-de-turismo-del-estado-de-yucatan-y-viva-aerobus-lanzan-nuevas-rutas-entre-merida-yucatan-y-leon-guanajuato\/","title":{"rendered":"La Secretaria de Turismo del estado de Yucat\u00e1n y Viva Aerobus lanzan nuevas rutas entre M\u00e9rida Yucat\u00e1n y Le\u00f3n Guanajuato"},"content":{"rendered":"<p>Recientemente M\u00e9rida se convirti\u00f3 en la sexta base operativa de Viva y, a la fecha, la aerol\u00ednea ofrece once rutas desde la capital yucateca, siendo l\u00edder en la entidad por esta amplia oferta<br \/>\nEl Aeropuerto Internacional de M\u00e9rida, celebr\u00f3 este d\u00eda el haber alcanzado los 3 millones de pasajeros, dato hist\u00f3rico para la entidad, rompiendo el r\u00e9cord del 2019 con 2.8 millones de viajeros<br \/>\nM\u00e9rida, Yucat\u00e1n a 23 de diciembre de 2022.- Este d\u00eda, Mauricio Vila Dosal y Michelle Fridman Hirsch, Gobernador de Yucat\u00e1n y titular de la Secretar\u00eda de Fomento Tur\u00edstico del Estado, respectivamente, junto con directivos de Viva Aerobus, celebraron el inicio de operaciones de las nuevas rutas desde la capital yucateca a Quer\u00e9taro y Le\u00f3n, mismas que comienzan en un momento clave ante la llegada de la temporada vacacional de fin de a\u00f1o. <img decoding=\"async\" class=\" wp-image-452255 alignright\" src=\"https:\/\/dimensionturistica.com\/es\/wp-content\/uploads\/2022\/12\/f1280x720-330720_462395_5050-300x169.jpg\" alt=\"\" width=\"421\" height=\"237\" srcset=\"https:\/\/dimensionturistica.com\/es\/wp-content\/uploads\/2022\/12\/f1280x720-330720_462395_5050-300x169.jpg 300w, https:\/\/dimensionturistica.com\/es\/wp-content\/uploads\/2022\/12\/f1280x720-330720_462395_5050-1024x576.jpg 1024w, https:\/\/dimensionturistica.com\/es\/wp-content\/uploads\/2022\/12\/f1280x720-330720_462395_5050-768x432.jpg 768w, https:\/\/dimensionturistica.com\/es\/wp-content\/uploads\/2022\/12\/f1280x720-330720_462395_5050-750x422.jpg 750w, https:\/\/dimensionturistica.com\/es\/wp-content\/uploads\/2022\/12\/f1280x720-330720_462395_5050-1140x641.jpg 1140w, https:\/\/dimensionturistica.com\/es\/wp-content\/uploads\/2022\/12\/f1280x720-330720_462395_5050.jpg 1280w\" sizes=\"(max-width: 421px) 100vw, 421px\" \/>M\u00e9rida \u2013 Quer\u00e9taro, servicio que solo ofrece Viva sin escalas, cuenta con dos vuelos a la semana, operados los lunes y viernes. Por su parte, M\u00e9rida \u2013 Le\u00f3n tambi\u00e9n ofrece dos vuelos semanales, uno cada domingo y jueves. Para ambas rutas, los pasajeros podr\u00e1n disfrutar de viajar en la flota m\u00e1s nueva de M\u00e9xico, conformada por 69 aeronaves Airbus con una edad promedio de tan s\u00f3lo 5 a\u00f1os.<br \/>\n\u201cEstamos muy contentos de empezar a ver materializado el hub de Viva Aerob\u00fas con las primeras rutas. Ahora, estamos a\u00fan m\u00e1s conectados con el centro del pa\u00eds\u201d coment\u00f3 Michelle Fridman Hirsch.<br \/>\nLa titular de Sefotur, destac\u00f3 que a estas frecuencias se suman otras dos al Baj\u00edo m\u00e1s la ruta de Quer\u00e9taro, con lo que Yucat\u00e1n ahora estar\u00e1 conectado varios d\u00edas de la semana de manera importante. Vale la pena recordar que hace unas semanas, se hab\u00edan reinaugurado las primeras frecuencias de esta ruta con otra aerol\u00ednea.<br \/>\nEl destacado crecimiento de Viva Aerobus en M\u00e9rida resulta de la reciente designaci\u00f3n del Aeropuerto Internacional Manuel Crescencio Rej\u00f3n como su nueva y sexta base operativa, es decir, ciudad donde pernoctan algunas aeronaves al igual que miembros de la tripulaci\u00f3n. Ello facilita la apertura de rutas y el incremento de vuelos. Al respecto, Viva recuerda que tan solo este a\u00f1o, inaugur\u00f3 cuatro rutas desde la Ciudad Blanca con destino a Camag\u00fcey, Le\u00f3n, Quer\u00e9taro y Toluca.<br \/>\nBajo este compromiso con la conectividad a\u00e9rea de la entidad, Viva se ha posicionado como la l\u00ednea a\u00e9rea con la oferta m\u00e1s amplia en M\u00e9rida con once rutas, volando a Camag\u00fcey, Ciudad de M\u00e9xico (AICM), Guadalajara, La Habana, Le\u00f3n, Monterrey, Quer\u00e9taro, Toluca, Tuxtla Guti\u00e9rrez, Veracruz y Villahermosa.<br \/>\nFruto de esta extensa oferta, la l\u00ednea a\u00e9rea aument\u00f3 en un 49% el n\u00famero de pasajeros desde\/hacia M\u00e9rida en los primeros once meses del a\u00f1o en comparaci\u00f3n con el mismo periodo del 2021, sumando m\u00e1s de un mill\u00f3n de pasajeros este 2022. En este sentido, destaca que Viva ha sido la responsable de transportar a una tercera parte de los tres millones de pasajeros que, hasta la fecha, han transitado en el Aeropuerto de M\u00e9rida este a\u00f1o, cifra r\u00e9cord para esta terminal a\u00e9rea durante el 2022.<br \/>\nVale la pena recordar que, durante el 2019, a un a\u00f1o de haber iniciado la administraci\u00f3n del Gobernador Mauricio Vila Dosal, Yucat\u00e1n alcanz\u00f3 cifras hist\u00f3ricas en el sector Turismo, siendo un a\u00f1o r\u00e9cord para la entidad, teniendo un registro de 2.8 millones de viajeros v\u00eda a\u00e9rea para el Aeropuerto Internacional de la Ciudad de M\u00e9rida.<img decoding=\"async\" class=\" wp-image-452254 alignright\" src=\"https:\/\/dimensionturistica.com\/es\/wp-content\/uploads\/2022\/12\/leon-300x225.jpg\" alt=\"\" width=\"455\" height=\"341\" srcset=\"https:\/\/dimensionturistica.com\/es\/wp-content\/uploads\/2022\/12\/leon-300x225.jpg 300w, https:\/\/dimensionturistica.com\/es\/wp-content\/uploads\/2022\/12\/leon-1024x768.jpg 1024w, https:\/\/dimensionturistica.com\/es\/wp-content\/uploads\/2022\/12\/leon-768x576.jpg 768w, https:\/\/dimensionturistica.com\/es\/wp-content\/uploads\/2022\/12\/leon-750x563.jpg 750w, https:\/\/dimensionturistica.com\/es\/wp-content\/uploads\/2022\/12\/leon-1140x855.jpg 1140w, https:\/\/dimensionturistica.com\/es\/wp-content\/uploads\/2022\/12\/leon.jpg 1280w\" sizes=\"(max-width: 455px) 100vw, 455px\" \/><br \/>\nMichel Fridman detall\u00f3 que \u201cuna mayor conectividad a\u00e9rea siempre suma al posicionamiento de Yucat\u00e1n como un centro promotor del desarrollo regional en el sur de M\u00e9xico. Agradecemos a Viva Aerobus por su confianza en el gran potencial de M\u00e9rida y seguir creciendo en nuestra bella ciudad\u201d.<br \/>\nYucat\u00e1n es un destino que siempre se ha caracterizado por su extensa oferta cultural y gastron\u00f3mica, as\u00ed como arquitect\u00f3nica, sin embargo, en los \u00faltimos a\u00f1os esta se ha incrementado, incorporando productos de turismo comunitario, as\u00ed como de romance, sol y playa, turismo de reuniones y wellness, entre otros, sin embargo, es por sus altos niveles de seguridad, siendo una de las entidades m\u00e1s seguras del pa\u00eds y del continente, m\u00e1s el cari\u00f1o de su gente y la calidad de su infraestructura, los que han robustecido y reforzado los indicadores en cuanto al n\u00famero de visitantes, siendo reconocido como una de las mejores opciones para visitar en 2022 y 2023 por diferentes publicaciones internacionales especializadas.<br \/>\n\u201cSeguimos ampliando nuestra oferta en esta ciudad tan importante para M\u00e9xico, respaldados por la confianza de nuestros clientes y por nuestro compromiso con ofrecer siempre precios bajos. Estamos seguros que M\u00e9rida \u2013 Le\u00f3n y M\u00e9rida \u2013 Quer\u00e9taro contribuir\u00e1n, como todas nuestras rutas, a impulsar el turismo y derrama econ\u00f3mica, sobre todo en esta \u00e9poca del a\u00f1o cuando m\u00e1s personas desean viajar y reunirse con sus seres queridos\u201d, se\u00f1al\u00f3 Walfred Castro, Director de Comunicaci\u00f3n de Viva Aerobus.<br \/>\nLos pasajeros pueden adquirir sus boletos en el sitio oficial de la aerol\u00ednea Viva: https: \/\/www.vivaaerobus.com\/mx, en las Viva Tiendas, en la Viva App o llamando al Call Center (LADA sin costo) 0181 82 150 150<\/p>\n","protected":false},"excerpt":{"rendered":"<p>Recientemente M\u00e9rida se convirti\u00f3 en la sexta base operativa de Viva y, a la fecha, la aerol\u00ednea ofrece once rutas desde la capital yucateca, siendo l\u00edder en la entidad por esta amplia oferta El Aeropuerto Internacional de M\u00e9rida, celebr\u00f3 este d\u00eda el haber alcanzado los 3 millones de pasajeros, dato hist\u00f3rico para la entidad, rompiendo [&hellip;]<\/p>\n","protected":false},"author":1,"featured_media":452256,"comment_status":"open","ping_status":"closed","sticky":false,"template":"","format":"standard","meta":{"om_disable_all_campaigns":false,"jnews-multi-image_gallery":[],"jnews_single_post":{"source_name":"","source_url":"","via_name":"","via_url":"","override_template":"0","override":[{"template":"1","single_blog_custom":"","parallax":"1","fullscreen":"1","layout":"right-sidebar","sidebar":"default-sidebar","second_sidebar":"default-sidebar","sticky_sidebar":"1","share_position":"top","share_float_style":"share-monocrhome","show_share_counter":"1","show_view_counter":"1","show_featured":"1","show_post_meta":"1","show_post_author":"1","show_post_author_image":"1","show_post_date":"1","post_date_format":"default","post_date_format_custom":"Y\/m\/d","show_post_category":"1","show_post_reading_time":"0","post_reading_time_wpm":"300","show_zoom_button":"0","zoom_button_out_step":"2","zoom_button_in_step":"3","show_post_tag":"1","show_prev_next_post":"1","show_popup_post":"1","number_popup_post":"1","show_author_box":"0","show_post_related":"0","show_inline_post_related":"0"}],"override_image_size":"0","image_override":[{"single_post_thumbnail_size":"crop-500","single_post_gallery_size":"crop-500"}],"trending_post":"0","trending_post_position":"meta","trending_post_label":"Trending","sponsored_post":"0","sponsored_post_label":"Sponsored by","sponsored_post_name":"","sponsored_post_url":"","sponsored_post_logo_enable":"0","sponsored_post_logo":"","sponsored_post_desc":"","disable_ad":"0"},"jnews_primary_category":{"id":"","hide":""},"jnews_social_meta":{"fb_title":"","fb_description":"","fb_image":"","twitter_title":"","twitter_description":"","twitter_image":""},"footnotes":""},"categories":[39],"tags":[],"class_list":["post-452249","post","type-post","status-publish","format-standard","has-post-thumbnail","hentry","category-viajes"],"_links":{"self":[{"href":"https:\/\/dimensionturistica.com\/es\/wp-json\/wp\/v2\/posts\/452249","targetHints":{"allow":["GET"]}}],"collection":[{"href":"https:\/\/dimensionturistica.com\/es\/wp-json\/wp\/v2\/posts"}],"about":[{"href":"https:\/\/dimensionturistica.com\/es\/wp-json\/wp\/v2\/types\/post"}],"author":[{"embeddable":true,"href":"https:\/\/dimensionturistica.com\/es\/wp-json\/wp\/v2\/users\/1"}],"replies":[{"embeddable":true,"href":"https:\/\/dimensionturistica.com\/es\/wp-json\/wp\/v2\/comments?post=452249"}],"version-history":[{"count":0,"href":"https:\/\/dimensionturistica.com\/es\/wp-json\/wp\/v2\/posts\/452249\/revisions"}],"wp:featuredmedia":[{"embeddable":true,"href":"https:\/\/dimensionturistica.com\/es\/wp-json\/wp\/v2\/media\/452256"}],"wp:attachment":[{"href":"https:\/\/dimensionturistica.com\/es\/wp-json\/wp\/v2\/media?parent=452249"}],"wp:term":[{"taxonomy":"category","embeddable":true,"href":"https:\/\/dimensionturistica.com\/es\/wp-json\/wp\/v2\/categories?post=452249"},{"taxonomy":"post_tag","embeddable":true,"href":"https:\/\/dimensionturistica.com\/es\/wp-json\/wp\/v2\/tags?post=452249"}],"curies":[{"name":"wp","href":"https:\/\/api.w.org\/{rel}","templated":true}]}}