{"id":451225,"date":"2022-12-23T21:46:32","date_gmt":"2022-12-23T21:46:32","guid":{"rendered":"https:\/\/dimensionturistica.com\/es\/?p=451225"},"modified":"2022-12-23T21:46:32","modified_gmt":"2022-12-23T21:46:32","slug":"el-caribe-mexicano-se-mantuvo-en-2022-como-la-segunda-region-mas-importante-a-nivel-mundial-en-industria-vacacional","status":"publish","type":"post","link":"https:\/\/dimensionturistica.com\/es\/el-caribe-mexicano-se-mantuvo-en-2022-como-la-segunda-region-mas-importante-a-nivel-mundial-en-industria-vacacional\/","title":{"rendered":"El Caribe Mexicano se mantuvo en 2022 como la segunda regi\u00f3n m\u00e1s importante a nivel mundial en industria vacacional"},"content":{"rendered":"<p>La Asociaci\u00f3n de Complejos Vacacionales y Tur\u00edsticos (ACOTUR) calific\u00f3 el 2022 como un exitoso a\u00f1o en el que cumplieron con un ambicioso plan de trabajo y superaron grandes retos que permitieron fortalecer la<img decoding=\"async\" class=\"size-medium wp-image-451206 alignright\" src=\"https:\/\/dimensionturistica.com\/es\/wp-content\/uploads\/2022\/12\/e7a9d743-94ac-4523-8f9e-bc4402ce3d99-300x217.jpg\" alt=\"\" width=\"300\" height=\"217\" srcset=\"https:\/\/dimensionturistica.com\/es\/wp-content\/uploads\/2022\/12\/e7a9d743-94ac-4523-8f9e-bc4402ce3d99-300x217.jpg 300w, https:\/\/dimensionturistica.com\/es\/wp-content\/uploads\/2022\/12\/e7a9d743-94ac-4523-8f9e-bc4402ce3d99-1024x740.jpg 1024w, https:\/\/dimensionturistica.com\/es\/wp-content\/uploads\/2022\/12\/e7a9d743-94ac-4523-8f9e-bc4402ce3d99-768x555.jpg 768w, https:\/\/dimensionturistica.com\/es\/wp-content\/uploads\/2022\/12\/e7a9d743-94ac-4523-8f9e-bc4402ce3d99-1536x1109.jpg 1536w, https:\/\/dimensionturistica.com\/es\/wp-content\/uploads\/2022\/12\/e7a9d743-94ac-4523-8f9e-bc4402ce3d99-120x86.jpg 120w, https:\/\/dimensionturistica.com\/es\/wp-content\/uploads\/2022\/12\/e7a9d743-94ac-4523-8f9e-bc4402ce3d99-750x542.jpg 750w, https:\/\/dimensionturistica.com\/es\/wp-content\/uploads\/2022\/12\/e7a9d743-94ac-4523-8f9e-bc4402ce3d99-1140x823.jpg 1140w, https:\/\/dimensionturistica.com\/es\/wp-content\/uploads\/2022\/12\/e7a9d743-94ac-4523-8f9e-bc4402ce3d99.jpg 1599w\" sizes=\"(max-width: 300px) 100vw, 300px\" \/> unidad del sector y consolidar al Caribe Mexicano como la segunda regi\u00f3n m\u00e1s importante a nivel mundial en la industria vacacional y de tiempo compartido.<br \/>\nLlegaremos a 2023 con m\u00e1s ganas, fuerzas, proyectos y empuje gracias a la invaluable participaci\u00f3n de todos los miembros de la familia ACOTUR para convertirnos en la asociaci\u00f3n m\u00e1s unida y fuerte en el mundo del turismo\u201d, coment\u00f3 Guillermo Muhech, Director Ejecutivo de la agrupaci\u00f3n que re\u00fane a m\u00e1s de 40 asociados, con m\u00e1s de 100 hoteles y 40 mil cuartos en el Sureste Mexicano y el Caribe Internacional.<br \/>\nEn el marco de la cena de fin de a\u00f1o, el dirigente hotelero agradeci\u00f3, en nombre de Alberto Sol\u00eds Mart\u00ednez, Presidente de la asociaci\u00f3n, el esfuerzo y esp\u00edritu participativo de todos los asociados para cumplir con el<img decoding=\"async\" class=\"size-medium wp-image-451214 alignright\" src=\"https:\/\/dimensionturistica.com\/es\/wp-content\/uploads\/2022\/12\/200e1cd1-c5bc-4ee6-bda9-f7cce0404f6c-1-300x220.jpg\" alt=\"\" width=\"300\" height=\"220\" srcset=\"https:\/\/dimensionturistica.com\/es\/wp-content\/uploads\/2022\/12\/200e1cd1-c5bc-4ee6-bda9-f7cce0404f6c-1-300x220.jpg 300w, https:\/\/dimensionturistica.com\/es\/wp-content\/uploads\/2022\/12\/200e1cd1-c5bc-4ee6-bda9-f7cce0404f6c-1-1024x750.jpg 1024w, https:\/\/dimensionturistica.com\/es\/wp-content\/uploads\/2022\/12\/200e1cd1-c5bc-4ee6-bda9-f7cce0404f6c-1-768x562.jpg 768w, https:\/\/dimensionturistica.com\/es\/wp-content\/uploads\/2022\/12\/200e1cd1-c5bc-4ee6-bda9-f7cce0404f6c-1-1536x1125.jpg 1536w, https:\/\/dimensionturistica.com\/es\/wp-content\/uploads\/2022\/12\/200e1cd1-c5bc-4ee6-bda9-f7cce0404f6c-1-750x549.jpg 750w, https:\/\/dimensionturistica.com\/es\/wp-content\/uploads\/2022\/12\/200e1cd1-c5bc-4ee6-bda9-f7cce0404f6c-1-1140x835.jpg 1140w, https:\/\/dimensionturistica.com\/es\/wp-content\/uploads\/2022\/12\/200e1cd1-c5bc-4ee6-bda9-f7cce0404f6c-1.jpg 1599w\" sizes=\"(max-width: 300px) 100vw, 300px\" \/> plan de trabajo m\u00e1s ambicioso de los cuatro a\u00f1os de creaci\u00f3n de ACOTUR en el que lograron romper paradigmas y fortalecer sus alianzas internacionales. \u201cFieles a nuestra esencia privilegiamos la amistad y la convivencia como motores del crecimiento de la industria. Hicimos escuchar nuestra voz y nuestra firme convicci\u00f3n de innovar y unir para fortalecer y crecer\u201d, coment\u00f3.\u201c\u201cGuillermo Muhech destac\u00f3 que como resultado las alianzas que han realizado para colocar a la asociaci\u00f3n en el mapa como protagonista del cambio celebraron por segundo a\u00f1o consecutivo la Conferencia GNEX-ACOTUR, con m\u00e1s de 150 participantes, en las que se llevaron a cabo paneles y foros con l\u00edderes de la industria de M\u00e9xico, Estados Unidos y Canad\u00e1, evento en la que por primera<img decoding=\"async\" class=\"size-medium wp-image-451203 alignright\" src=\"https:\/\/dimensionturistica.com\/es\/wp-content\/uploads\/2022\/12\/7279a871-d7a3-44a9-a9c1-5e937591e377-300x172.jpg\" alt=\"\" width=\"300\" height=\"172\" srcset=\"https:\/\/dimensionturistica.com\/es\/wp-content\/uploads\/2022\/12\/7279a871-d7a3-44a9-a9c1-5e937591e377-300x172.jpg 300w, https:\/\/dimensionturistica.com\/es\/wp-content\/uploads\/2022\/12\/7279a871-d7a3-44a9-a9c1-5e937591e377-1024x586.jpg 1024w, https:\/\/dimensionturistica.com\/es\/wp-content\/uploads\/2022\/12\/7279a871-d7a3-44a9-a9c1-5e937591e377-768x440.jpg 768w, https:\/\/dimensionturistica.com\/es\/wp-content\/uploads\/2022\/12\/7279a871-d7a3-44a9-a9c1-5e937591e377-1536x879.jpg 1536w, https:\/\/dimensionturistica.com\/es\/wp-content\/uploads\/2022\/12\/7279a871-d7a3-44a9-a9c1-5e937591e377-750x429.jpg 750w, https:\/\/dimensionturistica.com\/es\/wp-content\/uploads\/2022\/12\/7279a871-d7a3-44a9-a9c1-5e937591e377-1140x653.jpg 1140w, https:\/\/dimensionturistica.com\/es\/wp-content\/uploads\/2022\/12\/7279a871-d7a3-44a9-a9c1-5e937591e377.jpg 1600w\" sizes=\"(max-width: 300px) 100vw, 300px\" \/> vez se reconoci\u00f3 a las mujeres de la industria.<br \/>\nAnte la presencia de un nutrido grupo de asociados e invitados, el Director Ejecutivo hizo un recuento de las acciones y logros obtenidos por la asociaci\u00f3n a lo largo de este a\u00f1o como la elaboraci\u00f3n de un estudio estad\u00edstico en conjunto con Grupo Expansi\u00f3n para conocer el crecimiento de esta industria y sus retos m\u00e1s importantes en un formato nunca antes visto.<br \/>\nEn una visi\u00f3n compartida por toda la familia ACOTUR, iniciamos la transformaci\u00f3n y profesionalizaci\u00f3n de la industria al inaugurar nuestro diplomado de lealtad vacacional con m\u00e1s de 100 alumnos comprometidos en aprender de nuestros l\u00edderes que han convertido en nuestra regi\u00f3n en la segunda m\u00e1s importante a nivel mundial, s\u00f3lo atr\u00e1s de Estados Unidos\u201d, puntualiz\u00f3. Adem\u00e1s de celebrar el primer torneo de golf Amigos de<img decoding=\"async\" class=\"size-medium wp-image-451205 alignright\" src=\"https:\/\/dimensionturistica.com\/es\/wp-content\/uploads\/2022\/12\/b8969b77-5487-4d73-8418-1754b8b9eac6-300x217.jpg\" alt=\"\" width=\"300\" height=\"217\" srcset=\"https:\/\/dimensionturistica.com\/es\/wp-content\/uploads\/2022\/12\/b8969b77-5487-4d73-8418-1754b8b9eac6-300x217.jpg 300w, https:\/\/dimensionturistica.com\/es\/wp-content\/uploads\/2022\/12\/b8969b77-5487-4d73-8418-1754b8b9eac6-1024x742.jpg 1024w, https:\/\/dimensionturistica.com\/es\/wp-content\/uploads\/2022\/12\/b8969b77-5487-4d73-8418-1754b8b9eac6-768x557.jpg 768w, https:\/\/dimensionturistica.com\/es\/wp-content\/uploads\/2022\/12\/b8969b77-5487-4d73-8418-1754b8b9eac6-1536x1113.jpg 1536w, https:\/\/dimensionturistica.com\/es\/wp-content\/uploads\/2022\/12\/b8969b77-5487-4d73-8418-1754b8b9eac6-120x86.jpg 120w, https:\/\/dimensionturistica.com\/es\/wp-content\/uploads\/2022\/12\/b8969b77-5487-4d73-8418-1754b8b9eac6-750x544.jpg 750w, https:\/\/dimensionturistica.com\/es\/wp-content\/uploads\/2022\/12\/b8969b77-5487-4d73-8418-1754b8b9eac6-1140x826.jpg 1140w, https:\/\/dimensionturistica.com\/es\/wp-content\/uploads\/2022\/12\/b8969b77-5487-4d73-8418-1754b8b9eac6.jpg 1599w\" sizes=\"(max-width: 300px) 100vw, 300px\" \/> ACOTUR y premiar el talento de los mejores colaboradores con la iniciativa TOP ACOTUR, Guillermo Muhech refiri\u00f3 que cada una de las juntas de trabajo y comidas networking cumplieron con su objetivo y fueron un reflejo de la camarader\u00eda y el trabajo en equipo que los distingue de cualquier otra organizaci\u00f3n.<br \/>\nFinalmente, Guillermo Muhech reconoci\u00f3 el compromiso social de todos los miembros de ACOTUR por sumarse en acciones altruistas en beneficio de los ni\u00f1os de Quintana Roo como subastas a favor del Centro de Rehabilitaci\u00f3n e Inclusi\u00f3n Infantil (CRIT) y participar en la cena con causa de fin de a\u00f1o a favor de la Asociaci\u00f3n Mexicana de Ayuda a Ni\u00f1os con C\u00e1ncer (AMANC).<br \/>\nGracias infinitas por la pasi\u00f3n y el compromiso de llegar juntos cada vez m\u00e1s lejos\u201d, concluy\u00f3 en su mensaje el Director Ejecutivo de ACOTUR para luego dar paso a la espectacular cena gourmet estilo mediterr\u00e1neo celebrada en Al Sahar y patrocinada por el Hospital Joya, International Jewelry y Vacation Club Marketing Solutions.<\/p>\n","protected":false},"excerpt":{"rendered":"<p>La Asociaci\u00f3n de Complejos Vacacionales y Tur\u00edsticos (ACOTUR) calific\u00f3 el 2022 como un exitoso a\u00f1o en el que cumplieron con un ambicioso plan de trabajo y superaron grandes retos que permitieron fortalecer la unidad del sector y consolidar al Caribe Mexicano como la segunda regi\u00f3n m\u00e1s importante a nivel mundial en la industria vacacional y [&hellip;]<\/p>\n","protected":false},"author":1,"featured_media":451207,"comment_status":"open","ping_status":"closed","sticky":false,"template":"","format":"standard","meta":{"om_disable_all_campaigns":false,"jnews-multi-image_gallery":[],"jnews_single_post":{"source_name":"","source_url":"","via_name":"","via_url":"","override_template":"0","override":[{"template":"1","single_blog_custom":"","parallax":"1","fullscreen":"1","layout":"right-sidebar","sidebar":"default-sidebar","second_sidebar":"default-sidebar","sticky_sidebar":"1","share_position":"top","share_float_style":"share-monocrhome","show_share_counter":"1","show_view_counter":"1","show_featured":"1","show_post_meta":"1","show_post_author":"1","show_post_author_image":"1","show_post_date":"1","post_date_format":"default","post_date_format_custom":"Y\/m\/d","show_post_category":"1","show_post_reading_time":"0","post_reading_time_wpm":"300","show_zoom_button":"0","zoom_button_out_step":"2","zoom_button_in_step":"3","show_post_tag":"1","show_prev_next_post":"1","show_popup_post":"1","number_popup_post":"1","show_author_box":"0","show_post_related":"0","show_inline_post_related":"0"}],"override_image_size":"0","image_override":[{"single_post_thumbnail_size":"crop-500","single_post_gallery_size":"crop-500"}],"trending_post":"0","trending_post_position":"meta","trending_post_label":"Trending","sponsored_post":"0","sponsored_post_label":"Sponsored by","sponsored_post_name":"","sponsored_post_url":"","sponsored_post_logo_enable":"0","sponsored_post_logo":"","sponsored_post_desc":"","disable_ad":"0"},"jnews_primary_category":{"id":"","hide":""},"jnews_social_meta":{"fb_title":"","fb_description":"","fb_image":"","twitter_title":"","twitter_description":"","twitter_image":""},"footnotes":""},"categories":[39],"tags":[],"class_list":["post-451225","post","type-post","status-publish","format-standard","has-post-thumbnail","hentry","category-viajes"],"_links":{"self":[{"href":"https:\/\/dimensionturistica.com\/es\/wp-json\/wp\/v2\/posts\/451225","targetHints":{"allow":["GET"]}}],"collection":[{"href":"https:\/\/dimensionturistica.com\/es\/wp-json\/wp\/v2\/posts"}],"about":[{"href":"https:\/\/dimensionturistica.com\/es\/wp-json\/wp\/v2\/types\/post"}],"author":[{"embeddable":true,"href":"https:\/\/dimensionturistica.com\/es\/wp-json\/wp\/v2\/users\/1"}],"replies":[{"embeddable":true,"href":"https:\/\/dimensionturistica.com\/es\/wp-json\/wp\/v2\/comments?post=451225"}],"version-history":[{"count":0,"href":"https:\/\/dimensionturistica.com\/es\/wp-json\/wp\/v2\/posts\/451225\/revisions"}],"wp:featuredmedia":[{"embeddable":true,"href":"https:\/\/dimensionturistica.com\/es\/wp-json\/wp\/v2\/media\/451207"}],"wp:attachment":[{"href":"https:\/\/dimensionturistica.com\/es\/wp-json\/wp\/v2\/media?parent=451225"}],"wp:term":[{"taxonomy":"category","embeddable":true,"href":"https:\/\/dimensionturistica.com\/es\/wp-json\/wp\/v2\/categories?post=451225"},{"taxonomy":"post_tag","embeddable":true,"href":"https:\/\/dimensionturistica.com\/es\/wp-json\/wp\/v2\/tags?post=451225"}],"curies":[{"name":"wp","href":"https:\/\/api.w.org\/{rel}","templated":true}]}}