{"id":450835,"date":"2022-12-23T15:04:04","date_gmt":"2022-12-23T15:04:04","guid":{"rendered":"https:\/\/dimensionturistica.com\/es\/?p=450835"},"modified":"2022-12-23T15:04:04","modified_gmt":"2022-12-23T15:04:04","slug":"tag-arirlines-tendra-destacada-participacion-durante-en-la-proxima-participacion-en-la-feria-de-fitur","status":"publish","type":"post","link":"https:\/\/dimensionturistica.com\/es\/tag-arirlines-tendra-destacada-participacion-durante-en-la-proxima-participacion-en-la-feria-de-fitur\/","title":{"rendered":"Tag Arirlines tendr\u00e1 destacada participaci\u00f3n durante en la pr\u00f3xima participaci\u00f3n en la Feria de Fitur"},"content":{"rendered":"<p>TagAirlines, la aerol\u00ednea bandera de Guatemala y del Mundo Maya, firm\u00f3 un convenio de cooperaci\u00f3n con el Instituto Guatemalteco de Turismo (INGUAT), que permitir\u00e1 sumar esfuerzos para promover los destinos<img decoding=\"async\" class=\"size-medium wp-image-450849 alignright\" src=\"https:\/\/dimensionturistica.com\/es\/wp-content\/uploads\/2022\/12\/unnamed-1-14-300x200.jpg\" alt=\"\" width=\"300\" height=\"200\" srcset=\"https:\/\/dimensionturistica.com\/es\/wp-content\/uploads\/2022\/12\/unnamed-1-14-300x200.jpg 300w, https:\/\/dimensionturistica.com\/es\/wp-content\/uploads\/2022\/12\/unnamed-1-14-1024x682.jpg 1024w, https:\/\/dimensionturistica.com\/es\/wp-content\/uploads\/2022\/12\/unnamed-1-14-768x512.jpg 768w, https:\/\/dimensionturistica.com\/es\/wp-content\/uploads\/2022\/12\/unnamed-1-14-750x500.jpg 750w, https:\/\/dimensionturistica.com\/es\/wp-content\/uploads\/2022\/12\/unnamed-1-14-1140x760.jpg 1140w, https:\/\/dimensionturistica.com\/es\/wp-content\/uploads\/2022\/12\/unnamed-1-14.jpg 1280w\" sizes=\"(max-width: 300px) 100vw, 300px\" \/>tur\u00edsticos del pa\u00eds en la Feria Internacional de Turismo de Madrid (FITUR 2023), que se realizar\u00e1 del 18 al 22 de enero en la capital espa\u00f1ola. Cabe destacar que Guatemala es pa\u00eds invitado especial en esta feria, considerada una de las vitrinas m\u00e1s importantes para el turismo a nivel global.<br \/>\nLa firma estuvo a cargo de Anayanzi Rodr\u00edguez, Directora General del INGUAT, y con la representaci\u00f3n de Julio Gamero, CEO de TagAirlines, particip\u00f3 Francisco Pahul, Director de Relaciones Interinstitucionales de Gobierno y de Industria de TagAirlines, quienes destacaron que la presencia de Guatemala en la FITUR permitir\u00e1 mostrar al mundo las riquezas de la cultura Maya, bajo la marca \u201cGuatemala asombrosa e imparable\u201d.<br \/>\nLa Rep\u00fablica de Guatemala tendr\u00e1 una importante presencia en la FITUR 2023, con un vistozo stand que ser\u00e1 instalado en el Centro de Exposiciones IFEMA, de la ciudad de Madrid, en el que se expondr\u00e1n los principales atractivos de la naci\u00f3n, entre los que destacan la emblem\u00e1tica zona arqueol\u00f3gica de Tikal, la ciudad colonial de Antigua, el lago Atitl\u00e1n, el volc\u00e1n Pacaya y Quetzaltenango, as\u00ed como su gastronom\u00eda \u00fanica y sus expresiones artesanales.<br \/>\nFITUR es el foro li\u00b4der y punto de encuentro para los profesionales del turismo a nivel global, y ofrece una ventana de oportunidad \u00fanica para el desarrollo de los negocios en la industria de viajes y turismo.<br \/>\nFrancisco Pahul, Director de Relaciones Interinstitucionales de Gobierno y de Industria de TagAirlines, asegur\u00f3 que la destacada presencia de Guatemala en la FITUR es un logro sin precedente, y dijo que la aerol\u00ednea cree firmemente que el \u00e9xito est\u00e1 en el trabajo conjunto entre el sector p\u00fablico y el privado.<img decoding=\"async\" class=\"alignleft size-medium wp-image-450845\" src=\"https:\/\/dimensionturistica.com\/es\/wp-content\/uploads\/2022\/12\/unnamed-29-300x214.jpg\" alt=\"\" width=\"300\" height=\"214\" srcset=\"https:\/\/dimensionturistica.com\/es\/wp-content\/uploads\/2022\/12\/unnamed-29-300x214.jpg 300w, https:\/\/dimensionturistica.com\/es\/wp-content\/uploads\/2022\/12\/unnamed-29-1024x731.jpg 1024w, https:\/\/dimensionturistica.com\/es\/wp-content\/uploads\/2022\/12\/unnamed-29-768x548.jpg 768w, https:\/\/dimensionturistica.com\/es\/wp-content\/uploads\/2022\/12\/unnamed-29-120x86.jpg 120w, https:\/\/dimensionturistica.com\/es\/wp-content\/uploads\/2022\/12\/unnamed-29-350x250.jpg 350w, https:\/\/dimensionturistica.com\/es\/wp-content\/uploads\/2022\/12\/unnamed-29-750x536.jpg 750w, https:\/\/dimensionturistica.com\/es\/wp-content\/uploads\/2022\/12\/unnamed-29-1140x814.jpg 1140w, https:\/\/dimensionturistica.com\/es\/wp-content\/uploads\/2022\/12\/unnamed-29.jpg 1280w\" sizes=\"(max-width: 300px) 100vw, 300px\" \/><br \/>\nPor su parte, Julio Gamero, CEO de TagAirlines, adelant\u00f3 que en la ciudad de Madrid sostendra\u00b4 reuniones con autoridades de Turismo, tour operadores, socios comerciales estrat\u00e9gicos y representantes de aeroli\u00b4neas internacionales. Destaco\u00b4 que los atractivos del Mundo Maya gozan de gran prestigio entre los viajeros internacionales, por lo que TagAirlines apuesta por fortalecer la conectividad ae\u00b4rea entre los principales destinos turi\u00b4sticos de la regio\u00b4n, al ofrecer una opci\u00f3n multidestino \u00fanica en el Mundo Maya.<br \/>\nEn su nueva era, TagAirlines ofrece 47 vuelos diarios en cinco pa\u00edses (Guatemala, El Salvador, Honduras, Belice y M\u00e9xico), con una moderna flota comercial de 12 aeronaves, que permite una conectividad que tanto necesitaba el Mundo Maya para impulsar una opci\u00f3n multidestino en la regi\u00f3n.<\/p>\n","protected":false},"excerpt":{"rendered":"<p>TagAirlines, la aerol\u00ednea bandera de Guatemala y del Mundo Maya, firm\u00f3 un convenio de cooperaci\u00f3n con el Instituto Guatemalteco de Turismo (INGUAT), que permitir\u00e1 sumar esfuerzos para promover los destinostur\u00edsticos del pa\u00eds en la Feria Internacional de Turismo de Madrid (FITUR 2023), que se realizar\u00e1 del 18 al 22 de enero en la capital espa\u00f1ola. [&hellip;]<\/p>\n","protected":false},"author":1,"featured_media":450850,"comment_status":"open","ping_status":"closed","sticky":false,"template":"","format":"standard","meta":{"om_disable_all_campaigns":false,"jnews-multi-image_gallery":[],"jnews_single_post":{"source_name":"","source_url":"","via_name":"","via_url":"","override_template":"0","override":[{"template":"1","single_blog_custom":"","parallax":"1","fullscreen":"1","layout":"right-sidebar","sidebar":"default-sidebar","second_sidebar":"default-sidebar","sticky_sidebar":"1","share_position":"top","share_float_style":"share-monocrhome","show_share_counter":"1","show_view_counter":"1","show_featured":"1","show_post_meta":"1","show_post_author":"1","show_post_author_image":"1","show_post_date":"1","post_date_format":"default","post_date_format_custom":"Y\/m\/d","show_post_category":"1","show_post_reading_time":"0","post_reading_time_wpm":"300","show_zoom_button":"0","zoom_button_out_step":"2","zoom_button_in_step":"3","show_post_tag":"1","show_prev_next_post":"1","show_popup_post":"1","number_popup_post":"1","show_author_box":"0","show_post_related":"0","show_inline_post_related":"0"}],"override_image_size":"0","image_override":[{"single_post_thumbnail_size":"crop-500","single_post_gallery_size":"crop-500"}],"trending_post":"0","trending_post_position":"meta","trending_post_label":"Trending","sponsored_post":"0","sponsored_post_label":"Sponsored by","sponsored_post_name":"","sponsored_post_url":"","sponsored_post_logo_enable":"0","sponsored_post_logo":"","sponsored_post_desc":"","disable_ad":"0"},"jnews_primary_category":{"id":"","hide":""},"jnews_social_meta":{"fb_title":"","fb_description":"","fb_image":"","twitter_title":"","twitter_description":"","twitter_image":""},"footnotes":""},"categories":[39],"tags":[],"class_list":["post-450835","post","type-post","status-publish","format-standard","has-post-thumbnail","hentry","category-viajes"],"_links":{"self":[{"href":"https:\/\/dimensionturistica.com\/es\/wp-json\/wp\/v2\/posts\/450835","targetHints":{"allow":["GET"]}}],"collection":[{"href":"https:\/\/dimensionturistica.com\/es\/wp-json\/wp\/v2\/posts"}],"about":[{"href":"https:\/\/dimensionturistica.com\/es\/wp-json\/wp\/v2\/types\/post"}],"author":[{"embeddable":true,"href":"https:\/\/dimensionturistica.com\/es\/wp-json\/wp\/v2\/users\/1"}],"replies":[{"embeddable":true,"href":"https:\/\/dimensionturistica.com\/es\/wp-json\/wp\/v2\/comments?post=450835"}],"version-history":[{"count":0,"href":"https:\/\/dimensionturistica.com\/es\/wp-json\/wp\/v2\/posts\/450835\/revisions"}],"wp:featuredmedia":[{"embeddable":true,"href":"https:\/\/dimensionturistica.com\/es\/wp-json\/wp\/v2\/media\/450850"}],"wp:attachment":[{"href":"https:\/\/dimensionturistica.com\/es\/wp-json\/wp\/v2\/media?parent=450835"}],"wp:term":[{"taxonomy":"category","embeddable":true,"href":"https:\/\/dimensionturistica.com\/es\/wp-json\/wp\/v2\/categories?post=450835"},{"taxonomy":"post_tag","embeddable":true,"href":"https:\/\/dimensionturistica.com\/es\/wp-json\/wp\/v2\/tags?post=450835"}],"curies":[{"name":"wp","href":"https:\/\/api.w.org\/{rel}","templated":true}]}}