{"id":449796,"date":"2022-12-22T14:21:38","date_gmt":"2022-12-22T14:21:38","guid":{"rendered":"https:\/\/dimensionturistica.com\/es\/?p=449796"},"modified":"2022-12-22T14:21:38","modified_gmt":"2022-12-22T14:21:38","slug":"gran-nevada-provoca-la-apertura-anticipada-de-13-destinos-de-nieve","status":"publish","type":"post","link":"https:\/\/dimensionturistica.com\/es\/gran-nevada-provoca-la-apertura-anticipada-de-13-destinos-de-nieve\/","title":{"rendered":"Gran nevada provoca la apertura anticipada de 13 destinos de nieve"},"content":{"rendered":"<p>Gracias a las recientes tormentas, a las bajas temperaturas, al duro trabajo de los equipos de operaciones de monta\u00f1a, la tecnolog\u00eda y la innovaci\u00f3n en todos los destinos de Norteam\u00e9rica, los usuarios del Ikon Pass<img decoding=\"async\" class=\"size-medium wp-image-449816 alignright\" src=\"https:\/\/dimensionturistica.com\/es\/wp-content\/uploads\/2022\/12\/big-bear-see-26680070-300x146.jpg\" alt=\"\" width=\"300\" height=\"146\" srcset=\"https:\/\/dimensionturistica.com\/es\/wp-content\/uploads\/2022\/12\/big-bear-see-26680070-300x146.jpg 300w, https:\/\/dimensionturistica.com\/es\/wp-content\/uploads\/2022\/12\/big-bear-see-26680070-1024x498.jpg 1024w, https:\/\/dimensionturistica.com\/es\/wp-content\/uploads\/2022\/12\/big-bear-see-26680070-768x373.jpg 768w, https:\/\/dimensionturistica.com\/es\/wp-content\/uploads\/2022\/12\/big-bear-see-26680070-1536x747.jpg 1536w, https:\/\/dimensionturistica.com\/es\/wp-content\/uploads\/2022\/12\/big-bear-see-26680070-750x365.jpg 750w, https:\/\/dimensionturistica.com\/es\/wp-content\/uploads\/2022\/12\/big-bear-see-26680070-1140x554.jpg 1140w, https:\/\/dimensionturistica.com\/es\/wp-content\/uploads\/2022\/12\/big-bear-see-26680070.jpg 1600w\" sizes=\"(max-width: 300px) 100vw, 300px\" \/> pueden disfrutar de aperturas anticipadas en 13 destinos de California, Colorado, Utah, Washington, Idaho y Canad\u00e1, ofreciendo a los esquiadores y riders d\u00edas extra en las pistas.<br \/>\nColorado<br \/>\nWinter Park Resort<br \/>\nWinter Park Resort tuvo su apertura m\u00e1s temprana durante Halloween, el lunes 31 de octubre. Los lifts ya operan de las 9 a las 16 horas de lunes a viernes, y a partir de las 8:30 horas los fines de semana.<br \/>\nArapahoe Basin<br \/>\nLa temporada de esqu\u00ed y paseos m\u00e1s larga de Colorado comenz\u00f3 oficialmente el 23 de octubre en A-Basin. El destino est\u00e1 totalmente abierto para la temporada, operando los siete d\u00edas de la semana.<br \/>\nEldora<br \/>\nEldora abri\u00f3 el pasado viernes 11 de noviembre, iniciando la temporada de su 60\u00ba aniversario una semana antes de lo previsto. Hay una pista abierta, la Hornblower-to-International, abastecida el telef\u00e9rico de<img decoding=\"async\" class=\"size-medium wp-image-449815 alignright\" src=\"https:\/\/dimensionturistica.com\/es\/wp-content\/uploads\/2022\/12\/th-1-35-300x168.jpeg\" alt=\"\" width=\"300\" height=\"168\" srcset=\"https:\/\/dimensionturistica.com\/es\/wp-content\/uploads\/2022\/12\/th-1-35-300x168.jpeg 300w, https:\/\/dimensionturistica.com\/es\/wp-content\/uploads\/2022\/12\/th-1-35.jpeg 474w\" sizes=\"(max-width: 300px) 100vw, 300px\" \/> Alpenglow para seis personas, y un peque\u00f1o parque est\u00e1 abierto en la zona de la base.<br \/>\nAspen Snowmass<br \/>\nLas recientes nevadas arrojaron m\u00e1s de un metro de nieve, lo que permitir\u00e1 que Aspen Mountain y Snowmass inicie sus operaciones el 19 de noviembre, una semana antes de lo previsto.<br \/>\nCalifornia<br \/>\nMammoth Mountaain<br \/>\nTras la apertura anticipada del 5 de noviembre, Mammoth ha recibido hasta 70&#8243; de nieve fresca en las \u00faltimas 72 horas, lo que permite esquiar y montar en 11 lifts y dos telecabinas. Con las incre\u00edbles condiciones de principios de temporada, los propietarios del Ikon pass tendr\u00e1n a\u00fan m\u00e1s opciones para el fin de semana.<br \/>\nBig Bear Mountain Resort<br \/>\nEl d\u00eda de apertura de Bear Mountain y Snow Summit fue el pasado 12 de noviembre, con los lifts girando<img decoding=\"async\" class=\"size-medium wp-image-449814 alignright\" src=\"https:\/\/dimensionturistica.com\/es\/wp-content\/uploads\/2022\/12\/th-2-19-300x199.jpeg\" alt=\"\" width=\"300\" height=\"199\" srcset=\"https:\/\/dimensionturistica.com\/es\/wp-content\/uploads\/2022\/12\/th-2-19-300x199.jpeg 300w, https:\/\/dimensionturistica.com\/es\/wp-content\/uploads\/2022\/12\/th-2-19.jpeg 474w\" sizes=\"(max-width: 300px) 100vw, 300px\" \/> desde las 8:30 hasta las 16:00 horas. Ambas monta\u00f1as estar\u00e1n abiertas para los usuarios de Ikon pass y sus invitados. Snow Summit estar\u00e1 abierta todos los d\u00edas y Bear Mountain abrir\u00e1 de viernes a domingo hasta nuevo aviso.<br \/>\nPalisades Tahoe<br \/>\nPalisades Tahoe iniciar\u00e1 la temporada de invierno el 18 de noviembre, despu\u00e9s de recibir m\u00e1s de un metro de nieve, incluyendo 39&#8243; en las \u00faltimas 72 horas. Con el anuncio de apertura de las nuevas g\u00f3ndolas de Palisades Tahoe que conectar\u00e1 las dos \u00e1reas base de Palisades Tahoe y Alpine Meadows.<br \/>\nUtah<br \/>\nSolitude Mountain<br \/>\nSolitude Mountain Resort tuvo su apertura m\u00e1s temprana desde 2013 despu\u00e9s de recibir 79&#8243; de nieve, lo que permiti\u00f3 que los ascensores comenzaran a girar para los titulares de Ikon Pass el 10 de noviembre, y<img decoding=\"async\" class=\"size-medium wp-image-449813 alignright\" src=\"https:\/\/dimensionturistica.com\/es\/wp-content\/uploads\/2022\/12\/th-58-300x199.jpeg\" alt=\"\" width=\"300\" height=\"199\" srcset=\"https:\/\/dimensionturistica.com\/es\/wp-content\/uploads\/2022\/12\/th-58-300x199.jpeg 300w, https:\/\/dimensionturistica.com\/es\/wp-content\/uploads\/2022\/12\/th-58.jpeg 474w\" sizes=\"(max-width: 300px) 100vw, 300px\" \/> para todos los visitantes en general el 11 de noviembre. Los militares y veteranos tambi\u00e9n esqu\u00edan gratis el D\u00eda de los Veterano. Solitude ha recibido 92&#8243; hasta el 11 de noviembre.<br \/>\nBrighton<br \/>\nBrighton abri\u00f3 el pasado 11 de noviembre, con tres g\u00f3ndolas en funcionamiento y la posibilidad de esquiar sin costo los militares en activo y veteranos. La monta\u00f1a ha recibido 60&#8243; de nieve desde el 22 de octubre, incluyendo 31&#8243; en las primeras 72 horas.<br \/>\nShowbird<br \/>\nLa monta\u00f1a recibi\u00f3 m\u00e1s de 32&#8243; de nieve, construyendo una base de 67&#8243;, adelantando el d\u00eda de apertura de Snowbird dos semanas.<br \/>\nWashington<br \/>\nCrystal Mountain<br \/>\nCrystal Mountain iniciar\u00e1 la temporada de su 60\u00ba aniversario el 18 de noviembre y ser\u00e1 el primer destino del noroeste del Pac\u00edfico en abrir (despu\u00e9s de ser el \u00faltimo en cerrar la temporada pasada). Las bajas temperaturas han permitido a los equipos de innovaci\u00f3n hacer su magia para que Discovery Chair, Quicksilver y Chinook Express puedan operar de las 9 de la ma\u00f1ana de lunes a viernes y desde las 8:30 el s\u00e1bado y el domingo.<\/p>\n<p>Idado<br \/>\nSchweitzer<img decoding=\"async\" class=\"size-medium wp-image-449812 alignright\" src=\"https:\/\/dimensionturistica.com\/es\/wp-content\/uploads\/2022\/12\/top-5-reasons-to-visit-aspen-snowmass_n148074-39220-1_l-300x200.jpg\" alt=\"\" width=\"300\" height=\"200\" srcset=\"https:\/\/dimensionturistica.com\/es\/wp-content\/uploads\/2022\/12\/top-5-reasons-to-visit-aspen-snowmass_n148074-39220-1_l-300x200.jpg 300w, https:\/\/dimensionturistica.com\/es\/wp-content\/uploads\/2022\/12\/top-5-reasons-to-visit-aspen-snowmass_n148074-39220-1_l-768x512.jpg 768w, https:\/\/dimensionturistica.com\/es\/wp-content\/uploads\/2022\/12\/top-5-reasons-to-visit-aspen-snowmass_n148074-39220-1_l-750x500.jpg 750w, https:\/\/dimensionturistica.com\/es\/wp-content\/uploads\/2022\/12\/top-5-reasons-to-visit-aspen-snowmass_n148074-39220-1_l.jpg 900w\" sizes=\"(max-width: 300px) 100vw, 300px\" \/><br \/>\nCon un metro de nieve cayendo sobre las monta\u00f1as, Schweitzer ofrece a los esquiadores un fin de semana extra abriendo los d\u00edas 19 y 20 de noviembre. La \u00faltima vez que la monta\u00f1a abri\u00f3 antes de la fecha prevista fue durante la temporada 2017\/18.<br \/>\nCanada<br \/>\nSkibig3<br \/>\nLa temporada de invierno 22\/23 est\u00e1 en marcha en Banff Sunshine Village, Lake Louise Ski Resort y Mt Norquay. Los lifts comenzaron a girar en Banff Sunshine Village y en la estaci\u00f3n de esqu\u00ed de Lake Louise el 3 y el 4 de noviembre, respectivamente. El Monte Norquay abri\u00f3 el pasado jueves 10 de noviembre, con una excelente cobertura de nieve gracias a las intensas nevadas de principios de temporada de las \u00faltimas tres semanas.<br \/>\nEl Ikon Pass ya est\u00e1 a la venta en www.ikonpass.com. Para conocer todas las fechas de apertura, consulte aqu\u00ed o el sitio web de cada destino. Para m\u00e1s informaci\u00f3n sobre Ikon Pass, visite www.ikonpass.com.<\/p>\n","protected":false},"excerpt":{"rendered":"<p>Gracias a las recientes tormentas, a las bajas temperaturas, al duro trabajo de los equipos de operaciones de monta\u00f1a, la tecnolog\u00eda y la innovaci\u00f3n en todos los destinos de Norteam\u00e9rica, los usuarios del Ikon Pass pueden disfrutar de aperturas anticipadas en 13 destinos de California, Colorado, Utah, Washington, Idaho y Canad\u00e1, ofreciendo a los esquiadores [&hellip;]<\/p>\n","protected":false},"author":1,"featured_media":449820,"comment_status":"open","ping_status":"closed","sticky":false,"template":"","format":"standard","meta":{"om_disable_all_campaigns":false,"jnews-multi-image_gallery":[],"jnews_single_post":{"source_name":"","source_url":"","via_name":"","via_url":"","override_template":"0","override":[{"template":"1","single_blog_custom":"","parallax":"1","fullscreen":"1","layout":"right-sidebar","sidebar":"default-sidebar","second_sidebar":"default-sidebar","sticky_sidebar":"1","share_position":"top","share_float_style":"share-monocrhome","show_share_counter":"1","show_view_counter":"1","show_featured":"1","show_post_meta":"1","show_post_author":"1","show_post_author_image":"1","show_post_date":"1","post_date_format":"default","post_date_format_custom":"Y\/m\/d","show_post_category":"1","show_post_reading_time":"0","post_reading_time_wpm":"300","show_zoom_button":"0","zoom_button_out_step":"2","zoom_button_in_step":"3","show_post_tag":"1","show_prev_next_post":"1","show_popup_post":"1","number_popup_post":"1","show_author_box":"0","show_post_related":"0","show_inline_post_related":"0"}],"override_image_size":"0","image_override":[{"single_post_thumbnail_size":"crop-500","single_post_gallery_size":"crop-500"}],"trending_post":"0","trending_post_position":"meta","trending_post_label":"Trending","sponsored_post":"0","sponsored_post_label":"Sponsored by","sponsored_post_name":"","sponsored_post_url":"","sponsored_post_logo_enable":"0","sponsored_post_logo":"","sponsored_post_desc":"","disable_ad":"0"},"jnews_primary_category":{"id":"","hide":""},"jnews_social_meta":{"fb_title":"","fb_description":"","fb_image":"","twitter_title":"","twitter_description":"","twitter_image":""},"footnotes":""},"categories":[39],"tags":[],"class_list":["post-449796","post","type-post","status-publish","format-standard","has-post-thumbnail","hentry","category-viajes"],"_links":{"self":[{"href":"https:\/\/dimensionturistica.com\/es\/wp-json\/wp\/v2\/posts\/449796","targetHints":{"allow":["GET"]}}],"collection":[{"href":"https:\/\/dimensionturistica.com\/es\/wp-json\/wp\/v2\/posts"}],"about":[{"href":"https:\/\/dimensionturistica.com\/es\/wp-json\/wp\/v2\/types\/post"}],"author":[{"embeddable":true,"href":"https:\/\/dimensionturistica.com\/es\/wp-json\/wp\/v2\/users\/1"}],"replies":[{"embeddable":true,"href":"https:\/\/dimensionturistica.com\/es\/wp-json\/wp\/v2\/comments?post=449796"}],"version-history":[{"count":0,"href":"https:\/\/dimensionturistica.com\/es\/wp-json\/wp\/v2\/posts\/449796\/revisions"}],"wp:featuredmedia":[{"embeddable":true,"href":"https:\/\/dimensionturistica.com\/es\/wp-json\/wp\/v2\/media\/449820"}],"wp:attachment":[{"href":"https:\/\/dimensionturistica.com\/es\/wp-json\/wp\/v2\/media?parent=449796"}],"wp:term":[{"taxonomy":"category","embeddable":true,"href":"https:\/\/dimensionturistica.com\/es\/wp-json\/wp\/v2\/categories?post=449796"},{"taxonomy":"post_tag","embeddable":true,"href":"https:\/\/dimensionturistica.com\/es\/wp-json\/wp\/v2\/tags?post=449796"}],"curies":[{"name":"wp","href":"https:\/\/api.w.org\/{rel}","templated":true}]}}