{"id":449521,"date":"2022-12-22T05:21:47","date_gmt":"2022-12-22T05:21:47","guid":{"rendered":"https:\/\/dimensionturistica.com\/es\/?p=449521"},"modified":"2022-12-22T05:21:47","modified_gmt":"2022-12-22T05:21:47","slug":"las-demandas-del-turismo-en-alicante-sin-tasa-cooperacion-publica-y-atraer-visitas-con-dotaciones","status":"publish","type":"post","link":"https:\/\/dimensionturistica.com\/es\/las-demandas-del-turismo-en-alicante-sin-tasa-cooperacion-publica-y-atraer-visitas-con-dotaciones\/","title":{"rendered":"Las demandas del turismo en Alicante (sin tasa): cooperaci\u00f3n p\u00fablica y atraer visitas con dotaciones"},"content":{"rendered":"<p> <br \/>\n<\/p>\n<div>\n                                                    <span class=\"noticia__fecha\"><br \/>\n                        22\/12\/2022\u00a0&#8211;\u00a0<br \/>\n                    <\/span><\/p>\n<div class=\"html-content\">\n<p>ALICANTE. Los representantes del sector tur\u00edstico de Alicante aprovecharon este mi\u00e9rcoles la celebraci\u00f3n de la II Gala del Turismo organizada por el Patronato Municipal para poner sobre la mesa sus principales demandas con el prop\u00f3sito de mejorar resultados y multiplicar la llegada de visitantes. Esas demandas quedaron canalizadas a trav\u00e9s del debate &#8216;Perspectivas Tur\u00edsticas Alicante 2023&#8217; concertado con la participaci\u00f3n de la directora basic de Hosbec Alicante, <strong>Victoria Puche<\/strong>; el presidente de la Asociaci\u00f3n de Hoteles de la Provincia de Alicante (APHA),<strong>\u00a0Luis Castillo<\/strong>; y la responsable de Turismo de la C\u00e1mara de Comercio, <strong>Carmen Dom\u00e9nech<\/strong>, quienes coincidieron en se\u00f1alar las principales paradas del camino a seguir para exprimir las posibilidades de Alicante como destino tur\u00edstico y remontar posiciones tras la disaster de la pandemia del coronavirus.\u00a0<\/p>\n<p>En primer t\u00e9rmino, los tres coincidieron en la inoportunidad -sino directamente en el rechazo- de la implantaci\u00f3n de una tasa tur\u00edstica, despu\u00e9s de que, este lunes, quedase oficializada su aprobaci\u00f3n con su publicaci\u00f3n en el Diario Oficial de la Generalitat (DOGV) que conllevar\u00e1 que los ayuntamientos decidan si pretenden implantarla a partir de diciembre de 2023.\u00a0<\/p>\n<p>Lo cierto es que ese mensaje de inconveniencia o repulsa ya lo hab\u00edan apuntado con car\u00e1cter previo tanto el alcalde, <strong>Luis Barcala<\/strong>, como la vicealcaldesa y edil de Turismo, <strong>Mari Carmen S\u00e1nchez<\/strong>, en intervenciones previas ante los medios de comunicaci\u00f3n, en las que reiteraron que Alicante no aplicar\u00eda esa tasa al considerar que conllevar\u00eda un impacto negativo para el sector. Tambi\u00e9n coincidi\u00f3 con esa apreciaci\u00f3n el secretario auton\u00f3mico de Turisme, <strong>Francesc Colomer<\/strong>, en sinton\u00eda con la posici\u00f3n que ha venido manteniendo desde el inicio de su tramitaci\u00f3n.\u00a0<\/p>\n<p>As\u00ed que Dom\u00e9nech, Castillo y Puche solo hicieron que subrayar el descontento que esa tasa genera entre los operadores tur\u00edsticos. Dom\u00e9nech manifest\u00f3 el apoyo de la C\u00e1mara al sector &#8220;despu\u00e9s de que no se haya podido parar su aprobaci\u00f3n&#8221;. Castillo insisti\u00f3 en que, como m\u00ednimo, deb\u00eda aplazarse el debate sobre su implantaci\u00f3n para abordarla a partir de 2024 o 2025 &#8220;porque venimos de dos a\u00f1os muy duros de pandemia&#8221; y &#8220;necesitamos volver a trabajar con tranquilidad&#8221;. Y Puche subray\u00f3 que su aplicaci\u00f3n supondr\u00e1 una desventaja respecto a otros destinos competitivos que no la aplican, como Murcia o Andaluc\u00eda. Adem\u00e1s, alert\u00f3 del efecto que ya est\u00e1 provocando su aprobaci\u00f3n en el mercado brit\u00e1nico, a partir de las publicaciones aparecidas en prensa que, seg\u00fan previno, tendr\u00e1n un efecto disuasorio.\u00a0<\/p>\n<p>Adem\u00e1s, se\u00f1al\u00f3 que el turismo ya genera 3.900 millones en impuestos y supone el 16% del empleo y un 15,5% del PIB de la Comunitat por lo que &#8220;ya aportamos y no entendemos por qu\u00e9 se nos debe penalizar m\u00e1s&#8221; con una tasa de entre 0,50 y 2 euros que, seg\u00fan dijo, en todo caso &#8220;permitir\u00eda recaudar entre 40 y 50 millones&#8221;. As\u00ed, apunt\u00f3 que Hosbec estar\u00eda plante\u00e1ndose la impugnaci\u00f3n de la ley que le da cobertura.<\/p>\n<p>En segundo t\u00e9rmino, los tres coincidieron en la necesidad de seguir atrayendo eventos, como la Ocean Race o la gala de los Soles Repsol, por ejemplo, que permita desestacionalizar la llegada de visitantes m\u00e1s all\u00e1 de la campa\u00f1a de verano. &#8220;Lo que necesitamos es que ese tipo de pruebas y eventos se celebren entre enero y abril o en noviembre&#8221;, apunt\u00f3 Castillo, quien, adem\u00e1s, volvi\u00f3 a citar la importancia de la captaci\u00f3n de congresos (<a rel=\"nofollow noopener\" target=\"_blank\" href=\"https:\/\/alicanteplaza.es\/patronal-hoteles-alicante-defiende-su-autonomia-y-reclama-mas-servicios\">como ya hizo en su primer discurso tras resultar elegido presidente<\/a>), puesto que sus asistentes son prescriptores del destino que vuelven a la ciudad con posterioridad. Dom\u00e9nech abund\u00f3 en que ese tipo de citas, entre las que enumer\u00f3 Alicante Gastron\u00f3mica, as\u00ed como la oferta cultural resultan claves como elemento de diferenciaci\u00f3n del destino.<\/p>\n<h4>Infraestructuras y conexiones<\/h4>\n<p>Por su parte, Puche incidi\u00f3 en que &#8220;el sol y playa se vende solo&#8221; por lo que consider\u00f3 clave la captaci\u00f3n de ventos, pero tambi\u00e9n el desarrollo de infraestructuras que permitan albergarlas como instalaciones deportivas que permitan albergarlas o el ansiado centro de congresos, que la Diputaci\u00f3n y el Ayuntamiento de Alicante pretenden activar con la convocatoria del concurso para la selecci\u00f3n de su dise\u00f1o.<\/p>\n<\/div>\n<article data-url=\"https:\/\/news.google.com\/diputacion-y-alicante-licitar-centro-de-congresos\" class=\"media noticia  normal con-fondo-gris \" id=\"nb16714677339924370\">\n<div class=\"img\">\n            <a rel=\"nofollow noopener\" target=\"_blank\" href=\"https:\/\/news.google.com\/diputacion-y-alicante-licitar-centro-de-congresos\"><img decoding=\"async\" src=\"https:\/\/news.google.com\/public\/Image\/2022\/12\/centro-congresos_Multimedia-regular.jpg\" class=\"image\" alt=\"Foto: RAFA MOLINA\" width=\"374\" height=\"202\"\/><br \/>\n<\/a><\/p>\n<p>Foto: RAFA MOLINA<\/p>\n<\/p><\/div>\n<div class=\"bd\">\n<p>\n                <span class=\"noticia__categoria\">CONTACTOS PARA CONVOCAR EL CONCURSO ANTES DE 2023<\/span>\n            <\/p>\n<\/p><\/div>\n<\/article>\n<div class=\"html-content\">\n<p>Adem\u00e1s, entre esas infraestructuras imprescindibles volvieron a citar la conexi\u00f3n con tren con el aeropuerto de Alicante-Elche, &#8220;que es nuestro principal motor y est\u00e1 a 8 kil\u00f3metros de la ciudad&#8221;, enfatiz\u00f3 Castillo. &#8220;Alicante es la \u00fanica gran ciudad de Europa que tiene una actividad tur\u00edstica con una aeropuerto con m\u00e1s de 6 millones de desplazamientos que no est\u00e1 conectada por tren con esa puerta de entrada&#8221;, insisti\u00f3, por lo que emplaz\u00f3 a los partidos del Bot\u00e0nic a reivindicar su ejecuci\u00f3n y a pelear por la llegada de los 14 millones de los 170 de fondos europeos asignados a la Comunitat para proyectos de sostenibilidad tur\u00edstica, despu\u00e9s de que el director basic de Turismo, <strong>Herick Campos<\/strong> (tambi\u00e9n se refiri\u00f3 a ello, despu\u00e9s, Colomer), detallase que se hab\u00eda asignado a Alicante 4,5 millones en el Plan de Sostenibilidad Tur\u00edstica Ordinario y otros 2,4 en el Plan Territorial Extraordinario, financiado al 100% con aportaciones de la UE.<\/p>\n<p>De igual modo, en el plano de las infraestructuras, tanto Castillo como Puche se refirieron al cambio de parada del AVE entre Alicante y Madrid para se\u00f1alar que no solo se deber\u00eda reivindicar la recuperaci\u00f3n de la parada de Atocha, sino que se deber\u00eda luchar para que se estableciesen las de Atocha y Chamart\u00edn, puesto que la conexi\u00f3n con Alicante es la m\u00e1s utilizada de toda la purple ferroviaria.<\/p>\n<p>Al tiempo, los tres subrayaron la urgencia de que se intensifique la colaboraci\u00f3n p\u00fablico-privada para potenciar estrategias de captaci\u00f3n de visitantes, tanto en el \u00e1mbito de la promoci\u00f3n tur\u00edstica como en la celebraci\u00f3n y captaci\u00f3n de eventos y congresos, o en la misma gesti\u00f3n de instalaciones y edificios. De hecho, pusieron como ejemplo de los resultados de esa cooperaci\u00f3n el servicio de dinamizaci\u00f3n tur\u00edstica puesto en marcha en el Castillo de Santa B\u00e1rbara desde enero de este a\u00f1o tras la concesi\u00f3n de su gesti\u00f3n a Esatur.<\/p>\n<\/div>\n<figure class=\"block-image\">\n            <img decoding=\"async\" src=\"https:\/\/news.google.com\/public\/Image\/2022\/12\/Premiosturismo_09_NoticiaAmpliada.jpg\" class=\"image\" alt=\"\" width=\"768\" height=\"512\"\/><\/p>\n<\/figure>\n<div class=\"html-content\">\n<p>De igual modo, se refirieron a la puesta en marcha de los bonos gastron\u00f3micos o de los bonos al consumo como otra f\u00f3rmula de colaboraci\u00f3n p\u00fablico-privada que ha generado un impacto positivo &#8220;al conllevar movimiento en la econom\u00eda&#8221;, seg\u00fan a\u00f1adi\u00f3 Castillo. En esa l\u00ednea, tambi\u00e9n se refirieron al bono viatgem, que confiaron en que &#8220;haya llegado para quedarse despu\u00e9s de su primer impulso tras la pandemia&#8221; al haber resultado determinante tambi\u00e9n &#8220;para que nosotros mismos, los habitantes de la Comunitat conozcamos nuestra oferta tur\u00edstica&#8221;, seg\u00fan recalc\u00f3 Dom\u00e9nech. Al respecto, el secretario auton\u00f3mico de Turismo subray\u00f3 en el discurso de clausura de la gala que en poco menos de un d\u00eda, se hab\u00eda registrado m\u00e1s de 185.000 peticiones de cita previa para obtener el bono.<\/p>\n<p>Y, para terminar, ofrecieron un pron\u00f3stico esperanzador sobre la evoluci\u00f3n de 2023 siempre que se siga fomentando la colaboraci\u00f3n p\u00fablico-privada &#8220;para mejorar lo que haya que mejorar&#8221; en aspectos como las instalaciones de la terminal de cruceros, seg\u00fan cit\u00f3 Puche. Castillo se\u00f1al\u00f3, adem\u00e1s, que todo parece indicar que el mejor s\u00edntoma de la recuperaci\u00f3n tras la pandemia y de que Alicante sigue siendo &#8220;una ciudad y una provincia a la que todo el mundo quiere venir&#8221; el hecho de que el aeropuerto de Alicante-Elche haya alcanzado ya los 13 millones de viajeros este a\u00f1o.<\/p>\n<h4>La experiencia de Madrid<\/h4>\n<p>Antes del desarrollo del debate, la gala cont\u00f3 con la participaci\u00f3n del responsable de Madrid Conference Bureau, David Noak, quien ofreci\u00f3 la ponencia &#8216;El ejemplo de Madrid Conference Bureau&#8217; y explic\u00f3 el trabajo desarrollado en la capital para potenciar la captaci\u00f3n de congresos y haber conseguido que Madrid fuese nombrado mejor destino tur\u00edstico de reuniones en el World&#8217;s Lading Assembly &amp; Convention Vacation spot 2022. A grandes rasgos, se\u00f1al\u00f3 que una de las claves que hab\u00eda contribuido a potenciar la captaci\u00f3n de ese tipo de eventos hab\u00eda sido la organizaci\u00f3n de <em>famtrips<\/em>, m\u00e1s que la salida al exterior con acciones promocionales, ya que con la invitaci\u00f3n de delegaciones de otros pa\u00edses se hab\u00eda conseguido dar a conocer la experiencia y las sensaciones de visitar Madrid.<\/p>\n<p>Adem\u00e1s, apunt\u00f3 que Madrid se hab\u00eda integrado en la purple <em>Greatest Cities<\/em> para potenciar el trabajo colaborativo con otras ciudades tur\u00edsticas del mundo, con lo que pod\u00eda compartir experiencias y compartir o coordinar candidaturas para la celebraci\u00f3n de congresos. Y, de igual modo, incidi\u00f3 en que se hab\u00eda buscado que esas reuniones generasen un &#8220;legado&#8221; en la ciudad, de forma que tuviesen una repercusi\u00f3n m\u00e1s all\u00e1 del desarrollo de la cita, con iniciativas enmarcadas en la solidaridad, en la protecci\u00f3n del medio ambiente o el desarrollo de determinada actividad econ\u00f3mica relacionada con el tema de una reuni\u00f3n profesional en concreto.\u00a0<\/p>\n<h4>La entrega de premios<\/h4>\n<p>Por \u00faltimo, la II Gala del Turismo de Alicante concluy\u00f3 con la entrega de distinciones a ocho personas, empresas y entidades por su impulso al sector en la ciudad y el nombramiento como embajadores tur\u00edsticos de la ciudad al rapero <strong>Arkano<\/strong> y la actriz <strong>Vanesa Romero<\/strong>.\u00a0<\/p>\n<p>Los premiados fueron:<\/p>\n<p>-Premio Proyecto de Inclusi\u00f3n y Accesibilidad Tur\u00edstica. A la asociaci\u00f3n APSA por la elaboraci\u00f3n de la gu\u00eda tur\u00edstica y folletos de lectura &#8216;Alicante F\u00e1cil&#8217;.<\/p>\n<p>&#8211; Premio Compromiso Tur\u00edstico con el Destino. Al Lodge Eurostars P\u00f3rtico Alicante, cinco estrellas abierto al p\u00fablico el pasado agosto tras la rehabilitaci\u00f3n de un edificio hist\u00f3rico en la plaza del Ayuntamiento.<\/p>\n<p>-Premio Mejor Proyecto de Sostenibilidad Tur\u00edstica. A la regata Ocean Race, que saldr\u00e1 de Alicante el pr\u00f3ximo 15 de enero, por su firme apuesta por la sostenibilidad y su compromiso con la defensa del medio ambiente marino.<\/p>\n<p>&#8211; Premio Mejor Evento de Turismo N\u00e1utico Deportivo. A &#8216;Alicante SUP Open APP Tour&#8217;, competici\u00f3n internacional de paddle surf que reuni\u00f3 a los mejores de este deporte en la ciudad a principios de diciembre al tiempo que promueve la pr\u00e1ctica de ni\u00f1os y amateurs.<\/p>\n<p>&#8211; Premio Mejor Proyecto de Turismo Musical. A la Plaza en Vivo, por sus ciclos de conciertos en verano que traen a Alicante a artistas de primer nivel.<\/p>\n<\/div>\n<figure class=\"block-image\">\n            <img decoding=\"async\" src=\"https:\/\/news.google.com\/public\/Image\/2022\/12\/Premiosturismo_92_NoticiaAmpliada.jpg\" class=\"image\" alt=\"\" width=\"768\" height=\"512\"\/><\/p>\n<\/figure>\n<div class=\"html-content\">\n<p>-Premio Mejor Proyecto Gastron\u00f3mico Tur\u00edstico. Al Grupo Gastroportal, que engloba a El Portal y Restaurante Manero, por su apuesta por la calidad gastron\u00f3mica y su concepto de ofrecer una experiencia \u00fanica al visitante. Tras diez a\u00f1os de trayectoria cuenta con cinco locales, uno de ellos en Madrid.<\/p>\n<p>-Premio Especial. Al centenario del Mercado Central de Alicante. El Mercado Central no s\u00f3lo es un espacio para la compra y la alimentaci\u00f3n, sino que supone todo un emblema hist\u00f3rico, cultural y social para la ciudad de Alicante y alrededores, as\u00ed como visita obligada para los turistas.<\/p>\n<p>-Premio Mejor Proyecto Destino Tur\u00edstico Inteligente. Al proyecto tur\u00edstico medioambiental en Tabarca emprendido por Aguas de Alicante. &#8216;iOn Island&#8217; recopila datos e informaci\u00f3n en tiempo actual sobre ocupaci\u00f3n, visitantes, ba\u00f1istas y embarcaciones en la isla de Tabarca.<\/p>\n<h4>Apertura y clausura<\/h4>\n<p>El encargado de inaugurar la Gala de Turismo fue el alcalde, Luis Barcala, quien destac\u00f3 que &#8220;Alicante est\u00e1 a reventar d\u00eda tras d\u00eda como se est\u00e1 pudiendo comprobar, en esa apuesta por la desestacionalizaci\u00f3n y por el hecho de que es un destino tur\u00edstico los 365 d\u00edas del a\u00f1o, como demuestra la entrega de estos premios en la transici\u00f3n entre el oto\u00f1o y el invierno&#8221;. Adem\u00e1s, resalt\u00f3 la &#8220;fortaleza, la resistencia y la capacidad de adaptaci\u00f3n y superaci\u00f3n de nuestro principal motor econ\u00f3mico&#8221; y calific\u00f3 2022 como el a\u00f1o &#8220;de la recuperaci\u00f3n tras momentos muy complicados&#8221; gracias a &#8220;la profesionalidad y el buen hacer del sector tur\u00edstico&#8221;.<\/p>\n<p>Al tiempo, durante su intervenci\u00f3n, la vicealcaldesa y edil de Turismo, <strong>Mari Carmen S\u00e1nchez<\/strong>, afirm\u00f3 que &#8220;gracias a proyectos como los que han llevado a cabo los galardonados Alicante se posiciona entre los mejores destinos tur\u00edsticos&#8221;. &#8220;Su trabajo ayuda de manera decisiva a que Alicante sea un destino m\u00e1s accesible, sostenible, diversificado y un referente en la gastronom\u00eda a nivel nacional&#8221;, se\u00f1al\u00f3.<\/p>\n<p>Por \u00faltimo, el secretario auton\u00f3mico de Turisme, Francesc Colomer, se\u00f1al\u00f3 que estos premios &#8220;identifican el talento, la creatividad, el sacrificio y los grandes valores que han hecho posible levantar la industria tur\u00edstica en la ciudad de Alicante&#8221;. Adem\u00e1s, remarc\u00f3 la &#8220;gran vocaci\u00f3n tur\u00edstica de Alicante&#8221;, que apuesta por &#8220;un futuro muy ligado a este sector, que es el que nos va a reportar siempre felicidad&#8221;. En esta l\u00ednea, record\u00f3 las &#8220;fuertes alianzas&#8221; que se han impulsado conjuntamente desde Turisme Comunitat Valenciana y Alicante, como &#8220;un convenio de colaboraci\u00f3n reforzado que nos permite abordar muchas acciones&#8221;.<\/p>\n<\/div><\/div>\n\n<p><em> &#8221; Fuentes news.google.com &#8221; <\/em><\/p>\n","protected":false},"excerpt":{"rendered":"<p>22\/12\/2022\u00a0&#8211;\u00a0 ALICANTE. Los representantes del sector tur\u00edstico de Alicante aprovecharon este mi\u00e9rcoles la celebraci\u00f3n de la II Gala del Turismo organizada por el Patronato Municipal para poner sobre la mesa sus principales demandas con el prop\u00f3sito de mejorar resultados y multiplicar la llegada de visitantes. Esas demandas quedaron canalizadas a trav\u00e9s del debate &#8216;Perspectivas Tur\u00edsticas [&hellip;]<\/p>\n","protected":false},"author":4,"featured_media":449522,"comment_status":"open","ping_status":"closed","sticky":false,"template":"","format":"standard","meta":{"om_disable_all_campaigns":false,"jnews-multi-image_gallery":[],"jnews_single_post":[],"jnews_primary_category":[],"jnews_social_meta":[],"footnotes":""},"categories":[39],"tags":[6178,544],"class_list":["post-449521","post","type-post","status-publish","format-standard","has-post-thumbnail","hentry","category-viajes","tag-alicante","tag-turismo"],"_links":{"self":[{"href":"https:\/\/dimensionturistica.com\/es\/wp-json\/wp\/v2\/posts\/449521","targetHints":{"allow":["GET"]}}],"collection":[{"href":"https:\/\/dimensionturistica.com\/es\/wp-json\/wp\/v2\/posts"}],"about":[{"href":"https:\/\/dimensionturistica.com\/es\/wp-json\/wp\/v2\/types\/post"}],"author":[{"embeddable":true,"href":"https:\/\/dimensionturistica.com\/es\/wp-json\/wp\/v2\/users\/4"}],"replies":[{"embeddable":true,"href":"https:\/\/dimensionturistica.com\/es\/wp-json\/wp\/v2\/comments?post=449521"}],"version-history":[{"count":0,"href":"https:\/\/dimensionturistica.com\/es\/wp-json\/wp\/v2\/posts\/449521\/revisions"}],"wp:featuredmedia":[{"embeddable":true,"href":"https:\/\/dimensionturistica.com\/es\/wp-json\/wp\/v2\/media\/449522"}],"wp:attachment":[{"href":"https:\/\/dimensionturistica.com\/es\/wp-json\/wp\/v2\/media?parent=449521"}],"wp:term":[{"taxonomy":"category","embeddable":true,"href":"https:\/\/dimensionturistica.com\/es\/wp-json\/wp\/v2\/categories?post=449521"},{"taxonomy":"post_tag","embeddable":true,"href":"https:\/\/dimensionturistica.com\/es\/wp-json\/wp\/v2\/tags?post=449521"}],"curies":[{"name":"wp","href":"https:\/\/api.w.org\/{rel}","templated":true}]}}