{"id":449506,"date":"2022-12-22T04:18:20","date_gmt":"2022-12-22T04:18:20","guid":{"rendered":"https:\/\/dimensionturistica.com\/es\/?p=449506"},"modified":"2022-12-22T04:18:21","modified_gmt":"2022-12-22T04:18:21","slug":"crucero-natgeo-resolution-recalo-en-natales","status":"publish","type":"post","link":"https:\/\/dimensionturistica.com\/es\/crucero-natgeo-resolution-recalo-en-natales\/","title":{"rendered":"Crucero \u201cNatGeo Resolution\u201d recal\u00f3 en Natales"},"content":{"rendered":"<p> <br \/>\n<\/p>\n<div>\n    <!-- Incluir libreria justo antes de <\/head> --><\/p>\n<p class=\"parao_u10dc4\"><span class=\"charo_u6b\" id=\"txsr_a:1:{s:4:&quot;trak&quot;;s:4:&quot;D_20&quot;;}\">La<br \/>\n nave, de 125 metros de eslora, atrac\u00f3 a las 22 horas del viernes 16 de<br \/>\ndiciembre con 124 pasajeros a bordo, gran parte de los cuales desembarc\u00f3<br \/>\n siguiendo los protocolos sanitarios establecidos por las autoridades.<\/span><\/p>\n<p class=\"parao_u10dc4\"><span class=\"charo_u6b\" id=\"txsr_a:1:{s:4:&quot;trak&quot;;s:4:&quot;D_20&quot;;}\">Durante<br \/>\n la jornada del s\u00e1bado el supervisor common del Terminal Natales de<br \/>\nEpaustral, \u00d3scar Olate, hizo entrega de una placa conmemorativa al<br \/>\ncapit\u00e1n Mart\u00edn Graser.<\/span><\/p>\n<p class=\"parao_u10dc4\"><span class=\"charo_u6b\" id=\"txsr_a:1:{s:4:&quot;trak&quot;;s:4:&quot;D_20&quot;;}\">La nave zarp\u00f3 a las 5.35 horas del domingo 18 de diciembre.<\/span><\/p>\n<\/div>\n<p>\n    <strong>Ping\u00fcino Multimedia<\/strong> entrega este espacio a su p\u00fablico para la expresi\u00f3n private de opiniones y<br \/>\n    comentarios, apelando al respeto entre los usuarios y deslig\u00e1ndose por completo del contenido de los comentarios<br \/>\n    emitidos.\n<\/p>\n<p><script type=\"5bcba9a4783f53de2426e0e9-text\/javascript\">\n    (function(d, s, id) {\n        var js, fjs = d.getElementsByTagName(s)[0];\n        if (d.getElementById(id)) return;\n        js = d.createElement(s);\n        js.id = id;\n        js.src = \"\/\/connect.facebook.net\/es_LA\/all.js#xfbml=1&appId=326707310733016\";\n        fjs.parentNode.insertBefore(js, fjs);\n    }(document, 'script', 'facebook-jssdk'));\n    <\/script><script async defer crossorigin=\"anonymous\" src=\"https:\/\/connect.facebook.net\/es_LA\/sdk.js#xfbml=1&#038;version=v7.0&#038;appId=2981943065256750&#038;autoLogAppEvents=1\" nonce=\"WHAxAL2H\" type=\"5bcba9a4783f53de2426e0e9-text\/javascript\"><\/script><br \/>\n<br \/><\/p>\n<p><em> &#8221; Fuentes news.google.com &#8221; <\/em><\/p>\n","protected":false},"excerpt":{"rendered":"<p>La nave, de 125 metros de eslora, atrac\u00f3 a las 22 horas del viernes 16 de diciembre con 124 pasajeros a bordo, gran parte de los cuales desembarc\u00f3 siguiendo los protocolos sanitarios establecidos por las autoridades. Durante la jornada del s\u00e1bado el supervisor common del Terminal Natales de Epaustral, \u00d3scar Olate, hizo entrega de una [&hellip;]<\/p>\n","protected":false},"author":4,"featured_media":449507,"comment_status":"open","ping_status":"closed","sticky":false,"template":"","format":"standard","meta":{"om_disable_all_campaigns":false,"jnews-multi-image_gallery":[],"jnews_single_post":[],"jnews_primary_category":[],"jnews_social_meta":[],"footnotes":""},"categories":[41],"tags":[1280],"class_list":["post-449506","post","type-post","status-publish","format-standard","has-post-thumbnail","hentry","category-cruceros","tag-crucero"],"_links":{"self":[{"href":"https:\/\/dimensionturistica.com\/es\/wp-json\/wp\/v2\/posts\/449506","targetHints":{"allow":["GET"]}}],"collection":[{"href":"https:\/\/dimensionturistica.com\/es\/wp-json\/wp\/v2\/posts"}],"about":[{"href":"https:\/\/dimensionturistica.com\/es\/wp-json\/wp\/v2\/types\/post"}],"author":[{"embeddable":true,"href":"https:\/\/dimensionturistica.com\/es\/wp-json\/wp\/v2\/users\/4"}],"replies":[{"embeddable":true,"href":"https:\/\/dimensionturistica.com\/es\/wp-json\/wp\/v2\/comments?post=449506"}],"version-history":[{"count":0,"href":"https:\/\/dimensionturistica.com\/es\/wp-json\/wp\/v2\/posts\/449506\/revisions"}],"wp:featuredmedia":[{"embeddable":true,"href":"https:\/\/dimensionturistica.com\/es\/wp-json\/wp\/v2\/media\/449507"}],"wp:attachment":[{"href":"https:\/\/dimensionturistica.com\/es\/wp-json\/wp\/v2\/media?parent=449506"}],"wp:term":[{"taxonomy":"category","embeddable":true,"href":"https:\/\/dimensionturistica.com\/es\/wp-json\/wp\/v2\/categories?post=449506"},{"taxonomy":"post_tag","embeddable":true,"href":"https:\/\/dimensionturistica.com\/es\/wp-json\/wp\/v2\/tags?post=449506"}],"curies":[{"name":"wp","href":"https:\/\/api.w.org\/{rel}","templated":true}]}}