{"id":449398,"date":"2022-12-22T01:01:18","date_gmt":"2022-12-22T01:01:18","guid":{"rendered":"https:\/\/dimensionturistica.com\/es\/?p=449398"},"modified":"2022-12-22T01:01:18","modified_gmt":"2022-12-22T01:01:18","slug":"se-realiza-apertura-del-centro-turistico-islas-marias-como-un-espacio-de-naturaleza-cultura-y-libertad","status":"publish","type":"post","link":"https:\/\/dimensionturistica.com\/es\/se-realiza-apertura-del-centro-turistico-islas-marias-como-un-espacio-de-naturaleza-cultura-y-libertad\/","title":{"rendered":"Se realiza apertura del Centro Tur\u00edstico Islas Mar\u00edas, como un espacio de naturaleza, cultura y libertad"},"content":{"rendered":"<p>En su intervenci\u00f3n, el Presidente de M\u00e9xico afirm\u00f3 que se cumpli\u00f3 con el compromiso de cerrar esta c\u00e1rcel<img decoding=\"async\" class=\"size-medium wp-image-449402 alignright\" src=\"https:\/\/dimensionturistica.com\/es\/wp-content\/uploads\/2022\/12\/Apertura-del-Centro-Turistico-Islas-Marias-5-300x200.jpg\" alt=\"\" width=\"300\" height=\"200\" srcset=\"https:\/\/dimensionturistica.com\/es\/wp-content\/uploads\/2022\/12\/Apertura-del-Centro-Turistico-Islas-Marias-5-300x200.jpg 300w, https:\/\/dimensionturistica.com\/es\/wp-content\/uploads\/2022\/12\/Apertura-del-Centro-Turistico-Islas-Marias-5-768x511.jpg 768w, https:\/\/dimensionturistica.com\/es\/wp-content\/uploads\/2022\/12\/Apertura-del-Centro-Turistico-Islas-Marias-5-750x499.jpg 750w, https:\/\/dimensionturistica.com\/es\/wp-content\/uploads\/2022\/12\/Apertura-del-Centro-Turistico-Islas-Marias-5.jpg 976w\" sizes=\"(max-width: 300px) 100vw, 300px\" \/> y convertir las Islas Mar\u00edas en un centro para la recreaci\u00f3n, la protecci\u00f3n del medio ambiente y la cultura.<br \/>\n\u201cVenimos ya a iniciar el proceso de visitas que van a poder llevar a cabo los ciudadanos. Se arreglaron casas, se mejor\u00f3 la infraestructura, ya se tiene una buena administraci\u00f3n a cargo de la Secretar\u00eda de Marina, ya se cuenta con el Gobernador de las Islas Mar\u00edas\u201d, expres\u00f3.<br \/>\nAdem\u00e1s indic\u00f3 que se adquirieron dos barcos modernos y c\u00f3modos; se cuenta con uno m\u00e1s que se mejor\u00f3 en los Astilleros de la Secretar\u00eda de Marina; igualmente se tiene pensado que puedan hacerse viajes de Mazatl\u00e1n, Sinaloa y de San Blas, Nayarit.<img decoding=\"async\" class=\"size-medium wp-image-449401 alignright\" src=\"https:\/\/dimensionturistica.com\/es\/wp-content\/uploads\/2022\/12\/Apertura-del-Centro-Turistico-Islas-Marias-8-300x198.jpg\" alt=\"\" width=\"300\" height=\"198\" srcset=\"https:\/\/dimensionturistica.com\/es\/wp-content\/uploads\/2022\/12\/Apertura-del-Centro-Turistico-Islas-Marias-8-300x198.jpg 300w, https:\/\/dimensionturistica.com\/es\/wp-content\/uploads\/2022\/12\/Apertura-del-Centro-Turistico-Islas-Marias-8-1024x675.jpg 1024w, https:\/\/dimensionturistica.com\/es\/wp-content\/uploads\/2022\/12\/Apertura-del-Centro-Turistico-Islas-Marias-8-768x506.jpg 768w, https:\/\/dimensionturistica.com\/es\/wp-content\/uploads\/2022\/12\/Apertura-del-Centro-Turistico-Islas-Marias-8-1536x1012.jpg 1536w, https:\/\/dimensionturistica.com\/es\/wp-content\/uploads\/2022\/12\/Apertura-del-Centro-Turistico-Islas-Marias-8-750x494.jpg 750w, https:\/\/dimensionturistica.com\/es\/wp-content\/uploads\/2022\/12\/Apertura-del-Centro-Turistico-Islas-Marias-8-1140x751.jpg 1140w, https:\/\/dimensionturistica.com\/es\/wp-content\/uploads\/2022\/12\/Apertura-del-Centro-Turistico-Islas-Marias-8.jpg 1600w\" sizes=\"(max-width: 300px) 100vw, 300px\" \/><br \/>\nPor su parte, el Secretario de Marina asegur\u00f3 que \u201cquienes deseen visitar Islas Mar\u00edas podr\u00e1n embarcarse en un transbordador e ingresar a la legendaria excolonia penitenciaria y recorrer sus instalaciones. Asimismo, nuestra Instituci\u00f3n cuenta con un Sector Naval, una Estaci\u00f3n Naval de B\u00fasqueda, Rescate y Vigilancia Mar\u00edtima, as\u00ed como una compa\u00f1\u00eda de Infanter\u00eda de Marina, a fin de mantener la seguridad en el territorio insular y en sus v\u00edas de navegaci\u00f3n\u201d.<br \/>\n\u201cDe esta manera, las Islas Mar\u00edas es ahora un s\u00edmbolo ambiental, de historia, de cultura y excursionismo de bajo impacto, en donde se promueve el turismo de naturaleza\u201d, a\u00f1adi\u00f3.<img decoding=\"async\" class=\"size-medium wp-image-449405 alignright\" src=\"https:\/\/dimensionturistica.com\/es\/wp-content\/uploads\/2022\/12\/Apertura-del-Centro-Turistico-Islas-Marias-2-300x200.jpg\" alt=\"\" width=\"300\" height=\"200\" srcset=\"https:\/\/dimensionturistica.com\/es\/wp-content\/uploads\/2022\/12\/Apertura-del-Centro-Turistico-Islas-Marias-2-300x200.jpg 300w, https:\/\/dimensionturistica.com\/es\/wp-content\/uploads\/2022\/12\/Apertura-del-Centro-Turistico-Islas-Marias-2-768x512.jpg 768w, https:\/\/dimensionturistica.com\/es\/wp-content\/uploads\/2022\/12\/Apertura-del-Centro-Turistico-Islas-Marias-2-750x500.jpg 750w, https:\/\/dimensionturistica.com\/es\/wp-content\/uploads\/2022\/12\/Apertura-del-Centro-Turistico-Islas-Marias-2.jpg 1024w\" sizes=\"(max-width: 300px) 100vw, 300px\" \/><br \/>\n\u201cSomos navegantes de una ruta que entiende a las islas como sitio estrat\u00e9gico que a todos nos corresponde cuidar y que el medio marino es un factor determinante para el desarrollo de esta naci\u00f3n. Una naci\u00f3n que transforma los viejos paradigmas y sienta las bases para un mejor presente. Una naci\u00f3n de valores y riquezas naturales de cara a futuro\u201d, se\u00f1al\u00f3.<br \/>\nEn su oportunidad, el Secretario de Turismo afirm\u00f3 que \u201choy es un d\u00eda muy especial para la actividad tur\u00edstica de nuestro pa\u00eds, porque ponemos en marcha un proyecto con gran potencial tur\u00edstico, \u201cIslas Mar\u00edas\u201d, que es ejemplo de integraci\u00f3n del producto, factor fundamental para responder a las necesidades, requerimientos y expectativas de un turista cada vez m\u00e1s informado y exigente\u201d.<img decoding=\"async\" class=\"size-medium wp-image-449399 alignright\" src=\"https:\/\/dimensionturistica.com\/es\/wp-content\/uploads\/2022\/12\/Apertura-del-Centro-Turistico-Islas-Marias-13-300x191.jpg\" alt=\"\" width=\"300\" height=\"191\" srcset=\"https:\/\/dimensionturistica.com\/es\/wp-content\/uploads\/2022\/12\/Apertura-del-Centro-Turistico-Islas-Marias-13-300x191.jpg 300w, https:\/\/dimensionturistica.com\/es\/wp-content\/uploads\/2022\/12\/Apertura-del-Centro-Turistico-Islas-Marias-13-768x489.jpg 768w, https:\/\/dimensionturistica.com\/es\/wp-content\/uploads\/2022\/12\/Apertura-del-Centro-Turistico-Islas-Marias-13-750x478.jpg 750w, https:\/\/dimensionturistica.com\/es\/wp-content\/uploads\/2022\/12\/Apertura-del-Centro-Turistico-Islas-Marias-13.jpg 873w\" sizes=\"(max-width: 300px) 100vw, 300px\" \/><br \/>\nAgreg\u00f3 que \u201csin duda, la diversificaci\u00f3n de la oferta tur\u00edstica es un factor determinante para posicionar un destino y hacerlo m\u00e1s competitivo, y en ese sentido, seguiremos trabajando para abrir a\u00fan m\u00e1s el abanico de atractivos y productos tur\u00edsticos de nuestro pa\u00eds\u201d.<br \/>\nDe igual manera, destac\u00f3 que desde el inicio de la presente administraci\u00f3n, la Secretar\u00eda de Turismo federal, por instrucci\u00f3n presidencial, ha establecido entre sus prioridades la pr\u00e1ctica de un turismo diferente, con un enfoque social, que privilegie el desarrollo y crecimiento de los sectores m\u00e1s desprotegidos de la sociedad, siendo Islas Mar\u00edas, una iniciativa indiscutiblemente sostenible.<br \/>\nCabe destacar que la Isla Mar\u00eda Madre, Mar\u00eda Magdalena, Mar\u00eda Cleofas y San Juanito forman las Islas Mar\u00edas, pertenecientes a San Blas, Nayarit. Adem\u00e1s de ser Reserva de la Bi\u00f3sfera, desde el a\u00f1o 2005, las Islas Mar\u00edas son tambi\u00e9n reconocidas como Patrimonio Natural de la Humanidad por la Organizaci\u00f3n de las<img decoding=\"async\" class=\"size-medium wp-image-449403 alignright\" src=\"https:\/\/dimensionturistica.com\/es\/wp-content\/uploads\/2022\/12\/Apertura-del-Centro-Turistico-Islas-Marias-4-300x200.jpg\" alt=\"\" width=\"300\" height=\"200\" srcset=\"https:\/\/dimensionturistica.com\/es\/wp-content\/uploads\/2022\/12\/Apertura-del-Centro-Turistico-Islas-Marias-4-300x200.jpg 300w, https:\/\/dimensionturistica.com\/es\/wp-content\/uploads\/2022\/12\/Apertura-del-Centro-Turistico-Islas-Marias-4-768x512.jpg 768w, https:\/\/dimensionturistica.com\/es\/wp-content\/uploads\/2022\/12\/Apertura-del-Centro-Turistico-Islas-Marias-4-750x500.jpg 750w, https:\/\/dimensionturistica.com\/es\/wp-content\/uploads\/2022\/12\/Apertura-del-Centro-Turistico-Islas-Marias-4.jpg 1024w\" sizes=\"(max-width: 300px) 100vw, 300px\" \/> Naciones Unidas para la Educaci\u00f3n, la Ciencia y la Cultura, la Unesco.<br \/>\nLa oferta tur\u00edstica contempla viaje redondo desde Mazatl\u00e1n-Puerto Balleto\/viaje redondo desde San Blas-Puerto Balleto. Asimismo, en el mes de noviembre del 2023, Boca de Chila-Puerto Balleto. El paquete incluye una estancia de dos noches en puerto Balleto.<br \/>\nEl hospedaje se ofrece tipo hostal con villas dobles y sencillas, as\u00ed como alimentaci\u00f3n tipo buffet en restaurante y terraza. Adem\u00e1s, se ofrecen sitios de inter\u00e9s como el Arco Mandela, Tienda de Artesan\u00edas, Templo de Guadalupe, Museo de Sitio, Muelle Puerto Balleto, Cristo Rey, Henequenera, entre otros.<br \/>\nPara mayor informaci\u00f3n sobre los paquetes para visitar las Islas Mar\u00edas se puede consultar la p\u00e1gina www.visitaislasmarias.com; asimismo, queda a disposici\u00f3n el n\u00famero telef\u00f3nico 5624333058, el correo electr\u00f3nico: contacto@visitaislasmarias.com, as\u00ed como la app \u201cIslas Mar\u00edas\u201d.<\/p>\n","protected":false},"excerpt":{"rendered":"<p>En su intervenci\u00f3n, el Presidente de M\u00e9xico afirm\u00f3 que se cumpli\u00f3 con el compromiso de cerrar esta c\u00e1rcel y convertir las Islas Mar\u00edas en un centro para la recreaci\u00f3n, la protecci\u00f3n del medio ambiente y la cultura. \u201cVenimos ya a iniciar el proceso de visitas que van a poder llevar a cabo los ciudadanos. Se [&hellip;]<\/p>\n","protected":false},"author":1,"featured_media":449400,"comment_status":"open","ping_status":"closed","sticky":false,"template":"","format":"standard","meta":{"om_disable_all_campaigns":false,"jnews-multi-image_gallery":[],"jnews_single_post":{"source_name":"","source_url":"","via_name":"","via_url":"","override_template":"0","override":[{"template":"1","single_blog_custom":"","parallax":"1","fullscreen":"1","layout":"right-sidebar","sidebar":"default-sidebar","second_sidebar":"default-sidebar","sticky_sidebar":"1","share_position":"top","share_float_style":"share-monocrhome","show_share_counter":"1","show_view_counter":"1","show_featured":"1","show_post_meta":"1","show_post_author":"1","show_post_author_image":"1","show_post_date":"1","post_date_format":"default","post_date_format_custom":"Y\/m\/d","show_post_category":"1","show_post_reading_time":"0","post_reading_time_wpm":"300","show_zoom_button":"0","zoom_button_out_step":"2","zoom_button_in_step":"3","show_post_tag":"1","show_prev_next_post":"1","show_popup_post":"1","number_popup_post":"1","show_author_box":"0","show_post_related":"0","show_inline_post_related":"0"}],"override_image_size":"0","image_override":[{"single_post_thumbnail_size":"crop-500","single_post_gallery_size":"crop-500"}],"trending_post":"0","trending_post_position":"meta","trending_post_label":"Trending","sponsored_post":"0","sponsored_post_label":"Sponsored by","sponsored_post_name":"","sponsored_post_url":"","sponsored_post_logo_enable":"0","sponsored_post_logo":"","sponsored_post_desc":"","disable_ad":"0"},"jnews_primary_category":{"id":"","hide":""},"jnews_social_meta":{"fb_title":"","fb_description":"","fb_image":"","twitter_title":"","twitter_description":"","twitter_image":""},"footnotes":""},"categories":[39],"tags":[],"class_list":["post-449398","post","type-post","status-publish","format-standard","has-post-thumbnail","hentry","category-viajes"],"_links":{"self":[{"href":"https:\/\/dimensionturistica.com\/es\/wp-json\/wp\/v2\/posts\/449398","targetHints":{"allow":["GET"]}}],"collection":[{"href":"https:\/\/dimensionturistica.com\/es\/wp-json\/wp\/v2\/posts"}],"about":[{"href":"https:\/\/dimensionturistica.com\/es\/wp-json\/wp\/v2\/types\/post"}],"author":[{"embeddable":true,"href":"https:\/\/dimensionturistica.com\/es\/wp-json\/wp\/v2\/users\/1"}],"replies":[{"embeddable":true,"href":"https:\/\/dimensionturistica.com\/es\/wp-json\/wp\/v2\/comments?post=449398"}],"version-history":[{"count":0,"href":"https:\/\/dimensionturistica.com\/es\/wp-json\/wp\/v2\/posts\/449398\/revisions"}],"wp:featuredmedia":[{"embeddable":true,"href":"https:\/\/dimensionturistica.com\/es\/wp-json\/wp\/v2\/media\/449400"}],"wp:attachment":[{"href":"https:\/\/dimensionturistica.com\/es\/wp-json\/wp\/v2\/media?parent=449398"}],"wp:term":[{"taxonomy":"category","embeddable":true,"href":"https:\/\/dimensionturistica.com\/es\/wp-json\/wp\/v2\/categories?post=449398"},{"taxonomy":"post_tag","embeddable":true,"href":"https:\/\/dimensionturistica.com\/es\/wp-json\/wp\/v2\/tags?post=449398"}],"curies":[{"name":"wp","href":"https:\/\/api.w.org\/{rel}","templated":true}]}}