{"id":449172,"date":"2022-12-21T20:33:39","date_gmt":"2022-12-21T20:33:39","guid":{"rendered":"https:\/\/dimensionturistica.com\/es\/?p=449172"},"modified":"2022-12-21T20:33:39","modified_gmt":"2022-12-21T20:33:39","slug":"cumple-tus-propositos-de-ano-nuevo-elige-vivir-en-reserva-santa-fe-y-alcanza-el-balance-que-siempre-has-querido","status":"publish","type":"post","link":"https:\/\/dimensionturistica.com\/es\/cumple-tus-propositos-de-ano-nuevo-elige-vivir-en-reserva-santa-fe-y-alcanza-el-balance-que-siempre-has-querido\/","title":{"rendered":"Cumple tus prop\u00f3sitos de A\u00f1o Nuevo: elige vivir en Reserva Santa Fe y alcanza el balance que siempre has querido"},"content":{"rendered":"<p>El cambio de a\u00f1o siempre trae consigo nuevos prop\u00f3sitos, esos peque\u00f1os o grandes objetivos que cada<img decoding=\"async\" class=\"size-medium wp-image-449185 alignright\" src=\"https:\/\/dimensionturistica.com\/es\/wp-content\/uploads\/2022\/12\/Reserva6-300x171.webp\" alt=\"\" width=\"300\" height=\"171\" srcset=\"https:\/\/dimensionturistica.com\/es\/wp-content\/uploads\/2022\/12\/Reserva6-300x171.webp 300w, https:\/\/dimensionturistica.com\/es\/wp-content\/uploads\/2022\/12\/Reserva6-768x439.webp 768w, https:\/\/dimensionturistica.com\/es\/wp-content\/uploads\/2022\/12\/Reserva6-750x429.webp 750w, https:\/\/dimensionturistica.com\/es\/wp-content\/uploads\/2022\/12\/Reserva6.webp 770w\" sizes=\"(max-width: 300px) 100vw, 300px\" \/> persona elige para re-enfocar su camino. Aunque son individuales y var\u00edan, la mayor\u00eda suele priorizar el bienestar emocional, f\u00edsico y mental; elegir vivir en lugares como Reserva Santa Fe -el primer desarrollo inmobiliario en M\u00e9xico y Latinoam\u00e9rica que apuesta por la construcci\u00f3n regenerativa\u2013 es un excelente paso para lograrlo.<br \/>\nA ra\u00edz de la pandemia, las personas comenzaron a replantearse sus estilos de vida y el concepto de bienestar tuvo un auge mayor. Las prioridades apuntaron hacia las actividades al aire libre, la meditaci\u00f3n, el fortalecimiento de las relaciones interpersonales, as\u00ed como el cuidado de la salud mental y f\u00edsica, a trav\u00e9s de<img decoding=\"async\" class=\"size-medium wp-image-449183 alignright\" src=\"https:\/\/dimensionturistica.com\/es\/wp-content\/uploads\/2022\/12\/Reserva4-300x172.jpg\" alt=\"\" width=\"300\" height=\"172\" srcset=\"https:\/\/dimensionturistica.com\/es\/wp-content\/uploads\/2022\/12\/Reserva4-300x172.jpg 300w, https:\/\/dimensionturistica.com\/es\/wp-content\/uploads\/2022\/12\/Reserva4-1024x586.jpg 1024w, https:\/\/dimensionturistica.com\/es\/wp-content\/uploads\/2022\/12\/Reserva4-768x440.jpg 768w, https:\/\/dimensionturistica.com\/es\/wp-content\/uploads\/2022\/12\/Reserva4-750x429.jpg 750w, https:\/\/dimensionturistica.com\/es\/wp-content\/uploads\/2022\/12\/Reserva4-1140x653.jpg 1140w, https:\/\/dimensionturistica.com\/es\/wp-content\/uploads\/2022\/12\/Reserva4.jpg 1200w\" sizes=\"(max-width: 300px) 100vw, 300px\" \/> una alimentaci\u00f3n m\u00e1s org\u00e1nica.<br \/>\nDe acuerdo con datos de IPSOS, en Latinoam\u00e9rica 40% de la poblaci\u00f3n adquiri\u00f3 h\u00e1bitos saludables durante el confinamiento. Adem\u00e1s, en M\u00e9xico 45% de las personas iniciaron una rutina de ejercicio y 60% una dieta balanceada. Debido a este cambio en el modo de vida, es normal que la gente busque trasladar su hogar a lugares m\u00e1s cercanos a la naturaleza y con una amplia gama de amenidades como Reserva Santa Fe, un proyecto inmobiliario ubicado a 15 minutos de Santa Fe que lo tiene todo. Elegir este sitio para vivir te acercar\u00e1 al bienestar que siempre has querido:<br \/>\nEstar sano: \u201cmi cuerpo es mi templo\u201d<br \/>\nCon una granja y un vivero, que funcionan como un centro demostrativo de producci\u00f3n de alimentos, los<img decoding=\"async\" class=\"size-medium wp-image-449186 alignright\" src=\"https:\/\/dimensionturistica.com\/es\/wp-content\/uploads\/2022\/12\/Reserva-Santa-Fe-2-300x200.jpg\" alt=\"\" width=\"300\" height=\"200\" srcset=\"https:\/\/dimensionturistica.com\/es\/wp-content\/uploads\/2022\/12\/Reserva-Santa-Fe-2-300x200.jpg 300w, https:\/\/dimensionturistica.com\/es\/wp-content\/uploads\/2022\/12\/Reserva-Santa-Fe-2-768x512.jpg 768w, https:\/\/dimensionturistica.com\/es\/wp-content\/uploads\/2022\/12\/Reserva-Santa-Fe-2-750x500.jpg 750w, https:\/\/dimensionturistica.com\/es\/wp-content\/uploads\/2022\/12\/Reserva-Santa-Fe-2.jpg 1000w\" sizes=\"(max-width: 300px) 100vw, 300px\" \/> habitantes de Reserva Santa Fe pueden aprender a cultivar lo que consumen y, por lo tanto, cuidar el origen de sus platillos.<br \/>\nAdem\u00e1s, tiene amenidades como espacios para meditaci\u00f3n y contemplaci\u00f3n, en medio de un ambiente rodeado de puros elementos naturales, parques recreativos sostenibles, senderos para bicicletas, canchas de tenis y f\u00fatbol, un gimnasio al aire libre, senderos para caballos, as\u00ed como un \u00e1rea para practicar tiro con arco de 30 metros, entre otros.<br \/>\nDesconectar para conectar, retomar la vida en comunidad<br \/>\nEl sentido de pertenencia y comunidad es uno de los valores m\u00e1s representativos de Reserva Santa Fe, brindando un hogar en el centro de diversos espacios dise\u00f1ados para la convivencia como una Casa Club con piscina semiol\u00edmpica techada, salones para clases, espacios para hacer picnics con asadores, zona de glamping, parques infantiles, parque de patinetas, as\u00ed como miradores con espectaculares<img decoding=\"async\" class=\"size-medium wp-image-449181 alignright\" src=\"https:\/\/dimensionturistica.com\/es\/wp-content\/uploads\/2022\/12\/0610galvez-969528-300x169.jpg\" alt=\"\" width=\"300\" height=\"169\" srcset=\"https:\/\/dimensionturistica.com\/es\/wp-content\/uploads\/2022\/12\/0610galvez-969528-300x169.jpg 300w, https:\/\/dimensionturistica.com\/es\/wp-content\/uploads\/2022\/12\/0610galvez-969528-1024x576.jpg 1024w, https:\/\/dimensionturistica.com\/es\/wp-content\/uploads\/2022\/12\/0610galvez-969528-768x432.jpg 768w, https:\/\/dimensionturistica.com\/es\/wp-content\/uploads\/2022\/12\/0610galvez-969528-750x422.jpg 750w, https:\/\/dimensionturistica.com\/es\/wp-content\/uploads\/2022\/12\/0610galvez-969528-1140x641.jpg 1140w, https:\/\/dimensionturistica.com\/es\/wp-content\/uploads\/2022\/12\/0610galvez-969528.jpg 1280w\" sizes=\"(max-width: 300px) 100vw, 300px\" \/> vistas\u00a0panor\u00e1micas del bosque.Seguir un estilo de vida sustentable<br \/>\nDesde su construcci\u00f3n, Reserva Santa Fe se dise\u00f1\u00f3 con irrigaci\u00f3n pasiva de paisaje, considerando paneles solares en techos de viviendas y Casa Club para generar toda la electricidad que ah\u00ed se consume. El proyecto est\u00e1 pensado para fomentar el respeto por el medio ambiente e impulsar a sus habitantes a encontrar el camino para vivir en armon\u00eda con la naturaleza invit\u00e1ndolos, por ejemplo, a caminar o andar en bici por sus largos senderos, incluso, a utilizar el transporte interno el\u00e9ctrico antes de elegir el coche.<br \/>\nOtras de sus caracter\u00edsticas sustentables es la captaci\u00f3n de agua pluvial en el 100% de su desarrollo, lagos artificiales para mejorar el medio ambiente, el paisaje y la recreaci\u00f3n, as\u00ed como descarga cero, manejo y tratamiento de aguas residuales totales y un centro de tratamiento de residuos y generaci\u00f3n de composta.<br \/>\nReserva Santa Fe representa un avance colectivo para la regi\u00f3n y el pa\u00eds, en el que se deben enfocar todos<img decoding=\"async\" class=\"size-medium wp-image-449191 alignright\" src=\"https:\/\/dimensionturistica.com\/es\/wp-content\/uploads\/2022\/12\/th-53-300x154.jpeg\" alt=\"\" width=\"300\" height=\"154\" srcset=\"https:\/\/dimensionturistica.com\/es\/wp-content\/uploads\/2022\/12\/th-53-300x154.jpeg 300w, https:\/\/dimensionturistica.com\/es\/wp-content\/uploads\/2022\/12\/th-53.jpeg 474w\" sizes=\"(max-width: 300px) 100vw, 300px\" \/> los esfuerzos, p\u00fablicos y privados, en la regeneraci\u00f3n m\u00e1s que en un menor impacto, encontrando as\u00ed una naturaleza propia respetando la que rodea y provee a todos. Sus pilares fundamentales se alinean a las tendencias de consumo actual, donde predomina una comunidad responsable, dispuesta a ir m\u00e1s all\u00e1 por alcanzar un bienestar general, en armon\u00eda con su entorno.<br \/>\nPara saber m\u00e1s del resto de las amenidades, agendar una cita y conocer el concepto de Reserva Santa Fe, visita www.reservasantafe.com, llama al tel\u00e9fono 55 2167 3358 o v\u00eda correo a info@reservasantafe.com<\/p>\n","protected":false},"excerpt":{"rendered":"<p>El cambio de a\u00f1o siempre trae consigo nuevos prop\u00f3sitos, esos peque\u00f1os o grandes objetivos que cada persona elige para re-enfocar su camino. Aunque son individuales y var\u00edan, la mayor\u00eda suele priorizar el bienestar emocional, f\u00edsico y mental; elegir vivir en lugares como Reserva Santa Fe -el primer desarrollo inmobiliario en M\u00e9xico y Latinoam\u00e9rica que apuesta [&hellip;]<\/p>\n","protected":false},"author":1,"featured_media":449182,"comment_status":"open","ping_status":"closed","sticky":false,"template":"","format":"standard","meta":{"om_disable_all_campaigns":false,"jnews-multi-image_gallery":[],"jnews_single_post":{"source_name":"","source_url":"","via_name":"","via_url":"","override_template":"0","override":[{"template":"1","single_blog_custom":"","parallax":"1","fullscreen":"1","layout":"right-sidebar","sidebar":"default-sidebar","second_sidebar":"default-sidebar","sticky_sidebar":"1","share_position":"top","share_float_style":"share-monocrhome","show_share_counter":"1","show_view_counter":"1","show_featured":"1","show_post_meta":"1","show_post_author":"1","show_post_author_image":"1","show_post_date":"1","post_date_format":"default","post_date_format_custom":"Y\/m\/d","show_post_category":"1","show_post_reading_time":"0","post_reading_time_wpm":"300","show_zoom_button":"0","zoom_button_out_step":"2","zoom_button_in_step":"3","show_post_tag":"1","show_prev_next_post":"1","show_popup_post":"1","number_popup_post":"1","show_author_box":"0","show_post_related":"0","show_inline_post_related":"0"}],"override_image_size":"0","image_override":[{"single_post_thumbnail_size":"crop-500","single_post_gallery_size":"crop-500"}],"trending_post":"0","trending_post_position":"meta","trending_post_label":"Trending","sponsored_post":"0","sponsored_post_label":"Sponsored by","sponsored_post_name":"","sponsored_post_url":"","sponsored_post_logo_enable":"0","sponsored_post_logo":"","sponsored_post_desc":"","disable_ad":"0"},"jnews_primary_category":{"id":"","hide":""},"jnews_social_meta":{"fb_title":"","fb_description":"","fb_image":"","twitter_title":"","twitter_description":"","twitter_image":""},"footnotes":""},"categories":[39],"tags":[],"class_list":["post-449172","post","type-post","status-publish","format-standard","has-post-thumbnail","hentry","category-viajes"],"_links":{"self":[{"href":"https:\/\/dimensionturistica.com\/es\/wp-json\/wp\/v2\/posts\/449172","targetHints":{"allow":["GET"]}}],"collection":[{"href":"https:\/\/dimensionturistica.com\/es\/wp-json\/wp\/v2\/posts"}],"about":[{"href":"https:\/\/dimensionturistica.com\/es\/wp-json\/wp\/v2\/types\/post"}],"author":[{"embeddable":true,"href":"https:\/\/dimensionturistica.com\/es\/wp-json\/wp\/v2\/users\/1"}],"replies":[{"embeddable":true,"href":"https:\/\/dimensionturistica.com\/es\/wp-json\/wp\/v2\/comments?post=449172"}],"version-history":[{"count":0,"href":"https:\/\/dimensionturistica.com\/es\/wp-json\/wp\/v2\/posts\/449172\/revisions"}],"wp:featuredmedia":[{"embeddable":true,"href":"https:\/\/dimensionturistica.com\/es\/wp-json\/wp\/v2\/media\/449182"}],"wp:attachment":[{"href":"https:\/\/dimensionturistica.com\/es\/wp-json\/wp\/v2\/media?parent=449172"}],"wp:term":[{"taxonomy":"category","embeddable":true,"href":"https:\/\/dimensionturistica.com\/es\/wp-json\/wp\/v2\/categories?post=449172"},{"taxonomy":"post_tag","embeddable":true,"href":"https:\/\/dimensionturistica.com\/es\/wp-json\/wp\/v2\/tags?post=449172"}],"curies":[{"name":"wp","href":"https:\/\/api.w.org\/{rel}","templated":true}]}}