{"id":449028,"date":"2022-12-21T18:13:57","date_gmt":"2022-12-21T18:13:57","guid":{"rendered":"https:\/\/dimensionturistica.com\/es\/?p=449028"},"modified":"2022-12-21T18:13:58","modified_gmt":"2022-12-21T18:13:58","slug":"las-carreteras-de-la-region-registraran-mas-de-tres-millones-de-viajes-por-la-navidad","status":"publish","type":"post","link":"https:\/\/dimensionturistica.com\/es\/las-carreteras-de-la-region-registraran-mas-de-tres-millones-de-viajes-por-la-navidad\/","title":{"rendered":"Las carreteras de la regi\u00f3n registrar\u00e1n m\u00e1s de tres millones de viajes por la Navidad"},"content":{"rendered":"<p> <br \/>\n<\/p>\n<div id=\"\">\n<p class=\"voc-p\">Por provincias, seg\u00fan los datos de la Delegaci\u00f3n del Gobierno en la regi\u00f3n, <strong>habr\u00e1 539.000 desplazamientos por la de Albacete, 606.000 por la de Ciudad Actual, 570.000<\/strong> por la de Cuenca, 568.000 por la de Guadalajara y 812.938 por la de Toledo.<\/p>\n<p class=\"voc-p\">En cuanto a las carreteras de la regi\u00f3n, en la provincia de Toledo la DGT ha se\u00f1alado como puntos conflictivos la autov\u00eda A-4 en la salida del punto kilom\u00e9trico 52 (Casilla de la Dolores), en el 67,500 (enlace con la R-4), y en el kil\u00f3metro 62 (enlace con N-301); y la autov\u00eda A-5, en el kil\u00f3metro 100 a la altura de Cazalegas y en el 76 a la altura de Maqueda, por retenciones.<\/p>\n<p class=\"voc-p\">En esta provincia existen obras en la TO-2034 Cedillo del Condado-El Viso de San Juan-Carranque, por rehabilitaci\u00f3n de firme; la TO-2323 Recas-A-42; la TO-2437 en la Traves\u00eda de Borox; y la TO-2031-V entre Mora y el embalse de Finisterre.<\/p>\n<p class=\"voc-p\">En la provincia de Albacete los puntos conflictivos est\u00e1n en la A-31 en el kil\u00f3metro 79,500 (Albacete) y en el kil\u00f3metro 32,000 (La Roda), por la confluencia de las carreteras A-31 y A-30, y A-31 y AP-36, respectivamente. En esta provincia no hay obras en fase de ejecuci\u00f3n en estos momentos.<\/p>\n<p class=\"voc-p\">En Ciudad Actual no existen puntos conflictivos, si bien hay obras en la CR-211, de Fern\u00e1n Caballero a Carri\u00f3n de Calatrava del kil\u00f3metro 0 al 6,700.<\/p>\n<p class=\"voc-p\">En Cuenca <strong>los puntos conflictivos estar\u00e1n en la A-3 y A-31<\/strong>, en el punto kilom\u00e9trico 177 al 0, en Atalaya del Ca\u00f1avate; en la N-301, en Las Pedro\u00f1eras; y en la A-3 en Honrubia.<\/p>\n<p class=\"voc-p\">En esta provincia existen obras en fase de ejecuci\u00f3n en la A-3, entre Atalaya del Ca\u00f1avate y Castillejo de Iniesta por rehabilitaci\u00f3n de firme; la CM-2026 de Barajas de Melo a Leganiel por obras de mejora de trazado, drenaje y firme y la N-301 en San Clemente por reparaci\u00f3n.<\/p>\n<p class=\"voc-p\">Por \u00faltimo, en Guadalajara la DGT destaca la A-2, de los kil\u00f3metros 56,500 al 51,000 y entre el 53,000 y el 55,000, as\u00ed como en la N-320, del kil\u00f3metro 270 al 272,5. En esta provincia no hay obras actualmente en ejecuci\u00f3n.<\/p>\n<p><h3 class=\"voc-d-c__s-title\">\nDistintas fases<br \/>\n<\/h3>\n<\/p>\n<p class=\"voc-p\">En este marco, el departamento que dirige Pere Navarro ha establecido diferentes fases, que coinciden con las principales festividades navide\u00f1as y que este a\u00f1o, adem\u00e1s, tienen lugar en fin de semana.<\/p>\n<p class=\"voc-p\">De este modo, la Primera Fase, de Navidad, tendr\u00e1 lugar del viernes 23 al domingo 26 de diciembre en Andaluc\u00eda, Arag\u00f3n, Asturias, Canarias, Cantabria, Castilla-La Mancha, Castilla y Le\u00f3n, Extremadura, Baleares, Madrid, Murcia, Navarra y La Rioja al ser festivo el lunes 26. En las autonom\u00edas que no trasladan la festividad al lunes, el dispositivo finalizar\u00e1 el domingo 25. Para este primer periodo, hay previstos 4,4 millones de desplazamientos.<\/p>\n<p class=\"voc-p\">Respecto a la Segunda fase, <a rel=\"nofollow noopener\" target=\"_blank\" href=\"https:\/\/www.abc.es\/espana\/castilla-la-mancha\/toledo\/ciudad\/abci-estas-todas-carreteras-arreglar-cinco-provincias-castilla-la-mancha-202103162004_noticia.html\" data-voc-vtm-id=\"in-text-traffic\" title=\"la de Fin de a\u00f1o, esta se desplegar\u00e1 del viernes 30 de diciembre al domingo 1 de enero\">la de Fin de a\u00f1o, esta se desplegar\u00e1 del viernes 30 de diciembre al domingo 1 de enero<\/a>, excepto en Andaluc\u00eda, Arag\u00f3n, Asturias, Castilla y Le\u00f3n y Murcia, donde se prolongar\u00e1 hasta el lunes 2 de enero por ser festivo en dichas comunidades.<\/p>\n<p class=\"voc-p\">En \u00faltimo lugar, la Tercera fase,<strong> la de Reyes, tendr\u00e1 lugar del jueves 5 al domingo 8 de enero<\/strong>, momento en el que se dar\u00e1 por concluido el dispositivo especial de Navidad.<\/p>\n<p class=\"voc-p\">Tr\u00e1fico espera que muchos de los desplazamientos de esta Navidad, tanto de largo como de corto recorrido, se dirigir\u00e1n hacia segundas residencias, zonas de monta\u00f1a para la pr\u00e1ctica de deportes de invierno, zonas de atracci\u00f3n tur\u00edstica invernal y navide\u00f1a, as\u00ed como a \u00e1reas comerciales. \u00abEl dispositivo tiene como objetivo que las personas que se desplacen por carretera lleguen a sus destinos y regresen sin incidente alguno\u00bb, ha explicado la DGT.<\/p>\n<p class=\"voc-p\">Para ello, la DGT cuenta con la m\u00e1xima disponibilidad de medios humanos (Agentes de la Agrupaci\u00f3n de Tr\u00e1fico de la Guardia Civil, private funcionario de los Centros de Gesti\u00f3n de Tr\u00e1fico, patrullas de Helic\u00f3pteros y private encargado del mantenimiento de equipos y de la instalaci\u00f3n de medidas en carretera).<\/p>\n<p class=\"voc-p\">Los agentes se encargar\u00e1n de facilitar la movilidad y fluidez del tr\u00e1fico, as\u00ed como velar por su seguridad vial en las carreteras; y mantener en las debidas condiciones de seguridad la circulaci\u00f3n para toda clase de veh\u00edculos en las carreteras con tramos o zonas afectadas por condiciones meteorol\u00f3gicas adversas como son la nieve, hielo, niebla, lluvia y viento.<\/p>\n<p class=\"voc-p\">Tambi\u00e9n ayudar\u00e1n a los usuarios ante cualquier incidente o imprevisto que pueda surgir en el viaje y vigilar\u00e1n el correcto comportamiento de los conductores con 780 radares fijos (92 de ellos de tramo) y 545 m\u00f3viles de management de velocidad, adem\u00e1s de los 13 helic\u00f3pteros, 39 drones, 245 c\u00e1maras y 15 furgonetas camufladas para controlar el uso de m\u00f3vil y del cintur\u00f3n de seguridad.<\/p>\n<p class=\"voc-p\">Por otro lado, informar\u00e1n puntualmente sobre cualquier incidencia en carretera a trav\u00e9s de los boletines informativos de tr\u00e1fico en las distintas emisoras de radio y televisi\u00f3n, en la internet www.dgt.es mapamovilidad.dgt.es, en Twitter @DGTes y @InformacionDGT y en el tel\u00e9fono 011. Asimismo, difundir\u00e1n consejos relacionados con la movilidad segura y responsable, e intensificar\u00e1n los controles de velocidad y alcoholemia.<\/p>\n<p class=\"voc-p\">El dispositivo completo se puede consultar en la internet de la DGT https:\/\/www.dgt.es\/conoce-el-estado-del-trafico\/recomendaciones-de-trafico\/, un documento que recoge las previsiones de circulaci\u00f3n, horas m\u00e1s desfavorables para viajar, mapas hist\u00f3ricos, consejos y normas de seguridad vial, medidas de regulaci\u00f3n y ordenaci\u00f3n del tr\u00e1fico as\u00ed como la operaci\u00f3n de tr\u00e1fico por comunidades aut\u00f3nomas.<\/p>\n<p class=\"voc-p\">El director basic de Tr\u00e1fico, Pere Navarro, aludiendo al mensaje de la campa\u00f1a de concienciaci\u00f3n que el organismo ha creado para esta Navidad, manifiesta: \u00abojal\u00e1 que esta campa\u00f1a sirva para que la gente se de cuenta de todo lo que te puede quitar la carretera y que nadie tenga que recrear el \u00e1lbum de las navidades que no pudiste vivir, por no respetar las normas\u00bb.<\/p>\n<p class=\"voc-p\">&#8212;&#8212;&#8212;&#8211;<\/p>\n<p class=\"voc-p\">Como cada a\u00f1o, el 22 de diciembre vuelve el <a rel=\"nofollow noopener\" target=\"_blank\" href=\"https:\/\/www.abc.es\/loteria-de-navidad\/lloteria-navidad-2022-premios-horario-guia-sorteo-el-gordo-nsv-20221221155438-nt.html\" data-voc-vtm-id=\"in-text-traffic\" title=\"sorteo extraordinario de Loter\u00eda de Navidad\">sorteo extraordinario de Loter\u00eda de Navidad<\/a>, que en esta ocasi\u00f3n reparte 2.500 millones de euros. Aqu\u00ed puedes comprobar <a rel=\"nofollow noopener\" target=\"_blank\" href=\"https:\/\/www.abc.es\/loteria-de-navidad\/comprobar-loteria-navidad-premios-nsv-20221221110908-nt.html\" data-voc-vtm-id=\"in-text-traffic\" title=\"Loter\u00eda de Navidad\">Loter\u00eda de Navidad<\/a>, si tu d\u00e9cimo ha sido agraciado con alguno de los premios y con cu\u00e1nto dinero. \u00a1Mucha suerte!<\/p>\n<\/div>\n\n<p><em> &#8221; Fuentes news.google.com &#8221; <\/em><\/p>\n","protected":false},"excerpt":{"rendered":"<p>Por provincias, seg\u00fan los datos de la Delegaci\u00f3n del Gobierno en la regi\u00f3n, habr\u00e1 539.000 desplazamientos por la de Albacete, 606.000 por la de Ciudad Actual, 570.000 por la de Cuenca, 568.000 por la de Guadalajara y 812.938 por la de Toledo. En cuanto a las carreteras de la regi\u00f3n, en la provincia de Toledo [&hellip;]<\/p>\n","protected":false},"author":4,"featured_media":449029,"comment_status":"open","ping_status":"closed","sticky":false,"template":"","format":"standard","meta":{"om_disable_all_campaigns":false,"jnews-multi-image_gallery":[],"jnews_single_post":[],"jnews_primary_category":[],"jnews_social_meta":[],"footnotes":""},"categories":[39],"tags":[914,1645,1563,1604,59540,598,545],"class_list":["post-449028","post","type-post","status-publish","format-standard","has-post-thumbnail","hentry","category-viajes","tag-carreteras","tag-millones","tag-navidad","tag-region","tag-registraran","tag-tres","tag-viajes"],"_links":{"self":[{"href":"https:\/\/dimensionturistica.com\/es\/wp-json\/wp\/v2\/posts\/449028","targetHints":{"allow":["GET"]}}],"collection":[{"href":"https:\/\/dimensionturistica.com\/es\/wp-json\/wp\/v2\/posts"}],"about":[{"href":"https:\/\/dimensionturistica.com\/es\/wp-json\/wp\/v2\/types\/post"}],"author":[{"embeddable":true,"href":"https:\/\/dimensionturistica.com\/es\/wp-json\/wp\/v2\/users\/4"}],"replies":[{"embeddable":true,"href":"https:\/\/dimensionturistica.com\/es\/wp-json\/wp\/v2\/comments?post=449028"}],"version-history":[{"count":0,"href":"https:\/\/dimensionturistica.com\/es\/wp-json\/wp\/v2\/posts\/449028\/revisions"}],"wp:featuredmedia":[{"embeddable":true,"href":"https:\/\/dimensionturistica.com\/es\/wp-json\/wp\/v2\/media\/449029"}],"wp:attachment":[{"href":"https:\/\/dimensionturistica.com\/es\/wp-json\/wp\/v2\/media?parent=449028"}],"wp:term":[{"taxonomy":"category","embeddable":true,"href":"https:\/\/dimensionturistica.com\/es\/wp-json\/wp\/v2\/categories?post=449028"},{"taxonomy":"post_tag","embeddable":true,"href":"https:\/\/dimensionturistica.com\/es\/wp-json\/wp\/v2\/tags?post=449028"}],"curies":[{"name":"wp","href":"https:\/\/api.w.org\/{rel}","templated":true}]}}