{"id":449006,"date":"2022-12-21T18:02:11","date_gmt":"2022-12-21T18:02:11","guid":{"rendered":"https:\/\/dimensionturistica.com\/es\/?p=449006"},"modified":"2022-12-21T18:02:11","modified_gmt":"2022-12-21T18:02:11","slug":"pricetravel-holding-reconoce-a-miguel-quintana-pali-como-un-gran-lider-de-turismo","status":"publish","type":"post","link":"https:\/\/dimensionturistica.com\/es\/pricetravel-holding-reconoce-a-miguel-quintana-pali-como-un-gran-lider-de-turismo\/","title":{"rendered":"Pricetravel Holding reconoce a Miguel Quintana Pali como un gran l\u00edder de turismo"},"content":{"rendered":"<p>RECONOCEPriceTravel Holding, la empresa de distribuci\u00f3n global con gran presencia en Latinoam\u00e9rica, reconoci\u00f3 al Arquitecto Miguel Quintana Pali, por su exitosa trayectoria en el turismo de M\u00e9xico y sus m\u00e1s de 30 a\u00f1os en la industria.<br \/>\nEn una comida de negocios, Lorenzo Vargas, Presidente de PriceTravel Holding, hizo entrega al Arquitecto Quintana del reconocimiento \u201cEVM AWARDS 2022\u201d, como l\u00edder del turismo 2022.<img decoding=\"async\" class=\" wp-image-449014 alignright\" src=\"https:\/\/dimensionturistica.com\/es\/wp-content\/uploads\/2022\/12\/PALI-300x200.jpg\" alt=\"\" width=\"434\" height=\"289\" srcset=\"https:\/\/dimensionturistica.com\/es\/wp-content\/uploads\/2022\/12\/PALI-300x200.jpg 300w, https:\/\/dimensionturistica.com\/es\/wp-content\/uploads\/2022\/12\/PALI.jpg 600w\" sizes=\"(max-width: 434px) 100vw, 434px\" \/><br \/>\n\u201cEl Arquitecto Miguel Quintana es un empresario con una gran visi\u00f3n, lo que lo llev\u00f3 a crear un grupo tur\u00edstico bajo un concepto \u00fanico en el mundo; y para PriceTravel Holding, es un placer hacer negocio con este nivel de empresas, que contribuyen con el desarrollo del sector\u201d, coment\u00f3 Lorenzo Vargas, Presidente de PriceTravel Holding.<br \/>\nEste es un reconocimiento muy merecido, considerando que el Arquitecto Quintana es uno de los principales emprendedores del sector, al crear el modelo m\u00e1s importante de recreaci\u00f3n tur\u00edstica sostenible, a trav\u00e9s de sus reconocidos parques, aunado a su contribuci\u00f3n en la industria hotelera, con la apertura de Hotel Xcaret M\u00e9xico, Hotel Xcaret Arte y el hotel boutique La Casa de la Playa.<br \/>\nSin duda, el turismo es uno de los sectores econ\u00f3micos m\u00e1s importantes de M\u00e9xico y es un honor reconocer a un visionario que, adem\u00e1s de buscar ofrecer a los viajeros un excelente producto y servicio, preserva las costumbres y tradiciones de la cultura de M\u00e9xico.<\/p>\n","protected":false},"excerpt":{"rendered":"<p>RECONOCEPriceTravel Holding, la empresa de distribuci\u00f3n global con gran presencia en Latinoam\u00e9rica, reconoci\u00f3 al Arquitecto Miguel Quintana Pali, por su exitosa trayectoria en el turismo de M\u00e9xico y sus m\u00e1s de 30 a\u00f1os en la industria. En una comida de negocios, Lorenzo Vargas, Presidente de PriceTravel Holding, hizo entrega al Arquitecto Quintana del reconocimiento \u201cEVM [&hellip;]<\/p>\n","protected":false},"author":1,"featured_media":449013,"comment_status":"open","ping_status":"closed","sticky":false,"template":"","format":"standard","meta":{"om_disable_all_campaigns":false,"jnews-multi-image_gallery":[],"jnews_single_post":{"source_name":"","source_url":"","via_name":"","via_url":"","override_template":"0","override":[{"template":"1","single_blog_custom":"","parallax":"1","fullscreen":"1","layout":"right-sidebar","sidebar":"default-sidebar","second_sidebar":"default-sidebar","sticky_sidebar":"1","share_position":"top","share_float_style":"share-monocrhome","show_share_counter":"1","show_view_counter":"1","show_featured":"1","show_post_meta":"1","show_post_author":"1","show_post_author_image":"1","show_post_date":"1","post_date_format":"default","post_date_format_custom":"Y\/m\/d","show_post_category":"1","show_post_reading_time":"0","post_reading_time_wpm":"300","show_zoom_button":"0","zoom_button_out_step":"2","zoom_button_in_step":"3","show_post_tag":"1","show_prev_next_post":"1","show_popup_post":"1","number_popup_post":"1","show_author_box":"0","show_post_related":"0","show_inline_post_related":"0"}],"override_image_size":"0","image_override":[{"single_post_thumbnail_size":"crop-500","single_post_gallery_size":"crop-500"}],"trending_post":"0","trending_post_position":"meta","trending_post_label":"Trending","sponsored_post":"0","sponsored_post_label":"Sponsored by","sponsored_post_name":"","sponsored_post_url":"","sponsored_post_logo_enable":"0","sponsored_post_logo":"","sponsored_post_desc":"","disable_ad":"0"},"jnews_primary_category":{"id":"","hide":""},"jnews_social_meta":{"fb_title":"","fb_description":"","fb_image":"","twitter_title":"","twitter_description":"","twitter_image":""},"footnotes":""},"categories":[39],"tags":[],"class_list":["post-449006","post","type-post","status-publish","format-standard","has-post-thumbnail","hentry","category-viajes"],"_links":{"self":[{"href":"https:\/\/dimensionturistica.com\/es\/wp-json\/wp\/v2\/posts\/449006","targetHints":{"allow":["GET"]}}],"collection":[{"href":"https:\/\/dimensionturistica.com\/es\/wp-json\/wp\/v2\/posts"}],"about":[{"href":"https:\/\/dimensionturistica.com\/es\/wp-json\/wp\/v2\/types\/post"}],"author":[{"embeddable":true,"href":"https:\/\/dimensionturistica.com\/es\/wp-json\/wp\/v2\/users\/1"}],"replies":[{"embeddable":true,"href":"https:\/\/dimensionturistica.com\/es\/wp-json\/wp\/v2\/comments?post=449006"}],"version-history":[{"count":0,"href":"https:\/\/dimensionturistica.com\/es\/wp-json\/wp\/v2\/posts\/449006\/revisions"}],"wp:featuredmedia":[{"embeddable":true,"href":"https:\/\/dimensionturistica.com\/es\/wp-json\/wp\/v2\/media\/449013"}],"wp:attachment":[{"href":"https:\/\/dimensionturistica.com\/es\/wp-json\/wp\/v2\/media?parent=449006"}],"wp:term":[{"taxonomy":"category","embeddable":true,"href":"https:\/\/dimensionturistica.com\/es\/wp-json\/wp\/v2\/categories?post=449006"},{"taxonomy":"post_tag","embeddable":true,"href":"https:\/\/dimensionturistica.com\/es\/wp-json\/wp\/v2\/tags?post=449006"}],"curies":[{"name":"wp","href":"https:\/\/api.w.org\/{rel}","templated":true}]}}