{"id":448895,"date":"2022-12-21T16:46:22","date_gmt":"2022-12-21T16:46:22","guid":{"rendered":"https:\/\/dimensionturistica.com\/es\/?p=448895"},"modified":"2022-12-21T16:46:22","modified_gmt":"2022-12-21T16:46:22","slug":"elije-la-omt-al-pueblo-magico-de-creel-como-uno-de-los-mejores-para-el-turismo-en-2022","status":"publish","type":"post","link":"https:\/\/dimensionturistica.com\/es\/elije-la-omt-al-pueblo-magico-de-creel-como-uno-de-los-mejores-para-el-turismo-en-2022\/","title":{"rendered":"Elije la OMT al Pueblo M\u00e1gico de Creel como uno de los mejores para el turismo en 2022"},"content":{"rendered":"<p>La Organizaci\u00f3n Mundial del Turismo ha promulgado su ranking de \u201cBest Tourism Villages 2022\u201d y el estado<img decoding=\"async\" class=\"size-medium wp-image-448916 alignright\" src=\"https:\/\/dimensionturistica.com\/es\/wp-content\/uploads\/2022\/12\/valle-de-los-monjes-300x200.jpg\" alt=\"\" width=\"300\" height=\"200\" srcset=\"https:\/\/dimensionturistica.com\/es\/wp-content\/uploads\/2022\/12\/valle-de-los-monjes-300x200.jpg 300w, https:\/\/dimensionturistica.com\/es\/wp-content\/uploads\/2022\/12\/valle-de-los-monjes-768x512.jpg 768w, https:\/\/dimensionturistica.com\/es\/wp-content\/uploads\/2022\/12\/valle-de-los-monjes-750x500.jpg 750w, https:\/\/dimensionturistica.com\/es\/wp-content\/uploads\/2022\/12\/valle-de-los-monjes.jpg 787w\" sizes=\"(max-width: 300px) 100vw, 300px\" \/> de Chihuahua figura en este listado junto a 32 destinos de todo el mundo.<br \/>\nEl Gobierno del Estado de Chihuahua, a trav\u00e9s de la Secretar\u00eda de Turismo de Chihuahua, dio a conocer el nombramiento otorgado por la Organizaci\u00f3n Mundial de Turismo a Creel, en el municipio de Bocoyna, como parte del exclusivo grupo de Best Tourism Villages of the World 2022 (Mejores Pueblos para el Turismo).<br \/>\nEste galard\u00f3n enaltece la labor de destinos con perfil rural que han hecho del turismo su principal motor econ\u00f3mico brindando oportunidades de empleo y mejora en la calidad de vida de sus habitantes. Lo anterior mientras preservan y promueven sus valores e identidad como su mayor atractivo.<br \/>\nEsta iniciativa reconoce el nivel de compromiso con la innovaci\u00f3n y sostenibilidad lo que indica su desarrollo tur\u00edstico alineado con los Objetivos de Desarrollo Sostenible (ODS), dictados por la propia OMT.<br \/>\nDurante 2022 un total de 32 pueblos de 18 pa\u00edses recibieron tal distinci\u00f3n despu\u00e9s de que un consejo independiente evalu\u00f3 136 candidaturas de 57 miembros de la OMT en base a 9 criterios:<br \/>\n1. Recursos culturales y naturales<img decoding=\"async\" class=\"size-medium wp-image-448914 alignright\" src=\"https:\/\/dimensionturistica.com\/es\/wp-content\/uploads\/2022\/12\/I28A7431-300x200.jpg\" alt=\"\" width=\"300\" height=\"200\" srcset=\"https:\/\/dimensionturistica.com\/es\/wp-content\/uploads\/2022\/12\/I28A7431-300x200.jpg 300w, https:\/\/dimensionturistica.com\/es\/wp-content\/uploads\/2022\/12\/I28A7431-768x512.jpg 768w, https:\/\/dimensionturistica.com\/es\/wp-content\/uploads\/2022\/12\/I28A7431-750x500.jpg 750w, https:\/\/dimensionturistica.com\/es\/wp-content\/uploads\/2022\/12\/I28A7431.jpg 787w\" sizes=\"(max-width: 300px) 100vw, 300px\" \/><br \/>\n2. Promoci\u00f3n y conservaci\u00f3n de los recursos culturales<br \/>\n3. Sostenibilidad econ\u00f3mica<br \/>\n4. Sostenibilidad social<br \/>\n5. Sostenibilidad ambiental<br \/>\n6. Desarrollo tur\u00edstico e integraci\u00f3n de la cadena de valor<br \/>\n7. Gobernanza y priorizaci\u00f3n del turismo<br \/>\n8. Infraestructura y conectividad<br \/>\n9. Salud y seguridad<br \/>\nLa Gobernadora del Estado de Chihuahua, Lic. Maru Campos Galv\u00e1n, se manifest\u00f3 complacida por el reconocimiento para Creel e inst\u00f3 continuar trabajando por promover a Chihuahua como un destino viable, sostenible y competitivo en materia tur\u00edstica hacia el exterior y para el mercado interno, pues su gobierno considera esta actividad econ\u00f3mica como prioritaria.<img decoding=\"async\" class=\"size-medium wp-image-448913 alignright\" src=\"https:\/\/dimensionturistica.com\/es\/wp-content\/uploads\/2022\/12\/DSC01641-300x200.jpg\" alt=\"\" width=\"300\" height=\"200\" srcset=\"https:\/\/dimensionturistica.com\/es\/wp-content\/uploads\/2022\/12\/DSC01641-300x200.jpg 300w, https:\/\/dimensionturistica.com\/es\/wp-content\/uploads\/2022\/12\/DSC01641-768x512.jpg 768w, https:\/\/dimensionturistica.com\/es\/wp-content\/uploads\/2022\/12\/DSC01641-750x500.jpg 750w, https:\/\/dimensionturistica.com\/es\/wp-content\/uploads\/2022\/12\/DSC01641.jpg 787w\" sizes=\"(max-width: 300px) 100vw, 300px\" \/><br \/>\nCon este nombramiento, Creel tiene acceso al programa de mejora y se incorpora a la red mundial de UNWTO Best Tourism Villages creada en 2021 que proporciona diversos beneficios, entre ellos formaci\u00f3n presencial y online, intercambio de buenas pr\u00e1cticas y el reconocimiento y la visibilidad de una marca internacional.<br \/>\nLa ceremonia de entrega de los galardones tendr\u00e1 lugar en Al-Ula (Arabia Saudita) los d\u00edas 27 y 28 de febrero de 2023, coincidiendo con la primera reuni\u00f3n presencial de la red de \u201cBest Tourism Villages by UNWTO\u201d.<br \/>\nEl Lic. Edibray G\u00f3mez Gallegos, Secretario de Turismo del Estado de Chihuahua, resalt\u00f3 que esta excelente noticia es resultado de arduo trabajo previo coordinado entre secretar\u00edas y organismos como la Secretar\u00eda de Cultura, Coordinaci\u00f3n de Gabinete, COEPI, Fodarch, Parque de Aventura Barrancas del Cobre, Fideicomiso \u00a1Ah, Chihuahua!, Tarahumara Sustentable, UMAFOR, CEDAIN, Sin\u00e9 Communar, Rakema, Fundaci\u00f3n Llaguno, entre otras, encabezado por SECTUR Chihuahua bajo el objetivo de ser un destino de turismo sostenible y sustentable en sus diferentes segmentos. Creel es tuyo, expl\u00f3ralo Creel en el municipio de Bocoyna, es un Pueblo M\u00e1gico localizado a 126 km al sureste de Basaseachi por la carretera federal 23 a San Juanito. Desde Chihuahua son 257 km por la carretera federal 16 y la estatal 127 (v\u00eda San Juanito).<img decoding=\"async\" class=\"size-medium wp-image-448912 alignright\" src=\"https:\/\/dimensionturistica.com\/es\/wp-content\/uploads\/2022\/12\/BP006-OMT-ELIGE-A-CREE-300x193.jpg\" alt=\"\" width=\"300\" height=\"193\" srcset=\"https:\/\/dimensionturistica.com\/es\/wp-content\/uploads\/2022\/12\/BP006-OMT-ELIGE-A-CREE-300x193.jpg 300w, https:\/\/dimensionturistica.com\/es\/wp-content\/uploads\/2022\/12\/BP006-OMT-ELIGE-A-CREE-1024x660.jpg 1024w, https:\/\/dimensionturistica.com\/es\/wp-content\/uploads\/2022\/12\/BP006-OMT-ELIGE-A-CREE-768x495.jpg 768w, https:\/\/dimensionturistica.com\/es\/wp-content\/uploads\/2022\/12\/BP006-OMT-ELIGE-A-CREE-750x483.jpg 750w, https:\/\/dimensionturistica.com\/es\/wp-content\/uploads\/2022\/12\/BP006-OMT-ELIGE-A-CREE.jpg 1102w\" sizes=\"(max-width: 300px) 100vw, 300px\" \/><br \/>\nPor su ubicaci\u00f3n al inicio de la zona de barrancas, servicios tur\u00edsticos de alta calidad, la confluencia de varias carreteras serranas y por el paso del Chepe, este poblado es considerado la capital informal de la Sierra Tarahumara. Creel tiene un perfil pueblerino con construcciones bajas de dos aguas, su plaza de armas arbolada y parajes asombrosos como el Valle de los Hongos, el Lago Arareko, el Valle de los Monjes y el de las Ranas.<br \/>\n<img decoding=\"async\" class=\"size-medium wp-image-448910 alignleft\" src=\"https:\/\/dimensionturistica.com\/es\/wp-content\/uploads\/2022\/12\/01092019-36-300x225.jpg\" alt=\"\" width=\"300\" height=\"225\" srcset=\"https:\/\/dimensionturistica.com\/es\/wp-content\/uploads\/2022\/12\/01092019-36-300x225.jpg 300w, https:\/\/dimensionturistica.com\/es\/wp-content\/uploads\/2022\/12\/01092019-36-768x577.jpg 768w, https:\/\/dimensionturistica.com\/es\/wp-content\/uploads\/2022\/12\/01092019-36-750x563.jpg 750w, https:\/\/dimensionturistica.com\/es\/wp-content\/uploads\/2022\/12\/01092019-36.jpg 787w\" sizes=\"(max-width: 300px) 100vw, 300px\" \/>Llamado originalmente Rochivo, recibi\u00f3 su actual nombre en honor a Enrique C. Creel, gobernador de Chihuahua en 1907, cuando se inaugur\u00f3 aqu\u00ed la estaci\u00f3n del ferrocarril. En 2007, recibi\u00f3 de la Secretar\u00eda de Turismo federal la designaci\u00f3n de Pueblo M\u00e1gico.<br \/>\nEl Fideicomiso de Promoci\u00f3n Tur\u00edstica \u00a1Ah, Chihuahua! encabezado por el Ingeniero Julio Ch\u00e1vez, ha implementado una estrategia de promoci\u00f3n estrat\u00e9gica para continuar impulsando a Creel como destino predilecto de los viajeros que buscan espacios abiertos con servicios tur\u00edsticos de calidad y<br \/>\nexperiencias que cambian vidas al estar en contacto con tradiciones milenarias como las de los ral\u00e1muli. Por ello, los Pueblos M\u00e1gicos de Chihuahua ser\u00e1n protagonistas de la participaci\u00f3n del destino durante la pr\u00f3xima edici\u00f3n de FITUR 2023 en Madrid y Tianguis Tur\u00edstico 2023 en CDMX.<\/p>\n","protected":false},"excerpt":{"rendered":"<p>La Organizaci\u00f3n Mundial del Turismo ha promulgado su ranking de \u201cBest Tourism Villages 2022\u201d y el estado de Chihuahua figura en este listado junto a 32 destinos de todo el mundo. El Gobierno del Estado de Chihuahua, a trav\u00e9s de la Secretar\u00eda de Turismo de Chihuahua, dio a conocer el nombramiento otorgado por la Organizaci\u00f3n [&hellip;]<\/p>\n","protected":false},"author":1,"featured_media":448907,"comment_status":"open","ping_status":"closed","sticky":false,"template":"","format":"standard","meta":{"om_disable_all_campaigns":false,"jnews-multi-image_gallery":[],"jnews_single_post":{"source_name":"","source_url":"","via_name":"","via_url":"","override_template":"0","override":[{"template":"1","single_blog_custom":"","parallax":"1","fullscreen":"1","layout":"right-sidebar","sidebar":"default-sidebar","second_sidebar":"default-sidebar","sticky_sidebar":"1","share_position":"top","share_float_style":"share-monocrhome","show_share_counter":"1","show_view_counter":"1","show_featured":"1","show_post_meta":"1","show_post_author":"1","show_post_author_image":"1","show_post_date":"1","post_date_format":"default","post_date_format_custom":"Y\/m\/d","show_post_category":"1","show_post_reading_time":"0","post_reading_time_wpm":"300","show_zoom_button":"0","zoom_button_out_step":"2","zoom_button_in_step":"3","show_post_tag":"1","show_prev_next_post":"1","show_popup_post":"1","number_popup_post":"1","show_author_box":"0","show_post_related":"0","show_inline_post_related":"0"}],"override_image_size":"0","image_override":[{"single_post_thumbnail_size":"crop-500","single_post_gallery_size":"crop-500"}],"trending_post":"0","trending_post_position":"meta","trending_post_label":"Trending","sponsored_post":"0","sponsored_post_label":"Sponsored by","sponsored_post_name":"","sponsored_post_url":"","sponsored_post_logo_enable":"0","sponsored_post_logo":"","sponsored_post_desc":"","disable_ad":"0"},"jnews_primary_category":{"id":"","hide":""},"jnews_social_meta":{"fb_title":"","fb_description":"","fb_image":"","twitter_title":"","twitter_description":"","twitter_image":""},"footnotes":""},"categories":[39],"tags":[],"class_list":["post-448895","post","type-post","status-publish","format-standard","has-post-thumbnail","hentry","category-viajes"],"_links":{"self":[{"href":"https:\/\/dimensionturistica.com\/es\/wp-json\/wp\/v2\/posts\/448895","targetHints":{"allow":["GET"]}}],"collection":[{"href":"https:\/\/dimensionturistica.com\/es\/wp-json\/wp\/v2\/posts"}],"about":[{"href":"https:\/\/dimensionturistica.com\/es\/wp-json\/wp\/v2\/types\/post"}],"author":[{"embeddable":true,"href":"https:\/\/dimensionturistica.com\/es\/wp-json\/wp\/v2\/users\/1"}],"replies":[{"embeddable":true,"href":"https:\/\/dimensionturistica.com\/es\/wp-json\/wp\/v2\/comments?post=448895"}],"version-history":[{"count":0,"href":"https:\/\/dimensionturistica.com\/es\/wp-json\/wp\/v2\/posts\/448895\/revisions"}],"wp:featuredmedia":[{"embeddable":true,"href":"https:\/\/dimensionturistica.com\/es\/wp-json\/wp\/v2\/media\/448907"}],"wp:attachment":[{"href":"https:\/\/dimensionturistica.com\/es\/wp-json\/wp\/v2\/media?parent=448895"}],"wp:term":[{"taxonomy":"category","embeddable":true,"href":"https:\/\/dimensionturistica.com\/es\/wp-json\/wp\/v2\/categories?post=448895"},{"taxonomy":"post_tag","embeddable":true,"href":"https:\/\/dimensionturistica.com\/es\/wp-json\/wp\/v2\/tags?post=448895"}],"curies":[{"name":"wp","href":"https:\/\/api.w.org\/{rel}","templated":true}]}}