{"id":448850,"date":"2022-12-21T15:51:03","date_gmt":"2022-12-21T15:51:03","guid":{"rendered":"https:\/\/dimensionturistica.com\/es\/?p=448850"},"modified":"2024-02-20T22:10:15","modified_gmt":"2024-02-20T22:10:15","slug":"fashion-forward-la-incubadora-de-negocios-especializada-en-moda-abre-su-convocatoria-para-su-ciclo-2023","status":"publish","type":"post","link":"https:\/\/dimensionturistica.com\/es\/fashion-forward-la-incubadora-de-negocios-especializada-en-moda-abre-su-convocatoria-para-su-ciclo-2023\/","title":{"rendered":"Fashion Forward, la incubadora de negocios especializada en moda abre su convocatoria para su ciclo 2023"},"content":{"rendered":"<p>La incubadora mexicana de negocios de moda Fashion Forward, se prepara para darle la bienvenida a su nueva generaci\u00f3n de emprendedores, que dar\u00e1 inicio en marzo de 2023.<img decoding=\"async\" class=\"size-medium wp-image-448853 alignright\" src=\"https:\/\/dimensionturistica.com\/es\/wp-content\/uploads\/2022\/12\/ModaEmprende_2017_06-300x168.png\" alt=\"\" width=\"300\" height=\"168\" srcset=\"https:\/\/dimensionturistica.com\/es\/wp-content\/uploads\/2022\/12\/ModaEmprende_2017_06-300x168.png 300w, https:\/\/dimensionturistica.com\/es\/wp-content\/uploads\/2022\/12\/ModaEmprende_2017_06-1024x574.png 1024w, https:\/\/dimensionturistica.com\/es\/wp-content\/uploads\/2022\/12\/ModaEmprende_2017_06-768x431.png 768w, https:\/\/dimensionturistica.com\/es\/wp-content\/uploads\/2022\/12\/ModaEmprende_2017_06-750x421.png 750w, https:\/\/dimensionturistica.com\/es\/wp-content\/uploads\/2022\/12\/ModaEmprende_2017_06-1140x639.png 1140w, https:\/\/dimensionturistica.com\/es\/wp-content\/uploads\/2022\/12\/ModaEmprende_2017_06.png 1318w\" sizes=\"(max-width: 300px) 100vw, 300px\" \/><br \/>\nLa incubaci\u00f3n en Fashion Forward, es un programa de capacitaci\u00f3n especializada que permite a los emprendedores contar con una gu\u00eda y un acompa\u00f1amiento integral. Su programa integra dos etapas: la primera es pre-incubaci\u00f3n con una duraci\u00f3n de tres meses. Durante este tiempo, se aterriza el an\u00e1lisis de modelo de negocio, propuesta de valor, y los objetivos principales de incubaci\u00f3n, as\u00ed como tambi\u00e9n se trabajan las habilidades de negocios con las que deber\u00e1 contar el emprendedor para que su idea sea un \u00e9xito..<br \/>\nTras concluir esta primera etapa, los participantes pasan de lleno a la incubaci\u00f3n, que consta de 25 m\u00f3dulos distintos con seis meses de duraci\u00f3n, en donde analizan desde las finanzas, costos, innovaci\u00f3n, hasta un tronco comercial donde se conocen t\u00e9cnicas de venta, de negociaci\u00f3n y atencion al cliente, as\u00ed como mentor\u00edas especializadas sobre fijaci\u00f3n de precios de productos de moda, adem\u00e1s de un an\u00e1lisis sobre puntos de venta comerciales, as\u00ed como la estructura id\u00f3nea de una colecci\u00f3n.<br \/>\nEste programa de incubaci\u00f3n presentado por Fashion Forward est\u00e1 dise\u00f1ado por el Analista de Negocios de Moda y especialista en emprendimiento Jacob Pulido, siguiendo los lineamientos internacionales de<img decoding=\"async\" class=\"size-medium wp-image-448854 alignright\" src=\"https:\/\/dimensionturistica.com\/es\/wp-content\/uploads\/2022\/12\/ModaEmprende_2017_03-300x168.png\" alt=\"\" width=\"300\" height=\"168\" srcset=\"https:\/\/dimensionturistica.com\/es\/wp-content\/uploads\/2022\/12\/ModaEmprende_2017_03-300x168.png 300w, https:\/\/dimensionturistica.com\/es\/wp-content\/uploads\/2022\/12\/ModaEmprende_2017_03-1024x573.png 1024w, https:\/\/dimensionturistica.com\/es\/wp-content\/uploads\/2022\/12\/ModaEmprende_2017_03-768x429.png 768w, https:\/\/dimensionturistica.com\/es\/wp-content\/uploads\/2022\/12\/ModaEmprende_2017_03-750x419.png 750w, https:\/\/dimensionturistica.com\/es\/wp-content\/uploads\/2022\/12\/ModaEmprende_2017_03-1140x637.png 1140w, https:\/\/dimensionturistica.com\/es\/wp-content\/uploads\/2022\/12\/ModaEmprende_2017_03.png 1318w\" sizes=\"(max-width: 300px) 100vw, 300px\" \/> desarrollo de negocios de moda implementado por las instituciones de emprendimiento m\u00e1s reconocidas en pa\u00edses como Italia, Espa\u00f1a, Estados Unidos e incluido Jap\u00f3n, siempre en b\u00fasqueda de aterrizar a la realidad que se vive el mercado mexicano. Una de las partes fundamentales del proceso es el acompa\u00f1amiento de asesor\u00edas personalizadas que tiene uno a uno cada incubado, las vinculaciones con otros emprendedores, e incluso acompa\u00f1amiento de seguimiento sin costo para los egresados.<br \/>\nEl proyecto Fashion Forward nace en 2017 y se pone en marcha con el objetivo de fomentar la cultura del emprendimiento dentro de la industria de la moda en M\u00e9xico, brindando a sus incubados los conocimientos y cimientos necesarios para que puedan dar crecimiento a cualquier estructura de negocio con mayor \u00e9xito y potenciar su comercializaci\u00f3n.<br \/>\nPara formar parte de esta comunidad de #Forwardettes, s\u00f3lo es necesario seguir tres pasos:<img decoding=\"async\" class=\"size-medium wp-image-448852 alignright\" src=\"https:\/\/dimensionturistica.com\/es\/wp-content\/uploads\/2022\/12\/Promo_010_01-300x300.jpg\" alt=\"\" width=\"300\" height=\"300\" srcset=\"https:\/\/dimensionturistica.com\/es\/wp-content\/uploads\/2022\/12\/Promo_010_01-300x300.jpg 300w, https:\/\/dimensionturistica.com\/es\/wp-content\/uploads\/2022\/12\/Promo_010_01-1024x1024.jpg 1024w, https:\/\/dimensionturistica.com\/es\/wp-content\/uploads\/2022\/12\/Promo_010_01-150x150.jpg 150w, https:\/\/dimensionturistica.com\/es\/wp-content\/uploads\/2022\/12\/Promo_010_01-768x768.jpg 768w, https:\/\/dimensionturistica.com\/es\/wp-content\/uploads\/2022\/12\/Promo_010_01-1536x1536.jpg 1536w, https:\/\/dimensionturistica.com\/es\/wp-content\/uploads\/2022\/12\/Promo_010_01-2048x2048.jpg 2048w, https:\/\/dimensionturistica.com\/es\/wp-content\/uploads\/2022\/12\/Promo_010_01-75x75.jpg 75w, https:\/\/dimensionturistica.com\/es\/wp-content\/uploads\/2022\/12\/Promo_010_01-350x350.jpg 350w, https:\/\/dimensionturistica.com\/es\/wp-content\/uploads\/2022\/12\/Promo_010_01-750x750.jpg 750w, https:\/\/dimensionturistica.com\/es\/wp-content\/uploads\/2022\/12\/Promo_010_01-1140x1140.jpg 1140w\" sizes=\"(max-width: 300px) 100vw, 300px\" \/><br \/>\n1.- Agendar una entrevista con la coordinaci\u00f3n de admisiones para conocer la idea o negocio.<br \/>\n2.- Una vez validado por el \u00e1rea de admisiones, deber\u00e1 enviar todos sus documentos<br \/>\n3.- Realizar el pago correspondiente.<br \/>\nLos aspirantes deber\u00e1n tener ya en mente la idea, proyecto o marca activa, para ser evaluada y poder participar en este ciclo que comienza en marzo del 2023. Si el proyecto es seleccionado, el equipo de Fashion Forward, se pondr\u00e1 en contacto para brindarles toda la informaci\u00f3n necesaria para su ingreso.<br \/>\nwww.fashionforward.com.mx<br \/>\nRedes sociales:<br \/>\nhttps:\/\/www.facebook.com\/fashionforwardincubadora<br \/>\nIG: @fashionforwardmx<\/p>\n","protected":false},"excerpt":{"rendered":"<p>La incubadora mexicana de negocios de moda Fashion Forward, se prepara para darle la bienvenida a su nueva generaci\u00f3n de emprendedores, que dar\u00e1 inicio en marzo de 2023. La incubaci\u00f3n en Fashion Forward, es un programa de capacitaci\u00f3n especializada que permite a los emprendedores contar con una gu\u00eda y un acompa\u00f1amiento integral. Su programa integra [&hellip;]<\/p>\n","protected":false},"author":1,"featured_media":448851,"comment_status":"open","ping_status":"closed","sticky":false,"template":"","format":"standard","meta":{"om_disable_all_campaigns":false,"jnews-multi-image_gallery":[],"jnews_single_post":{"source_name":"","source_url":"","via_name":"","via_url":"","override_template":"0","override":[{"template":"1","single_blog_custom":"","parallax":"1","fullscreen":"1","layout":"right-sidebar","sidebar":"default-sidebar","second_sidebar":"default-sidebar","sticky_sidebar":"1","share_position":"top","share_float_style":"share-monocrhome","show_share_counter":"1","show_view_counter":"1","show_featured":"1","show_post_meta":"1","show_post_author":"1","show_post_author_image":"1","show_post_date":"1","post_date_format":"default","post_date_format_custom":"Y\/m\/d","show_post_category":"1","show_post_reading_time":"0","post_reading_time_wpm":"300","show_zoom_button":"0","zoom_button_out_step":"2","zoom_button_in_step":"3","show_post_tag":"1","show_prev_next_post":"1","show_popup_post":"1","number_popup_post":"1","show_author_box":"0","show_post_related":"0","show_inline_post_related":"0"}],"override_image_size":"0","image_override":[{"single_post_thumbnail_size":"crop-500","single_post_gallery_size":"crop-500"}],"trending_post":"0","trending_post_position":"meta","trending_post_label":"Trending","sponsored_post":"0","sponsored_post_label":"Sponsored by","sponsored_post_name":"","sponsored_post_url":"","sponsored_post_logo_enable":"0","sponsored_post_logo":"","sponsored_post_desc":"","disable_ad":"0"},"jnews_primary_category":{"id":"","hide":""},"jnews_social_meta":{"fb_title":"","fb_description":"","fb_image":"","twitter_title":"","twitter_description":"","twitter_image":""},"footnotes":""},"categories":[144872],"tags":[],"class_list":["post-448850","post","type-post","status-publish","format-standard","has-post-thumbnail","hentry","category-fashion"],"_links":{"self":[{"href":"https:\/\/dimensionturistica.com\/es\/wp-json\/wp\/v2\/posts\/448850","targetHints":{"allow":["GET"]}}],"collection":[{"href":"https:\/\/dimensionturistica.com\/es\/wp-json\/wp\/v2\/posts"}],"about":[{"href":"https:\/\/dimensionturistica.com\/es\/wp-json\/wp\/v2\/types\/post"}],"author":[{"embeddable":true,"href":"https:\/\/dimensionturistica.com\/es\/wp-json\/wp\/v2\/users\/1"}],"replies":[{"embeddable":true,"href":"https:\/\/dimensionturistica.com\/es\/wp-json\/wp\/v2\/comments?post=448850"}],"version-history":[{"count":0,"href":"https:\/\/dimensionturistica.com\/es\/wp-json\/wp\/v2\/posts\/448850\/revisions"}],"wp:featuredmedia":[{"embeddable":true,"href":"https:\/\/dimensionturistica.com\/es\/wp-json\/wp\/v2\/media\/448851"}],"wp:attachment":[{"href":"https:\/\/dimensionturistica.com\/es\/wp-json\/wp\/v2\/media?parent=448850"}],"wp:term":[{"taxonomy":"category","embeddable":true,"href":"https:\/\/dimensionturistica.com\/es\/wp-json\/wp\/v2\/categories?post=448850"},{"taxonomy":"post_tag","embeddable":true,"href":"https:\/\/dimensionturistica.com\/es\/wp-json\/wp\/v2\/tags?post=448850"}],"curies":[{"name":"wp","href":"https:\/\/api.w.org\/{rel}","templated":true}]}}