{"id":448838,"date":"2022-12-21T15:31:11","date_gmt":"2022-12-21T15:31:11","guid":{"rendered":"https:\/\/dimensionturistica.com\/es\/?p=448838"},"modified":"2022-12-21T15:31:11","modified_gmt":"2022-12-21T15:31:11","slug":"los-17-hoteles-de-diseno-mas-elegantes-y-apetecibles-que-hemos-visto-en-2022-architectural-digest-espana","status":"publish","type":"post","link":"https:\/\/dimensionturistica.com\/es\/los-17-hoteles-de-diseno-mas-elegantes-y-apetecibles-que-hemos-visto-en-2022-architectural-digest-espana\/","title":{"rendered":"Los 17 hoteles de dise\u00f1o m\u00e1s elegantes y apetecibles que hemos visto en 2022\n| Architectural Digest Espa\u00f1a"},"content":{"rendered":"<p> <br \/>\n<\/p>\n<div data-journey-hook=\"client-content\" data-testid=\"BodyWrapper\">\n<div>\n<p>Despu\u00e9s de pasar veinte a\u00f1os con un hatillo al hombro, Ibn Battuta escribi\u00f3: \u201cViajar te deja sin palabras y despu\u00e9s te convierte en un narrador de historias\u201d. Nosotros hemos recorrido el globo durante todo 2022 <strong>en busca de esos <a rel=\"nofollow noopener\" target=\"_blank\" href=\"https:\/\/www.revistaad.es\/lugares\/articulos\/hoteles-de-diseno-cataluna\">hoteles de dise\u00f1o<\/a><\/strong> que nos nutren el alma y la pluma.<\/p>\n<p>Hoy, en la \u00faltima p\u00e1gina del calendario que termina, repasamos algunos de los mejores lugares en los que hemos inventado nuevos cuentos. Rincones llenos de estilo, ubicaciones sobrecogedoras, proyectos generosos que emocionan y que vale la pena contar. <strong>Lanza el dardo al mapa, escoge un destino<\/strong>. Nosotros ponemos la inspiraci\u00f3n.<\/p>\n<\/div>\n<\/div>\n\n<p><em> &#8221; Fuentes news.google.com &#8221; <\/em><\/p>\n","protected":false},"excerpt":{"rendered":"<p>Despu\u00e9s de pasar veinte a\u00f1os con un hatillo al hombro, Ibn Battuta escribi\u00f3: \u201cViajar te deja sin palabras y despu\u00e9s te convierte en un narrador de historias\u201d. Nosotros hemos recorrido el globo durante todo 2022 en busca de esos hoteles de dise\u00f1o que nos nutren el alma y la pluma. Hoy, en la \u00faltima p\u00e1gina [&hellip;]<\/p>\n","protected":false},"author":4,"featured_media":448839,"comment_status":"open","ping_status":"closed","sticky":false,"template":"","format":"standard","meta":{"om_disable_all_campaigns":false,"jnews-multi-image_gallery":[],"jnews_single_post":[],"jnews_primary_category":[],"jnews_social_meta":[],"footnotes":""},"categories":[39],"tags":[1289,59513],"class_list":["post-448838","post","type-post","status-publish","format-standard","has-post-thumbnail","hentry","category-viajes","tag-hoteles","tag-lo-mejor-de-2022"],"_links":{"self":[{"href":"https:\/\/dimensionturistica.com\/es\/wp-json\/wp\/v2\/posts\/448838","targetHints":{"allow":["GET"]}}],"collection":[{"href":"https:\/\/dimensionturistica.com\/es\/wp-json\/wp\/v2\/posts"}],"about":[{"href":"https:\/\/dimensionturistica.com\/es\/wp-json\/wp\/v2\/types\/post"}],"author":[{"embeddable":true,"href":"https:\/\/dimensionturistica.com\/es\/wp-json\/wp\/v2\/users\/4"}],"replies":[{"embeddable":true,"href":"https:\/\/dimensionturistica.com\/es\/wp-json\/wp\/v2\/comments?post=448838"}],"version-history":[{"count":0,"href":"https:\/\/dimensionturistica.com\/es\/wp-json\/wp\/v2\/posts\/448838\/revisions"}],"wp:featuredmedia":[{"embeddable":true,"href":"https:\/\/dimensionturistica.com\/es\/wp-json\/wp\/v2\/media\/448839"}],"wp:attachment":[{"href":"https:\/\/dimensionturistica.com\/es\/wp-json\/wp\/v2\/media?parent=448838"}],"wp:term":[{"taxonomy":"category","embeddable":true,"href":"https:\/\/dimensionturistica.com\/es\/wp-json\/wp\/v2\/categories?post=448838"},{"taxonomy":"post_tag","embeddable":true,"href":"https:\/\/dimensionturistica.com\/es\/wp-json\/wp\/v2\/tags?post=448838"}],"curies":[{"name":"wp","href":"https:\/\/api.w.org\/{rel}","templated":true}]}}