{"id":448290,"date":"2022-12-20T22:56:56","date_gmt":"2022-12-20T22:56:56","guid":{"rendered":"https:\/\/dimensionturistica.com\/es\/?p=448290"},"modified":"2022-12-20T22:56:56","modified_gmt":"2022-12-20T22:56:56","slug":"agencia-de-viajes-denuncia-nula-promocion-en-los-destinos-turisticos-de-campeche","status":"publish","type":"post","link":"https:\/\/dimensionturistica.com\/es\/agencia-de-viajes-denuncia-nula-promocion-en-los-destinos-turisticos-de-campeche\/","title":{"rendered":"Agencia de viajes denuncia nula promoci\u00f3n en los destinos tur\u00edsticos de Campeche"},"content":{"rendered":"<p> <br \/>\n<\/p>\n<div id=\"cuerpo-nota\">\n<p style=\"text-align: justify;\">En <strong>Campeche<\/strong>, el inicio de la t<strong>emporada vacacional decembrina<\/strong> fue espacio para promotores tur\u00edsticos de recordar que en la entidad hace falta promocionar otros puntos de atracci\u00f3n, no quedarse solo con <strong>Calakmul<\/strong> y <strong>Edzn\u00e1<\/strong>.<\/p>\n<p style=\"text-align: justify;\">Lo mencionado fue dado a conocer desde el Aeropuerto Internacional \u201cIng. Alberto Acu\u00f1a Ongay\u201d, por Jorge Escobedo Lara, representante de <strong>Viajes \u201cTuc\u00e1n Campeche\u201d<\/strong>, quien asegur\u00f3 tener buenas expectativas para el periodo nacional.<\/p>\n<aside class=\"htmlinline\"\/>\n<aside class=\"relacionadas con-foto\">\n<h5>Noticias Relacionadas<\/h5>\n<\/aside>\n<p class=\"image-align-center\"><img decoding=\"async\" alt=\"\" height=\"511\" src=\"https:\/\/news.google.com\/u\/fotografias\/m\/2022\/12\/20\/f768x1-244854_244981_15.jpeg\" width=\"768\"\/><\/p>\n<p style=\"text-align: justify;\">\u201cTenemos la confianza de salir adelante, pero el tema de los dos vuelos puede ser una desventaja, pero tenemos confianza\u201d, respondi\u00f3 el representante, al destacar que, en materia de ajustes de tarifa de servicios, los operadores formales contin\u00faan con precios estables.<\/p>\n<aside class=\"htmlinline\"\/>\n<aside class=\"relacionadas con-foto\">\n<h5>Noticias Relacionadas<\/h5>\n<\/aside>\n<p style=\"text-align: justify;\">Dijo que seguir\u00e1n as\u00ed al cierre de 2022, pese a los ajustes al salario m\u00ednimo, pero en comparaci\u00f3n con el tema de la inflaci\u00f3n, si tendr\u00e1n ligeras variaciones en cuanto a temas inflacionarios.<\/p>\n<p style=\"text-align: justify;\">S\u00edguenos en <a rel=\"nofollow noopener\" target=\"_blank\" href=\"https:\/\/news.google.com\/publications\/CAAqBwgKMMLDmwswhs6zAw?oc=3&amp;ceid=MX:es-419&amp;hl=es-419&amp;gl=MX\">Google News <\/a>y recibe la mejor informaci\u00f3n<\/p>\n<p style=\"text-align: justify;\">CC<\/p>\n<\/div>\n<p><script>\n      window.fbAsyncInit = function() {\n        FB.init({\n          appId      : '{292213061927134}',\n          status     : true,\n\t\t  version:  'v2.7',\n          xfbml      : true\n        });\nFB.Event.subscribe('comment.create', function (response) {grabacom_compa(364271)});\t\nFB.Event.subscribe('comment.remove',  function (response) {grabacom_compa(364271)});\t\nFB.Event.subscribe('edge.create',  function (response) {grabacom_compa(364271)});\nFB.Event.subscribe('edge.remove',  function (response) {grabacom_compa(364271)});\n      };\n(function(d, s, id) {\n  var js, fjs = d.getElementsByTagName(s)[0];\n  if (d.getElementById(id)) return;\n  js = d.createElement(s); js.id = id;\n  js.src = \"\/\/connect.facebook.net\/es_LA\/sdk.js#xfbml=1&version=v2.7&appId=292213061927134\";\n  fjs.parentNode.insertBefore(js, fjs);\n}(document, 'script', 'facebook-jssdk'));\n    <\/script><br \/>\n<br \/><\/p>\n<p><em> &#8221; Fuentes news.google.com &#8221; <\/em><\/p>\n","protected":false},"excerpt":{"rendered":"<p>En Campeche, el inicio de la temporada vacacional decembrina fue espacio para promotores tur\u00edsticos de recordar que en la entidad hace falta promocionar otros puntos de atracci\u00f3n, no quedarse solo con Calakmul y Edzn\u00e1. Lo mencionado fue dado a conocer desde el Aeropuerto Internacional \u201cIng. Alberto Acu\u00f1a Ongay\u201d, por Jorge Escobedo Lara, representante de Viajes [&hellip;]<\/p>\n","protected":false},"author":4,"featured_media":448291,"comment_status":"open","ping_status":"closed","sticky":false,"template":"","format":"standard","meta":{"om_disable_all_campaigns":false,"jnews-multi-image_gallery":[],"jnews_single_post":[],"jnews_primary_category":[],"jnews_social_meta":[],"footnotes":""},"categories":[39],"tags":[33919],"class_list":["post-448290","post","type-post","status-publish","format-standard","has-post-thumbnail","hentry","category-viajes","tag-turismo-en-campeche"],"_links":{"self":[{"href":"https:\/\/dimensionturistica.com\/es\/wp-json\/wp\/v2\/posts\/448290","targetHints":{"allow":["GET"]}}],"collection":[{"href":"https:\/\/dimensionturistica.com\/es\/wp-json\/wp\/v2\/posts"}],"about":[{"href":"https:\/\/dimensionturistica.com\/es\/wp-json\/wp\/v2\/types\/post"}],"author":[{"embeddable":true,"href":"https:\/\/dimensionturistica.com\/es\/wp-json\/wp\/v2\/users\/4"}],"replies":[{"embeddable":true,"href":"https:\/\/dimensionturistica.com\/es\/wp-json\/wp\/v2\/comments?post=448290"}],"version-history":[{"count":0,"href":"https:\/\/dimensionturistica.com\/es\/wp-json\/wp\/v2\/posts\/448290\/revisions"}],"wp:featuredmedia":[{"embeddable":true,"href":"https:\/\/dimensionturistica.com\/es\/wp-json\/wp\/v2\/media\/448291"}],"wp:attachment":[{"href":"https:\/\/dimensionturistica.com\/es\/wp-json\/wp\/v2\/media?parent=448290"}],"wp:term":[{"taxonomy":"category","embeddable":true,"href":"https:\/\/dimensionturistica.com\/es\/wp-json\/wp\/v2\/categories?post=448290"},{"taxonomy":"post_tag","embeddable":true,"href":"https:\/\/dimensionturistica.com\/es\/wp-json\/wp\/v2\/tags?post=448290"}],"curies":[{"name":"wp","href":"https:\/\/api.w.org\/{rel}","templated":true}]}}