{"id":448241,"date":"2022-12-20T21:38:06","date_gmt":"2022-12-20T21:38:06","guid":{"rendered":"https:\/\/dimensionturistica.com\/es\/?p=448241"},"modified":"2022-12-20T21:38:06","modified_gmt":"2022-12-20T21:38:06","slug":"francia-prohibe-vuelos-cortos-se-inclina-por-viajes-en-tren","status":"publish","type":"post","link":"https:\/\/dimensionturistica.com\/es\/francia-prohibe-vuelos-cortos-se-inclina-por-viajes-en-tren\/","title":{"rendered":"Francia proh\u00edbe vuelos cortos, se inclina por viajes en tren"},"content":{"rendered":"<p> <br \/>\n<\/p>\n<div>\n<p>No es un secreto que las <strong>emisiones de gases de efecto invernadero<\/strong> afectan cada vez de forma m\u00e1s severa al planeta, las grandes potencias mundiales comienzan a idear estrategias que permitan combatir el <strong>cambio clim\u00e1tico <\/strong>y las emisiones, as\u00ed, hace poco m\u00e1s de un a\u00f1o naci\u00f3 una propuesta en Francia: <strong>eliminar los viajes cortes en avi\u00f3n <\/strong>y optar por la <strong>movilidad v\u00eda tren<\/strong>.<\/p>\n<p>Aunque la iniciativa se encontraba en estudio y an\u00e1lisis, todo apunta a que ser\u00e1 muy pronto una realidad. La propuesta que surgiera de la <strong>Ley del Clima Francesa<\/strong> aprobada en el 2021 ha dado el visto bueno a la concept de<strong> reducir el impacto de las emisiones <\/strong>de gases de efecto invernadero producto de los viajes en avi\u00f3n.<\/p>\n<p>Te puede interesar: <a rel=\"nofollow noopener\" target=\"_blank\" href=\"https:\/\/www.soynomada.news\/noticias\/Francia-podria-prohibir-vuelos-nacionales-cortos-para-reducir-emision-de-CO2-20210413-0015.html\">Francia podr\u00eda prohibir vuelos nacionales cortos para reducir emisi\u00f3n de CO2<\/a><\/p>\n<p>Desp\u00faes\u00a0de un a\u00f1o de analizarla, en lo que respecta al Reglamento Europeo de Servicios A\u00e9reos, el cual permite a cualquier estado miembro limitar o<strong> denegar el tr\u00e1fico cuando existan problemas medioambientales graves<\/strong>, se ha dado luz verde desde el pasado 1 de diciembre a la propuesta e iniciativa de ley de la Comisi\u00f3n Europea.<\/p>\n<p>De esta forma, <a rel=\"nofollow noopener\" target=\"_blank\" href=\"https:\/\/www.soynomada.news\/seccion\/noticias\/\">Francia<\/a> se ha convertido en el primer pa\u00eds que aboga por esta normativa, la intenci\u00f3n\u00a0es que otros miembros de<strong> EU<\/strong> puedan aplicar esta nueva iniciativa. La regla basic ser\u00e1 la siguiente, todos los vuelos que puedan sustituirse por trayectos en tren <strong>de menos de dos horas y media <\/strong>deber\u00e1n evitarse, esto involucra vuelos de corta distancia dentro de Francia.<\/p>\n<p>Te puede interesar: <a rel=\"nofollow noopener\" target=\"_blank\" href=\"https:\/\/www.soynomada.news\/tips\/Cuantas-horas-son-de-Guadalajara-a-Paris-y-cuanto-cuesta-un-vuelo-20211225-0005.html\">Cu\u00e1ntas horas son de Guadalajara a Par\u00eds y cu\u00e1nto cuesta un vuelo<\/a><\/p>\n<p>Aun no se sabe la fecha concreta para entre en vigor esta nueva ley, ya que\u00a0a\u00fan se mantienen discusiones generales respecto a lo que pasar\u00e1 en<strong> vuelos con jets privados<\/strong>, pues la iniciativa\u00a0va dirigida especialmente a los vuelos p\u00fablicos.<\/p>\n<p>La oleda de cr\u00edticas sobre lo anterior se suscito despu\u00e9s de que <strong>Kylian Mbapp\u00e9<\/strong>, estrella del PSG y de la selecci\u00f3n francesa, se burlar\u00e1 de la posibilidad de\u00a0transportarse en tren en lugar de un avi\u00f3n privado, en tanto el reglamento tendr\u00e1 una <strong>efectuaci\u00f3n de tres a\u00f1os<\/strong> y es posible que se le aplique una pr\u00f3rroga.<\/p>\n<\/div>\n\n<p><em> &#8221; Fuentes news.google.com &#8221; <\/em><\/p>\n","protected":false},"excerpt":{"rendered":"<p>No es un secreto que las emisiones de gases de efecto invernadero afectan cada vez de forma m\u00e1s severa al planeta, las grandes potencias mundiales comienzan a idear estrategias que permitan combatir el cambio clim\u00e1tico y las emisiones, as\u00ed, hace poco m\u00e1s de un a\u00f1o naci\u00f3 una propuesta en Francia: eliminar los viajes cortes en [&hellip;]<\/p>\n","protected":false},"author":4,"featured_media":448242,"comment_status":"open","ping_status":"closed","sticky":false,"template":"","format":"standard","meta":{"om_disable_all_campaigns":false,"jnews-multi-image_gallery":[],"jnews_single_post":[],"jnews_primary_category":[],"jnews_social_meta":[],"footnotes":""},"categories":[39],"tags":[1423],"class_list":["post-448241","post","type-post","status-publish","format-standard","has-post-thumbnail","hentry","category-viajes","tag-viajes-internacionales"],"_links":{"self":[{"href":"https:\/\/dimensionturistica.com\/es\/wp-json\/wp\/v2\/posts\/448241","targetHints":{"allow":["GET"]}}],"collection":[{"href":"https:\/\/dimensionturistica.com\/es\/wp-json\/wp\/v2\/posts"}],"about":[{"href":"https:\/\/dimensionturistica.com\/es\/wp-json\/wp\/v2\/types\/post"}],"author":[{"embeddable":true,"href":"https:\/\/dimensionturistica.com\/es\/wp-json\/wp\/v2\/users\/4"}],"replies":[{"embeddable":true,"href":"https:\/\/dimensionturistica.com\/es\/wp-json\/wp\/v2\/comments?post=448241"}],"version-history":[{"count":0,"href":"https:\/\/dimensionturistica.com\/es\/wp-json\/wp\/v2\/posts\/448241\/revisions"}],"wp:featuredmedia":[{"embeddable":true,"href":"https:\/\/dimensionturistica.com\/es\/wp-json\/wp\/v2\/media\/448242"}],"wp:attachment":[{"href":"https:\/\/dimensionturistica.com\/es\/wp-json\/wp\/v2\/media?parent=448241"}],"wp:term":[{"taxonomy":"category","embeddable":true,"href":"https:\/\/dimensionturistica.com\/es\/wp-json\/wp\/v2\/categories?post=448241"},{"taxonomy":"post_tag","embeddable":true,"href":"https:\/\/dimensionturistica.com\/es\/wp-json\/wp\/v2\/tags?post=448241"}],"curies":[{"name":"wp","href":"https:\/\/api.w.org\/{rel}","templated":true}]}}