{"id":447962,"date":"2022-12-20T16:34:43","date_gmt":"2022-12-20T16:34:43","guid":{"rendered":"https:\/\/dimensionturistica.com\/es\/?p=447962"},"modified":"2022-12-20T16:34:43","modified_gmt":"2022-12-20T16:34:43","slug":"apapacha-a-los-amantes-del-cafe-regalando-una-membresia-30x299-de-cielito-querido-cafe","status":"publish","type":"post","link":"https:\/\/dimensionturistica.com\/es\/apapacha-a-los-amantes-del-cafe-regalando-una-membresia-30x299-de-cielito-querido-cafe\/","title":{"rendered":"Apapacha a los amantes del caf\u00e9 regalando una Membres\u00eda 30x$299 de Cielito Querido Caf\u00e9"},"content":{"rendered":"<p>El famoso compositor de \u00f3peras Giuseppe Verdi, dec\u00eda que \u201cel caf\u00e9 es un b\u00e1lsamo para el coraz\u00f3n y el esp\u00edritu\u201d; y Johann Sebastian Bach, afirmaba que \u201csin mi caf\u00e9 de la ma\u00f1ana, soy s\u00f3lo como una pieza dorada y seca de carnero\u201d.<br \/>\nAs\u00ed como ellos, millones de personas no son nada sin su caf\u00e9 del d\u00eda, sobre todo por las ma\u00f1anas. Por algo, es la bebida m\u00e1s consumida despu\u00e9s del agua en todo el mundo; y de acuerdo con la consultora Kantar, el<img decoding=\"async\" class=\"size-medium wp-image-447968 alignright\" src=\"https:\/\/dimensionturistica.com\/es\/wp-content\/uploads\/2022\/12\/descarga-12-298x300.webp\" alt=\"\" width=\"298\" height=\"300\" srcset=\"https:\/\/dimensionturistica.com\/es\/wp-content\/uploads\/2022\/12\/descarga-12-298x300.webp 298w, https:\/\/dimensionturistica.com\/es\/wp-content\/uploads\/2022\/12\/descarga-12-1018x1024.webp 1018w, https:\/\/dimensionturistica.com\/es\/wp-content\/uploads\/2022\/12\/descarga-12-150x150.webp 150w, https:\/\/dimensionturistica.com\/es\/wp-content\/uploads\/2022\/12\/descarga-12-768x772.webp 768w, https:\/\/dimensionturistica.com\/es\/wp-content\/uploads\/2022\/12\/descarga-12-75x75.webp 75w, https:\/\/dimensionturistica.com\/es\/wp-content\/uploads\/2022\/12\/descarga-12-750x754.webp 750w, https:\/\/dimensionturistica.com\/es\/wp-content\/uploads\/2022\/12\/descarga-12-1140x1147.webp 1140w, https:\/\/dimensionturistica.com\/es\/wp-content\/uploads\/2022\/12\/descarga-12.webp 1200w\" sizes=\"(max-width: 298px) 100vw, 298px\" \/> 84% de los hogares mexicanos consume caf\u00e9 soluble, destacando un importante crecimiento del 20.8% en el pa\u00eds en cuanto a compras de caf\u00e9 tostado y molido entre 2020 y 2021.<br \/>\nDisfrutar de un buen caf\u00e9 es m\u00e1s que un h\u00e1bito, representa toda una cultura llena de notas y aromas por descubrir, saboreando experiencias que apapachan el alma. Se trata de una bebida que a pesar de que se toma todo el tiempo en M\u00e9xico, debido a los fr\u00edos de temporada son el primer y \u00faltimo trimestre del a\u00f1o cuando m\u00e1s se mueve en el mercado. Nos da calor y nos recuerda la esencia de nuestra tierra, llevando en cada grano lo mejor de estados como Veracruz, Chiapas o Oaxaca por ejemplo.<br \/>\nCon el fin de convertir el consumo habitual de caf\u00e9 a una experiencia mucho m\u00e1s inolvidable, Cielito Querido Caf\u00e9 lanz\u00f3 hace unos meses su Membres\u00eda 30x$299, que en estas fechas de intercambios navide\u00f1os se convierte en el regalo ideal para las personas que sin su caf\u00e9 diario simplemente no se hayan durante su jornada.<br \/>\nEl mejor caf\u00e9 de M\u00e9xico, a tan s\u00f3lo unos clicks<br \/>\nPara darse de alta y empezar a ahorrar disfrutando del aut\u00e9ntico caf\u00e9 mexicano de altura, s\u00f3lo hay que descargar la app gratuita de Cielito (para iOS o Android). Una vez activada la membres\u00eda en la aplicaci\u00f3n, el caf\u00e9 del d\u00eda con el sabor incomparable de la famosa cadena de cafeter\u00edas empezar\u00e1 a tener un costo preferencial.<br \/>\nSe trata de una opci\u00f3n para ahorrar dinero como nunca tomando una bebida llena de tradici\u00f3n, pues por s\u00f3lo $299 pesos al mes el suscriptor puede pasar a cualquiera de los 80 Cielitos del pa\u00eds por su caf\u00e9 del d\u00eda<img decoding=\"async\" class=\"size-medium wp-image-447966 alignright\" src=\"https:\/\/dimensionturistica.com\/es\/wp-content\/uploads\/2022\/12\/294633084_8060416567309534_27331309931739655_n-240x300.webp\" alt=\"\" width=\"240\" height=\"300\" srcset=\"https:\/\/dimensionturistica.com\/es\/wp-content\/uploads\/2022\/12\/294633084_8060416567309534_27331309931739655_n-240x300.webp 240w, https:\/\/dimensionturistica.com\/es\/wp-content\/uploads\/2022\/12\/294633084_8060416567309534_27331309931739655_n-819x1024.webp 819w, https:\/\/dimensionturistica.com\/es\/wp-content\/uploads\/2022\/12\/294633084_8060416567309534_27331309931739655_n-768x960.webp 768w, https:\/\/dimensionturistica.com\/es\/wp-content\/uploads\/2022\/12\/294633084_8060416567309534_27331309931739655_n-750x938.webp 750w, https:\/\/dimensionturistica.com\/es\/wp-content\/uploads\/2022\/12\/294633084_8060416567309534_27331309931739655_n.webp 1080w\" sizes=\"(max-width: 240px) 100vw, 240px\" \/> en tama\u00f1o mediano, adem\u00e1s de acceder a beneficios y regalos extra dependiendo de la cantidad de meses acumulados como parte de la familia de Membres\u00eda 30x$299.<br \/>\nAl cumplir 3 meses de antig\u00fcedad, el regalo es cualquier bebida del men\u00fa en tama\u00f1o mediano por una ocasi\u00f3n; a los 6 meses, la recompensa es una fina pieza de pan para acompa\u00f1ar el caf\u00e9 del d\u00eda; y tras 9 meses seguidos de aprovechar este beneficio para las carteras y bolsillos, el premio crece a cualquier bebida grande, s\u00e1ndwich o panader\u00eda mostrando la aplicaci\u00f3n. Finalmente, tras un a\u00f1o de hacer v\u00e1lida la Membres\u00eda 30x$299, el regalo es un termo ? edici\u00f3n especial con dise\u00f1o exclusivo para los miembros, distinto a los que se venden en sucursales.<br \/>\nYa sea para consentirte, para hacer m\u00e1s llevaderas las semanas de fr\u00edo o para hacerle saber a esa persona especial que la quieres y tiene un lugar en tu coraz\u00f3n, regala o reg\u00e1late una Membres\u00eda 30x$299, la manera m\u00e1s f\u00e1cil y barata de ahorrar con algo tan necesario como el caf\u00e9 del d\u00eda, pero con el apapacho que caracteriza a Cielito Querido Caf\u00e9.<\/p>\n","protected":false},"excerpt":{"rendered":"<p>El famoso compositor de \u00f3peras Giuseppe Verdi, dec\u00eda que \u201cel caf\u00e9 es un b\u00e1lsamo para el coraz\u00f3n y el esp\u00edritu\u201d; y Johann Sebastian Bach, afirmaba que \u201csin mi caf\u00e9 de la ma\u00f1ana, soy s\u00f3lo como una pieza dorada y seca de carnero\u201d. As\u00ed como ellos, millones de personas no son nada sin su caf\u00e9 del [&hellip;]<\/p>\n","protected":false},"author":1,"featured_media":447967,"comment_status":"open","ping_status":"closed","sticky":false,"template":"","format":"standard","meta":{"om_disable_all_campaigns":false,"jnews-multi-image_gallery":[],"jnews_single_post":{"source_name":"","source_url":"","via_name":"","via_url":"","override_template":"0","override":[{"template":"1","single_blog_custom":"","parallax":"1","fullscreen":"1","layout":"right-sidebar","sidebar":"default-sidebar","second_sidebar":"default-sidebar","sticky_sidebar":"1","share_position":"top","share_float_style":"share-monocrhome","show_share_counter":"1","show_view_counter":"1","show_featured":"1","show_post_meta":"1","show_post_author":"1","show_post_author_image":"1","show_post_date":"1","post_date_format":"default","post_date_format_custom":"Y\/m\/d","show_post_category":"1","show_post_reading_time":"0","post_reading_time_wpm":"300","show_zoom_button":"0","zoom_button_out_step":"2","zoom_button_in_step":"3","show_post_tag":"1","show_prev_next_post":"1","show_popup_post":"1","number_popup_post":"1","show_author_box":"0","show_post_related":"0","show_inline_post_related":"0"}],"override_image_size":"0","image_override":[{"single_post_thumbnail_size":"crop-500","single_post_gallery_size":"crop-500"}],"trending_post":"0","trending_post_position":"meta","trending_post_label":"Trending","sponsored_post":"0","sponsored_post_label":"Sponsored by","sponsored_post_name":"","sponsored_post_url":"","sponsored_post_logo_enable":"0","sponsored_post_logo":"","sponsored_post_desc":"","disable_ad":"0"},"jnews_primary_category":{"id":"","hide":""},"jnews_social_meta":{"fb_title":"","fb_description":"","fb_image":"","twitter_title":"","twitter_description":"","twitter_image":""},"footnotes":""},"categories":[43],"tags":[],"class_list":["post-447962","post","type-post","status-publish","format-standard","has-post-thumbnail","hentry","category-gourmet"],"_links":{"self":[{"href":"https:\/\/dimensionturistica.com\/es\/wp-json\/wp\/v2\/posts\/447962","targetHints":{"allow":["GET"]}}],"collection":[{"href":"https:\/\/dimensionturistica.com\/es\/wp-json\/wp\/v2\/posts"}],"about":[{"href":"https:\/\/dimensionturistica.com\/es\/wp-json\/wp\/v2\/types\/post"}],"author":[{"embeddable":true,"href":"https:\/\/dimensionturistica.com\/es\/wp-json\/wp\/v2\/users\/1"}],"replies":[{"embeddable":true,"href":"https:\/\/dimensionturistica.com\/es\/wp-json\/wp\/v2\/comments?post=447962"}],"version-history":[{"count":0,"href":"https:\/\/dimensionturistica.com\/es\/wp-json\/wp\/v2\/posts\/447962\/revisions"}],"wp:featuredmedia":[{"embeddable":true,"href":"https:\/\/dimensionturistica.com\/es\/wp-json\/wp\/v2\/media\/447967"}],"wp:attachment":[{"href":"https:\/\/dimensionturistica.com\/es\/wp-json\/wp\/v2\/media?parent=447962"}],"wp:term":[{"taxonomy":"category","embeddable":true,"href":"https:\/\/dimensionturistica.com\/es\/wp-json\/wp\/v2\/categories?post=447962"},{"taxonomy":"post_tag","embeddable":true,"href":"https:\/\/dimensionturistica.com\/es\/wp-json\/wp\/v2\/tags?post=447962"}],"curies":[{"name":"wp","href":"https:\/\/api.w.org\/{rel}","templated":true}]}}