{"id":447918,"date":"2022-12-20T15:59:05","date_gmt":"2022-12-20T15:59:05","guid":{"rendered":"https:\/\/dimensionturistica.com\/es\/?p=447918"},"modified":"2022-12-20T15:59:05","modified_gmt":"2022-12-20T15:59:05","slug":"informa-viva-aerobus-sobre-la-resolucion-judicial-a-favor-de-la-tarifa-zero-en-beneficio-de-la-economia-de-los-pasajeros","status":"publish","type":"post","link":"https:\/\/dimensionturistica.com\/es\/informa-viva-aerobus-sobre-la-resolucion-judicial-a-favor-de-la-tarifa-zero-en-beneficio-de-la-economia-de-los-pasajeros\/","title":{"rendered":"Informa Viva Aerobus sobre la resoluci\u00f3n judicial a favor de la tarifa zero en beneficio de la econom\u00eda de los pasajeros"},"content":{"rendered":"<p>Viva Aerobus informa que, de acuerdo con la sentencia emitida por los Tribunales Federales competentes, la Tarifa Zero se encuentra, en su totalidad, apegada a lo que estipula la Ley de Aviaci\u00f3n Civil.<br \/>\nViva recuerda que, consciente de las diversas necesidades y perfiles de los pasajeros, ofrece cuatro modalidades de viaje que incluyen distinto n\u00famero de maletas, de peso y tama\u00f1o diferentes. De esta manera, la aerol\u00ednea es capaz de proporcionar a sus pasajeros importantes descuentos, en beneficio de su econom\u00eda, cuando no desean transportar cierta cantidad de equipaje. As\u00ed, se les confiere de libertad y el<img decoding=\"async\" class=\"size-medium wp-image-447924 alignright\" src=\"https:\/\/dimensionturistica.com\/es\/wp-content\/uploads\/2022\/12\/Viva-Aerobus_A321-300x200.jpg\" alt=\"\" width=\"300\" height=\"200\" srcset=\"https:\/\/dimensionturistica.com\/es\/wp-content\/uploads\/2022\/12\/Viva-Aerobus_A321-300x200.jpg 300w, https:\/\/dimensionturistica.com\/es\/wp-content\/uploads\/2022\/12\/Viva-Aerobus_A321-1024x683.jpg 1024w, https:\/\/dimensionturistica.com\/es\/wp-content\/uploads\/2022\/12\/Viva-Aerobus_A321-768x512.jpg 768w, https:\/\/dimensionturistica.com\/es\/wp-content\/uploads\/2022\/12\/Viva-Aerobus_A321-1536x1024.jpg 1536w, https:\/\/dimensionturistica.com\/es\/wp-content\/uploads\/2022\/12\/Viva-Aerobus_A321-2048x1365.jpg 2048w, https:\/\/dimensionturistica.com\/es\/wp-content\/uploads\/2022\/12\/Viva-Aerobus_A321-750x500.jpg 750w, https:\/\/dimensionturistica.com\/es\/wp-content\/uploads\/2022\/12\/Viva-Aerobus_A321-1140x760.jpg 1140w\" sizes=\"(max-width: 300px) 100vw, 300px\" \/> derecho de elecci\u00f3n para evitar pagos innecesarios por servicios no requeridos.<br \/>\nAl respecto, la aerol\u00ednea detalla que su tarifa base o est\u00e1ndar es Viva Smart, la cual incluye dos maletas de mano que suman hasta 15 kg en total y 25 kilogramos de equipaje documentado, cumpliendo cabalmente con el equipaje establecido en la Ley de Aviaci\u00f3n Civil.<br \/>\nAdem\u00e1s de esta tarifa est\u00e1ndar, Viva cuenta con tres tarifas preferenciales \u2013 Zero, Light y Extra- para quienes viajan ligeros de acuerdo con el Cap\u00edtulo X Bis de los derechos y las obligaciones de los pasajeros, Art\u00edculo 47 Bis, Apartado X: \u201cEn caso de que el pasajero decida viajar sin equipaje, el concesionario o permisionario podr\u00e1 ofertar una tarifa preferencial en beneficio del pasajero\u201d. Puntualmente, la Tarifa Zero incluye un art\u00edculo personal, cuyas medidas no excedan de 35x45x20 cent\u00edmetros, como una bolsa de mano o mochila.<br \/>\nEsta resoluci\u00f3n a favor de la aerol\u00ednea resulta de un amparo interpuesto por Viva Aerobus, por la alerta emitida por la Procuradur\u00eda Federal del Consumidor (PROFECO) el 01 de diciembre de 2021, cuya interpretaci\u00f3n de la Ley de Aviaci\u00f3n Civil difer\u00eda con lo ofrecido por la Tarifa Zero. En este sentido, de acuerdo con la sentencia de la autoridad judicial, se determin\u00f3 que los pasajeros pueden acceder a dichas tarifas preferenciales ya sea si deciden renunciar a su derecho de transportar equipaje de mano o equipaje documentado. Por consiguiente, tras esta resoluci\u00f3n, tal alerta queda sin efecto y todos los pasajeros podr\u00e1n seguir disfrutando de las ventajas de viajar ligero y ahorrando m\u00e1s con este tipo de modalidades de viaje.<br \/>\nViva Aerobus reitera su compromiso con los pasajeros a trav\u00e9s de una propuesta de valor con los precios m\u00e1s bajos del mercado, vuelos punto a punto, y la libre elecci\u00f3n para personalizar sus vuelos, poniendo as\u00ed al alcance de m\u00e1s personas la posibilidad de viajar en avi\u00f3n.<\/p>\n","protected":false},"excerpt":{"rendered":"<p>Viva Aerobus informa que, de acuerdo con la sentencia emitida por los Tribunales Federales competentes, la Tarifa Zero se encuentra, en su totalidad, apegada a lo que estipula la Ley de Aviaci\u00f3n Civil. Viva recuerda que, consciente de las diversas necesidades y perfiles de los pasajeros, ofrece cuatro modalidades de viaje que incluyen distinto n\u00famero [&hellip;]<\/p>\n","protected":false},"author":1,"featured_media":447925,"comment_status":"open","ping_status":"closed","sticky":false,"template":"","format":"standard","meta":{"om_disable_all_campaigns":false,"jnews-multi-image_gallery":[],"jnews_single_post":{"source_name":"","source_url":"","via_name":"","via_url":"","override_template":"0","override":[{"template":"1","single_blog_custom":"","parallax":"1","fullscreen":"1","layout":"right-sidebar","sidebar":"default-sidebar","second_sidebar":"default-sidebar","sticky_sidebar":"1","share_position":"top","share_float_style":"share-monocrhome","show_share_counter":"1","show_view_counter":"1","show_featured":"1","show_post_meta":"1","show_post_author":"1","show_post_author_image":"1","show_post_date":"1","post_date_format":"default","post_date_format_custom":"Y\/m\/d","show_post_category":"1","show_post_reading_time":"0","post_reading_time_wpm":"300","show_zoom_button":"0","zoom_button_out_step":"2","zoom_button_in_step":"3","show_post_tag":"1","show_prev_next_post":"1","show_popup_post":"1","number_popup_post":"1","show_author_box":"0","show_post_related":"0","show_inline_post_related":"0"}],"override_image_size":"0","image_override":[{"single_post_thumbnail_size":"crop-500","single_post_gallery_size":"crop-500"}],"trending_post":"0","trending_post_position":"meta","trending_post_label":"Trending","sponsored_post":"0","sponsored_post_label":"Sponsored by","sponsored_post_name":"","sponsored_post_url":"","sponsored_post_logo_enable":"0","sponsored_post_logo":"","sponsored_post_desc":"","disable_ad":"0"},"jnews_primary_category":{"id":"","hide":""},"jnews_social_meta":{"fb_title":"","fb_description":"","fb_image":"","twitter_title":"","twitter_description":"","twitter_image":""},"footnotes":""},"categories":[39],"tags":[],"class_list":["post-447918","post","type-post","status-publish","format-standard","has-post-thumbnail","hentry","category-viajes"],"_links":{"self":[{"href":"https:\/\/dimensionturistica.com\/es\/wp-json\/wp\/v2\/posts\/447918","targetHints":{"allow":["GET"]}}],"collection":[{"href":"https:\/\/dimensionturistica.com\/es\/wp-json\/wp\/v2\/posts"}],"about":[{"href":"https:\/\/dimensionturistica.com\/es\/wp-json\/wp\/v2\/types\/post"}],"author":[{"embeddable":true,"href":"https:\/\/dimensionturistica.com\/es\/wp-json\/wp\/v2\/users\/1"}],"replies":[{"embeddable":true,"href":"https:\/\/dimensionturistica.com\/es\/wp-json\/wp\/v2\/comments?post=447918"}],"version-history":[{"count":0,"href":"https:\/\/dimensionturistica.com\/es\/wp-json\/wp\/v2\/posts\/447918\/revisions"}],"wp:featuredmedia":[{"embeddable":true,"href":"https:\/\/dimensionturistica.com\/es\/wp-json\/wp\/v2\/media\/447925"}],"wp:attachment":[{"href":"https:\/\/dimensionturistica.com\/es\/wp-json\/wp\/v2\/media?parent=447918"}],"wp:term":[{"taxonomy":"category","embeddable":true,"href":"https:\/\/dimensionturistica.com\/es\/wp-json\/wp\/v2\/categories?post=447918"},{"taxonomy":"post_tag","embeddable":true,"href":"https:\/\/dimensionturistica.com\/es\/wp-json\/wp\/v2\/tags?post=447918"}],"curies":[{"name":"wp","href":"https:\/\/api.w.org\/{rel}","templated":true}]}}