{"id":447910,"date":"2022-12-20T17:54:33","date_gmt":"2022-12-20T17:54:33","guid":{"rendered":"https:\/\/dimensionturistica.com\/es\/?p=447910"},"modified":"2022-12-20T17:54:33","modified_gmt":"2022-12-20T17:54:33","slug":"viva-aerobus-inaugura-sus-nuevas-rutas-saliendo-del-aifa-con-destino-a-tijuana-y-la-habana-cuba","status":"publish","type":"post","link":"https:\/\/dimensionturistica.com\/es\/viva-aerobus-inaugura-sus-nuevas-rutas-saliendo-del-aifa-con-destino-a-tijuana-y-la-habana-cuba\/","title":{"rendered":"Viva Aerobus inaugura sus nuevas rutas saliendo del AIFA con destino a Tijuana y La Habana, Cuba"},"content":{"rendered":"<p>Hoy, directivos del Aeropuerto Internacional Felipe \u00c1ngeles (AIFA) y de Viva Aerobus celebraron el crecimiento de la aerol\u00ednea de bajo costo en dicho aeropuerto con la inauguraci\u00f3n de su primera ruta <img decoding=\"async\" class=\" wp-image-448028 alignright\" src=\"https:\/\/dimensionturistica.com\/es\/wp-content\/uploads\/2022\/12\/th-45-300x142.jpeg\" alt=\"\" width=\"423\" height=\"200\" srcset=\"https:\/\/dimensionturistica.com\/es\/wp-content\/uploads\/2022\/12\/th-45-300x142.jpeg 300w, https:\/\/dimensionturistica.com\/es\/wp-content\/uploads\/2022\/12\/th-45.jpeg 474w\" sizes=\"(max-width: 423px) 100vw, 423px\" \/>internacional regular con destino a La Habana y el inicio de operaciones de su ruta de temporada invernal a Tijuana, disponible hasta el 10 de enero. Ambos servicios ofrecen un vuelo diario y son operados con la flota m\u00e1s joven de M\u00e9xico con una edad promedio de 5 a\u00f1os.<br \/>\nEsta ma\u00f1ana, a las 08:55, el primer vuelo a la capital cubana desde el AIFA fue despedido con un ba\u00f1o de agua a manera de festejo por este nuevo puente a\u00e9reo que acerca ambos pa\u00edses; este vuelo aterriz\u00f3 en el Aeropuerto Internacional Jos\u00e9 Mart\u00ed a las 12:45 hrs. M\u00e1s tarde, hacia las 17:45 horas, tambi\u00e9n se festej\u00f3 la partida del vuelo inaugural de la ruta a Tijuana, cuya llegada a la ciudad fronteriza est\u00e1 programada para las 19:40 hora local.<br \/>\n\u201cEl crecimiento de Viva Aerobus en nuestro aeropuerto es prueba de la calidad en el servicio e infraestructura de punta con la que atendemos a todos los pasajeros. Agradecemos la confianza de Viva Aerobus y su compromiso por fortalecer la conectividad de la Zona Metropolitana del Valle de M\u00e9xico. Juntos seguiremos transportando a m\u00e1s pasajeros; hoy por hoy, en el AIFA ya sumamos m\u00e1s de 8 mil pasajeros diarios, en promedio\u201d, afirm\u00f3 el General Isidoro Pastor, Director General del AIFA.<br \/>\nCon estas inauguraciones, Viva ya suma siete rutas desde\/hacia el AIFA, volando a Acapulco, Canc\u00fan, <img decoding=\"async\" class=\" wp-image-448030 alignright\" src=\"https:\/\/dimensionturistica.com\/es\/wp-content\/uploads\/2022\/12\/th-4-2-300x169.jpeg\" alt=\"\" width=\"391\" height=\"220\" srcset=\"https:\/\/dimensionturistica.com\/es\/wp-content\/uploads\/2022\/12\/th-4-2-300x169.jpeg 300w, https:\/\/dimensionturistica.com\/es\/wp-content\/uploads\/2022\/12\/th-4-2.jpeg 474w\" sizes=\"(max-width: 391px) 100vw, 391px\" \/>Monterrey, Oaxaca, Puerto Escondido, Tijuana y La Habana.<br \/>\n\u201cSeguimos ampliando nuestra oferta en el nuevo Aeropuerto de la Ciudad de M\u00e9xico para darle a todos nuestros pasajeros m\u00e1s opciones para que viajen, con toda comodidad y al mejor precio, desde distintos puntos del \u00e1rea metropolitana. Es un aeropuerto con un gran potencial por su capacidad e infraestructura y con estas dos nuevas rutas conectamos a la capital con uno de los pasos fronterizos m\u00e1s importantes del mundo y con un pa\u00eds que comparte grandes lazos con M\u00e9xico\u201d, explic\u00f3 Juan Carlos Zuazua, Director General de Viva Aerobus.<br \/>\nLa selecci\u00f3n de estas nuevas dos rutas por parte de Viva Aerobus responde al gran potencial de mercado en dichos destinos. Por un lado, de acuerdo con la m\u00e1s reciente informaci\u00f3n de la Secretar\u00eda de Turismo, la <img decoding=\"async\" class=\" wp-image-448031 alignright\" src=\"https:\/\/dimensionturistica.com\/es\/wp-content\/uploads\/2022\/12\/th-1-26-300x137.jpeg\" alt=\"\" width=\"464\" height=\"212\" srcset=\"https:\/\/dimensionturistica.com\/es\/wp-content\/uploads\/2022\/12\/th-1-26-300x137.jpeg 300w, https:\/\/dimensionturistica.com\/es\/wp-content\/uploads\/2022\/12\/th-1-26.jpeg 474w\" sizes=\"(max-width: 464px) 100vw, 464px\" \/>llegada de visitantes cubanos v\u00eda a\u00e9rea de enero a septiembre del 2022 increment\u00f3 en un 654% en comparaci\u00f3n con el mismo periodo del 2021, sumando m\u00e1s de 50 mil turistas de la isla.<br \/>\nPor otra parte, el servicio a Tijuana atiende las necesidades de conectividad durante la temporada vacacional de fin de a\u00f1o tanto entre el norte y centro del pa\u00eds, como entre M\u00e9xico y Estados Unidos. Y es que adem\u00e1s de los vuelos directos entre ambas ciudades, Viva Aerobus ofrece a sus pasajeros la posibilidad de trasladarse f\u00e1cilmente desde el Aeropuerto Internacional de Tijuana a San Diego mediante el puente peatonal Cross Border Express (CBX). Para ello, los pasajeros pueden adquirir su boleto para cruzar dicho puente en cualquiera de los canales de venta de la aerol\u00ednea: sitio web, Call Center, Viva Tiendas y\/o los mostradores de Viva al interior del CBX.<\/p>\n<p>&nbsp;<\/p>\n","protected":false},"excerpt":{"rendered":"<p>Hoy, directivos del Aeropuerto Internacional Felipe \u00c1ngeles (AIFA) y de Viva Aerobus celebraron el crecimiento de la aerol\u00ednea de bajo costo en dicho aeropuerto con la inauguraci\u00f3n de su primera ruta internacional regular con destino a La Habana y el inicio de operaciones de su ruta de temporada invernal a Tijuana, disponible hasta el 10 [&hellip;]<\/p>\n","protected":false},"author":1,"featured_media":448027,"comment_status":"open","ping_status":"closed","sticky":false,"template":"","format":"standard","meta":{"om_disable_all_campaigns":false,"jnews-multi-image_gallery":[],"jnews_single_post":{"source_name":"","source_url":"","via_name":"","via_url":"","override_template":"0","override":[{"template":"1","single_blog_custom":"","parallax":"1","fullscreen":"1","layout":"right-sidebar","sidebar":"default-sidebar","second_sidebar":"default-sidebar","sticky_sidebar":"1","share_position":"top","share_float_style":"share-monocrhome","show_share_counter":"1","show_view_counter":"1","show_featured":"1","show_post_meta":"1","show_post_author":"1","show_post_author_image":"1","show_post_date":"1","post_date_format":"default","post_date_format_custom":"Y\/m\/d","show_post_category":"1","show_post_reading_time":"0","post_reading_time_wpm":"300","show_zoom_button":"0","zoom_button_out_step":"2","zoom_button_in_step":"3","show_post_tag":"1","show_prev_next_post":"1","show_popup_post":"1","number_popup_post":"1","show_author_box":"0","show_post_related":"0","show_inline_post_related":"0"}],"override_image_size":"0","image_override":[{"single_post_thumbnail_size":"crop-500","single_post_gallery_size":"crop-500"}],"trending_post":"0","trending_post_position":"meta","trending_post_label":"Trending","sponsored_post":"0","sponsored_post_label":"Sponsored by","sponsored_post_name":"","sponsored_post_url":"","sponsored_post_logo_enable":"0","sponsored_post_logo":"","sponsored_post_desc":"","disable_ad":"0"},"jnews_primary_category":{"id":"","hide":""},"jnews_social_meta":{"fb_title":"","fb_description":"","fb_image":"","twitter_title":"","twitter_description":"","twitter_image":""},"footnotes":""},"categories":[39],"tags":[],"class_list":["post-447910","post","type-post","status-publish","format-standard","has-post-thumbnail","hentry","category-viajes"],"_links":{"self":[{"href":"https:\/\/dimensionturistica.com\/es\/wp-json\/wp\/v2\/posts\/447910","targetHints":{"allow":["GET"]}}],"collection":[{"href":"https:\/\/dimensionturistica.com\/es\/wp-json\/wp\/v2\/posts"}],"about":[{"href":"https:\/\/dimensionturistica.com\/es\/wp-json\/wp\/v2\/types\/post"}],"author":[{"embeddable":true,"href":"https:\/\/dimensionturistica.com\/es\/wp-json\/wp\/v2\/users\/1"}],"replies":[{"embeddable":true,"href":"https:\/\/dimensionturistica.com\/es\/wp-json\/wp\/v2\/comments?post=447910"}],"version-history":[{"count":0,"href":"https:\/\/dimensionturistica.com\/es\/wp-json\/wp\/v2\/posts\/447910\/revisions"}],"wp:featuredmedia":[{"embeddable":true,"href":"https:\/\/dimensionturistica.com\/es\/wp-json\/wp\/v2\/media\/448027"}],"wp:attachment":[{"href":"https:\/\/dimensionturistica.com\/es\/wp-json\/wp\/v2\/media?parent=447910"}],"wp:term":[{"taxonomy":"category","embeddable":true,"href":"https:\/\/dimensionturistica.com\/es\/wp-json\/wp\/v2\/categories?post=447910"},{"taxonomy":"post_tag","embeddable":true,"href":"https:\/\/dimensionturistica.com\/es\/wp-json\/wp\/v2\/tags?post=447910"}],"curies":[{"name":"wp","href":"https:\/\/api.w.org\/{rel}","templated":true}]}}