{"id":447862,"date":"2022-12-20T14:41:41","date_gmt":"2022-12-20T14:41:41","guid":{"rendered":"https:\/\/dimensionturistica.com\/es\/?p=447862"},"modified":"2022-12-20T14:41:41","modified_gmt":"2022-12-20T14:41:41","slug":"la-mejor-celebracion-de-ano-y-nuevo-en-el-restaurante-diego-y-yo-en-polanco","status":"publish","type":"post","link":"https:\/\/dimensionturistica.com\/es\/la-mejor-celebracion-de-ano-y-nuevo-en-el-restaurante-diego-y-yo-en-polanco\/","title":{"rendered":"La mejor celebraci\u00f3n de A\u00f1o y Nuevo en el Restaurante Diego y Yo en Polanco"},"content":{"rendered":"<p><img decoding=\"async\" class=\"size-medium wp-image-447866 alignright\" src=\"https:\/\/dimensionturistica.com\/es\/wp-content\/uploads\/2022\/12\/WhatsApp-Image-2022-12-13-at-1.50.18-PM-261x300.jpeg\" alt=\"\" width=\"261\" height=\"300\" srcset=\"https:\/\/dimensionturistica.com\/es\/wp-content\/uploads\/2022\/12\/WhatsApp-Image-2022-12-13-at-1.50.18-PM-261x300.jpeg 261w, https:\/\/dimensionturistica.com\/es\/wp-content\/uploads\/2022\/12\/WhatsApp-Image-2022-12-13-at-1.50.18-PM-768x884.jpeg 768w, https:\/\/dimensionturistica.com\/es\/wp-content\/uploads\/2022\/12\/WhatsApp-Image-2022-12-13-at-1.50.18-PM-750x863.jpeg 750w, https:\/\/dimensionturistica.com\/es\/wp-content\/uploads\/2022\/12\/WhatsApp-Image-2022-12-13-at-1.50.18-PM.jpeg 890w\" sizes=\"(max-width: 261px) 100vw, 261px\" \/> La despedida del a\u00f1o se festeja en grande en M\u00e9xico, as\u00ed como en otros pa\u00edses del mundo. Para muchos significa un nuevo comienzo, el planteamiento de metas y objetivos, pero sobre todo experiencias y momentos \u00fanicos con familiares, amigos y seres queridos.<br \/>\nPara darle la bienvenida al A\u00f1o Nuevo 2023, el restaurante Diego y Yo, ubicado en la zona de Polanco en la Ciudad de M\u00e9xico, deleitar\u00e1 a sus comensales con una velada y un men\u00fa especial, que incluye tambi\u00e9n opciones para los peque\u00f1os, y que rinde un homenaje a la cultura y gastronom\u00eda tradicional de M\u00e9xico, con toques gourmet.<br \/>\nPara comenzar, el chef David Gallegos preparar\u00e1 un queso brie hojaldrado con salsa de frutos rojos, Ravioli relleno de flor de calabaza, queso de Chiapas y salsa de huitlacoche. Como tercer tiempo, una deliciosa pechuga de guajolote <img decoding=\"async\" class=\"size-medium wp-image-447868 alignleft\" src=\"https:\/\/dimensionturistica.com\/es\/wp-content\/uploads\/2022\/12\/DiegoyYo4-201x300.jpg\" alt=\"\" width=\"201\" height=\"300\" srcset=\"https:\/\/dimensionturistica.com\/es\/wp-content\/uploads\/2022\/12\/DiegoyYo4-201x300.jpg 201w, https:\/\/dimensionturistica.com\/es\/wp-content\/uploads\/2022\/12\/DiegoyYo4-687x1024.jpg 687w, https:\/\/dimensionturistica.com\/es\/wp-content\/uploads\/2022\/12\/DiegoyYo4-768x1144.jpg 768w, https:\/\/dimensionturistica.com\/es\/wp-content\/uploads\/2022\/12\/DiegoyYo4-750x1117.jpg 750w, https:\/\/dimensionturistica.com\/es\/wp-content\/uploads\/2022\/12\/DiegoyYo4.jpg 849w\" sizes=\"(max-width: 201px) 100vw, 201px\" \/>rellena de queso panela y huazontles, ba\u00f1ada en mole negro de Oaxaca \u00f3 Filete de res en salsa de queso Cambozola y chile chilhuacle \u00f3 el tradicional Bacalao. Para terminar, un riquisimo Strudel de pera y manzana verde con salsa de Bayley\u00b4s. Para culminar la experiencia, no pueden faltar el vino espumoso y las uvas, para degustar durante las doce campa\u00f1adas que anuncian la llegada del A\u00f1o Nuevo.<br \/>\nEl men\u00fa infantil incluye crema de lenteja o sopa de tortilla, hamburguesa sampler de Rib Eye con papas a la francesa y Strudel de pera y manzana.<br \/>\nDespu\u00e9s de la cena, el festejo contin\u00faa en Arm\u00f3nico, el speak easy de Diego y Yo, que retoma el estilo contempor\u00e1neo del restaurante con una personalidad \u00fanica, en donde la diversi\u00f3n y la deliciosa mixolg\u00eda del lugar se dan cita, para ofrecer a sus clientes una experiencia sin precedentes en cada visita.<br \/>\nDiego y Yo<br \/>\nPresidente Masaryk 123, Colonia Polanco<br \/>\nCDMX<\/p>\n","protected":false},"excerpt":{"rendered":"<p>La despedida del a\u00f1o se festeja en grande en M\u00e9xico, as\u00ed como en otros pa\u00edses del mundo. Para muchos significa un nuevo comienzo, el planteamiento de metas y objetivos, pero sobre todo experiencias y momentos \u00fanicos con familiares, amigos y seres queridos. Para darle la bienvenida al A\u00f1o Nuevo 2023, el restaurante Diego y Yo, [&hellip;]<\/p>\n","protected":false},"author":1,"featured_media":447869,"comment_status":"open","ping_status":"closed","sticky":false,"template":"","format":"standard","meta":{"om_disable_all_campaigns":false,"jnews-multi-image_gallery":[],"jnews_single_post":{"source_name":"","source_url":"","via_name":"","via_url":"","override_template":"0","override":[{"template":"1","single_blog_custom":"","parallax":"1","fullscreen":"1","layout":"right-sidebar","sidebar":"default-sidebar","second_sidebar":"default-sidebar","sticky_sidebar":"1","share_position":"top","share_float_style":"share-monocrhome","show_share_counter":"1","show_view_counter":"1","show_featured":"1","show_post_meta":"1","show_post_author":"1","show_post_author_image":"1","show_post_date":"1","post_date_format":"default","post_date_format_custom":"Y\/m\/d","show_post_category":"1","show_post_reading_time":"0","post_reading_time_wpm":"300","show_zoom_button":"0","zoom_button_out_step":"2","zoom_button_in_step":"3","show_post_tag":"1","show_prev_next_post":"1","show_popup_post":"1","number_popup_post":"1","show_author_box":"0","show_post_related":"0","show_inline_post_related":"0"}],"override_image_size":"0","image_override":[{"single_post_thumbnail_size":"crop-500","single_post_gallery_size":"crop-500"}],"trending_post":"0","trending_post_position":"meta","trending_post_label":"Trending","sponsored_post":"0","sponsored_post_label":"Sponsored by","sponsored_post_name":"","sponsored_post_url":"","sponsored_post_logo_enable":"0","sponsored_post_logo":"","sponsored_post_desc":"","disable_ad":"0"},"jnews_primary_category":{"id":"","hide":""},"jnews_social_meta":{"fb_title":"","fb_description":"","fb_image":"","twitter_title":"","twitter_description":"","twitter_image":""},"footnotes":""},"categories":[43],"tags":[],"class_list":["post-447862","post","type-post","status-publish","format-standard","has-post-thumbnail","hentry","category-gourmet"],"_links":{"self":[{"href":"https:\/\/dimensionturistica.com\/es\/wp-json\/wp\/v2\/posts\/447862","targetHints":{"allow":["GET"]}}],"collection":[{"href":"https:\/\/dimensionturistica.com\/es\/wp-json\/wp\/v2\/posts"}],"about":[{"href":"https:\/\/dimensionturistica.com\/es\/wp-json\/wp\/v2\/types\/post"}],"author":[{"embeddable":true,"href":"https:\/\/dimensionturistica.com\/es\/wp-json\/wp\/v2\/users\/1"}],"replies":[{"embeddable":true,"href":"https:\/\/dimensionturistica.com\/es\/wp-json\/wp\/v2\/comments?post=447862"}],"version-history":[{"count":0,"href":"https:\/\/dimensionturistica.com\/es\/wp-json\/wp\/v2\/posts\/447862\/revisions"}],"wp:featuredmedia":[{"embeddable":true,"href":"https:\/\/dimensionturistica.com\/es\/wp-json\/wp\/v2\/media\/447869"}],"wp:attachment":[{"href":"https:\/\/dimensionturistica.com\/es\/wp-json\/wp\/v2\/media?parent=447862"}],"wp:term":[{"taxonomy":"category","embeddable":true,"href":"https:\/\/dimensionturistica.com\/es\/wp-json\/wp\/v2\/categories?post=447862"},{"taxonomy":"post_tag","embeddable":true,"href":"https:\/\/dimensionturistica.com\/es\/wp-json\/wp\/v2\/tags?post=447862"}],"curies":[{"name":"wp","href":"https:\/\/api.w.org\/{rel}","templated":true}]}}