{"id":447499,"date":"2022-12-20T01:38:35","date_gmt":"2022-12-20T01:38:35","guid":{"rendered":"https:\/\/dimensionturistica.com\/es\/?p=447499"},"modified":"2022-12-20T01:38:35","modified_gmt":"2022-12-20T01:38:35","slug":"antonio-arranz-ceo-de-dhl-express-mexico-fue-reconocido-con-el-premio-nacional-de-logistica-2022-galardon-tameme","status":"publish","type":"post","link":"https:\/\/dimensionturistica.com\/es\/antonio-arranz-ceo-de-dhl-express-mexico-fue-reconocido-con-el-premio-nacional-de-logistica-2022-galardon-tameme\/","title":{"rendered":"Antonio Arranz, CEO de DHL Express M\u00e9xico, fue reconocido con el Premio Nacional de Log\u00edstica 2022: \u201cGalard\u00f3n Tameme\u201d"},"content":{"rendered":"<p>Durante 22 a\u00f1os, dicho galard\u00f3n se ha posicionado como el m\u00e1ximo reconocimiento a los proyectos que demuestren alguna aportaci\u00f3n ben\u00e9fica a la log\u00edstica y cadenas de suministro de nuestro pa\u00eds.<br \/>\nAntonio Arranz fue elegido en la Categor\u00eda de Ejecutivo, gracias a su desempe\u00f1o y trayectoria en la compa\u00f1\u00eda.<br \/>\nCiudad de M\u00e9xico, 12 de diciembre de 2022.- Antonio Arranz, CEO de DHL Express M\u00e9xico fue reconocido con el Premio Nacional de Log\u00edstica (PNL) 2022: \u201cGalard\u00f3n Tameme\u201d, en la Categor\u00eda de Ejecutivo, otorgado por #SoyLog\u00edstico Asociaci\u00f3n, en coordinaci\u00f3n con la Secretar\u00eda de Econom\u00eda y la Secretar\u00eda de<img decoding=\"async\" class=\" wp-image-447504 alignright\" src=\"https:\/\/dimensionturistica.com\/es\/wp-content\/uploads\/2022\/12\/TamemePNL-300x119.jpg\" alt=\"\" width=\"426\" height=\"169\" srcset=\"https:\/\/dimensionturistica.com\/es\/wp-content\/uploads\/2022\/12\/TamemePNL-300x119.jpg 300w, https:\/\/dimensionturistica.com\/es\/wp-content\/uploads\/2022\/12\/TamemePNL-768x305.jpg 768w, https:\/\/dimensionturistica.com\/es\/wp-content\/uploads\/2022\/12\/TamemePNL-750x298.jpg 750w, https:\/\/dimensionturistica.com\/es\/wp-content\/uploads\/2022\/12\/TamemePNL.jpg 850w\" sizes=\"(max-width: 426px) 100vw, 426px\" \/> Infraestructura, Comunicaciones y Transportes (SICT).<br \/>\nDesde 2020, dicho galard\u00f3n se ha posicionado como el m\u00e1ximo reconocimiento a los proyectos que demuestren alguna aportaci\u00f3n ben\u00e9fica a la log\u00edstica y cadenas de suministro de nuestro pa\u00eds, considerando cuatro categor\u00edas: Empresas, Proveedores, Acad\u00e9micos y Ejecutivos Log\u00edsticos. En su vig\u00e9sima segunda edici\u00f3n se evaluaron 30 proyectos en general, de los cuales se eligieron dos empresas, un proveedor log\u00edstico y dos ejecutivos ganadores del PNL.<br \/>\n\u201cAgradezco enormemente recibir el Premio Nacional de Log\u00edstica 2022, ello me compromete a seguir compartiendo mi conocimiento y experiencia con las nuevas generaciones dentro del sector. Este reconocimiento, no ser\u00eda posible sin el gran respaldo de mi equipo y la pasi\u00f3n que imprimen en todo lo que hacen para hacer de nuestra empresa uno de los mejores lugares para trabajar y el proveedor mundial l\u00edder en env\u00edos expr\u00e9s y log\u00edstica\u201d, coment\u00f3 Antonio Arranz CEO de DHL Express M\u00e9xico.<br \/>\nLa Categor\u00eda de Ejecutivo del PNL reconoce a directivos con una trayectoria destacada en log\u00edstica y\/o cadena de suministro que hayan aportado a la competitividad de las organizaciones en las que se han desarrollado profesionalmente, demostrando innovaci\u00f3n, aumento de capacidades log\u00edsticas, implementaci\u00f3n de mejores pr\u00e1cticas, reducci\u00f3n de costos operativos, entre otros.<br \/>\nCabe destacar que, en este a\u00f1o, la competencia en esta categor\u00eda fue muy re\u00f1ida entre 17 grandes ejecutivos participantes, Arranz fue uno de los dos ejecutivos elegidos gracias a su desempe\u00f1o como director ejecutivo en DHL Express M\u00e9xico desde 2011, donde ha mantenido un ritmo de crecimiento de doble d\u00edgito en los \u00faltimos a\u00f1os, expandiendo la infraestructura, incrementando la tecnolog\u00eda y apostando por la innovaci\u00f3n para afianzar a la empresa como l\u00edder log\u00edstico en el pa\u00eds, siempre centrada en ofrecer un servicio enfocado en la experiencia del cliente.<\/p>\n<p>&nbsp;<\/p>\n","protected":false},"excerpt":{"rendered":"<p>Durante 22 a\u00f1os, dicho galard\u00f3n se ha posicionado como el m\u00e1ximo reconocimiento a los proyectos que demuestren alguna aportaci\u00f3n ben\u00e9fica a la log\u00edstica y cadenas de suministro de nuestro pa\u00eds. Antonio Arranz fue elegido en la Categor\u00eda de Ejecutivo, gracias a su desempe\u00f1o y trayectoria en la compa\u00f1\u00eda. Ciudad de M\u00e9xico, 12 de diciembre de [&hellip;]<\/p>\n","protected":false},"author":1,"featured_media":447503,"comment_status":"open","ping_status":"closed","sticky":false,"template":"","format":"standard","meta":{"om_disable_all_campaigns":false,"jnews-multi-image_gallery":[],"jnews_single_post":{"source_name":"","source_url":"","via_name":"","via_url":"","override_template":"0","override":[{"template":"1","single_blog_custom":"","parallax":"1","fullscreen":"1","layout":"right-sidebar","sidebar":"default-sidebar","second_sidebar":"default-sidebar","sticky_sidebar":"1","share_position":"top","share_float_style":"share-monocrhome","show_share_counter":"1","show_view_counter":"1","show_featured":"1","show_post_meta":"1","show_post_author":"1","show_post_author_image":"1","show_post_date":"1","post_date_format":"default","post_date_format_custom":"Y\/m\/d","show_post_category":"1","show_post_reading_time":"0","post_reading_time_wpm":"300","show_zoom_button":"0","zoom_button_out_step":"2","zoom_button_in_step":"3","show_post_tag":"1","show_prev_next_post":"1","show_popup_post":"1","number_popup_post":"1","show_author_box":"0","show_post_related":"0","show_inline_post_related":"0"}],"override_image_size":"0","image_override":[{"single_post_thumbnail_size":"crop-500","single_post_gallery_size":"crop-500"}],"trending_post":"0","trending_post_position":"meta","trending_post_label":"Trending","sponsored_post":"0","sponsored_post_label":"Sponsored by","sponsored_post_name":"","sponsored_post_url":"","sponsored_post_logo_enable":"0","sponsored_post_logo":"","sponsored_post_desc":"","disable_ad":"0"},"jnews_primary_category":{"id":"","hide":""},"jnews_social_meta":{"fb_title":"","fb_description":"","fb_image":"","twitter_title":"","twitter_description":"","twitter_image":""},"footnotes":""},"categories":[40],"tags":[],"class_list":["post-447499","post","type-post","status-publish","format-standard","has-post-thumbnail","hentry","category-industria"],"_links":{"self":[{"href":"https:\/\/dimensionturistica.com\/es\/wp-json\/wp\/v2\/posts\/447499","targetHints":{"allow":["GET"]}}],"collection":[{"href":"https:\/\/dimensionturistica.com\/es\/wp-json\/wp\/v2\/posts"}],"about":[{"href":"https:\/\/dimensionturistica.com\/es\/wp-json\/wp\/v2\/types\/post"}],"author":[{"embeddable":true,"href":"https:\/\/dimensionturistica.com\/es\/wp-json\/wp\/v2\/users\/1"}],"replies":[{"embeddable":true,"href":"https:\/\/dimensionturistica.com\/es\/wp-json\/wp\/v2\/comments?post=447499"}],"version-history":[{"count":0,"href":"https:\/\/dimensionturistica.com\/es\/wp-json\/wp\/v2\/posts\/447499\/revisions"}],"wp:featuredmedia":[{"embeddable":true,"href":"https:\/\/dimensionturistica.com\/es\/wp-json\/wp\/v2\/media\/447503"}],"wp:attachment":[{"href":"https:\/\/dimensionturistica.com\/es\/wp-json\/wp\/v2\/media?parent=447499"}],"wp:term":[{"taxonomy":"category","embeddable":true,"href":"https:\/\/dimensionturistica.com\/es\/wp-json\/wp\/v2\/categories?post=447499"},{"taxonomy":"post_tag","embeddable":true,"href":"https:\/\/dimensionturistica.com\/es\/wp-json\/wp\/v2\/tags?post=447499"}],"curies":[{"name":"wp","href":"https:\/\/api.w.org\/{rel}","templated":true}]}}