{"id":447484,"date":"2022-12-20T01:28:37","date_gmt":"2022-12-20T01:28:37","guid":{"rendered":"https:\/\/dimensionturistica.com\/es\/?p=447484"},"modified":"2022-12-20T01:28:37","modified_gmt":"2022-12-20T01:28:37","slug":"sectur-avanza-en-innovacion-tecnologica-con-la-plataforma-digitalizacion-regional-de-las-plazas-de-vocacion-turistica-en-mexico-2","status":"publish","type":"post","link":"https:\/\/dimensionturistica.com\/es\/sectur-avanza-en-innovacion-tecnologica-con-la-plataforma-digitalizacion-regional-de-las-plazas-de-vocacion-turistica-en-mexico-2\/","title":{"rendered":"Sectur avanza en innovaci\u00f3n tecnol\u00f3gica con la plataforma \u201cDigitalizaci\u00f3n Regional de las Plazas de Vocaci\u00f3n Tur\u00edstica en M\u00e9xico\u201d"},"content":{"rendered":"<p><img decoding=\"async\" class=\"size-medium wp-image-447493 alignright\" src=\"https:\/\/dimensionturistica.com\/es\/wp-content\/uploads\/2022\/12\/Digitalizacion-Regional-de-las-Plazas-de-Vocacion-Turistica-en-Mexico-1-300x139.jpeg\" alt=\"\" width=\"300\" height=\"139\" srcset=\"https:\/\/dimensionturistica.com\/es\/wp-content\/uploads\/2022\/12\/Digitalizacion-Regional-de-las-Plazas-de-Vocacion-Turistica-en-Mexico-1-300x139.jpeg 300w, https:\/\/dimensionturistica.com\/es\/wp-content\/uploads\/2022\/12\/Digitalizacion-Regional-de-las-Plazas-de-Vocacion-Turistica-en-Mexico-1-1024x474.jpeg 1024w, https:\/\/dimensionturistica.com\/es\/wp-content\/uploads\/2022\/12\/Digitalizacion-Regional-de-las-Plazas-de-Vocacion-Turistica-en-Mexico-1-768x355.jpeg 768w, https:\/\/dimensionturistica.com\/es\/wp-content\/uploads\/2022\/12\/Digitalizacion-Regional-de-las-Plazas-de-Vocacion-Turistica-en-Mexico-1-1536x710.jpeg 1536w, https:\/\/dimensionturistica.com\/es\/wp-content\/uploads\/2022\/12\/Digitalizacion-Regional-de-las-Plazas-de-Vocacion-Turistica-en-Mexico-1-750x347.jpeg 750w, https:\/\/dimensionturistica.com\/es\/wp-content\/uploads\/2022\/12\/Digitalizacion-Regional-de-las-Plazas-de-Vocacion-Turistica-en-Mexico-1-1140x527.jpeg 1140w, https:\/\/dimensionturistica.com\/es\/wp-content\/uploads\/2022\/12\/Digitalizacion-Regional-de-las-Plazas-de-Vocacion-Turistica-en-Mexico-1.jpeg 1600w\" sizes=\"(max-width: 300px) 100vw, 300px\" \/>El secretario de Turismo del Gobierno de M\u00e9xico, Miguel Torruco Marqu\u00e9s, present\u00f3 la plataforma denominada \u201cDigitalizaci\u00f3n Regional de las Plazas de Vocaci\u00f3n Tur\u00edstica en M\u00e9xico\u201d, una herramienta digital cuyo prop\u00f3sito es conocer el impacto econ\u00f3mico de la actividad tur\u00edstica en los \u00e1mbitos regional, estatal y municipal, representando una medici\u00f3n m\u00e1s precisa de lo logrado hasta ahora.<br \/>\nEl titular de la Secretar\u00eda de Turismo (Sectur) destac\u00f3 que esta plataforma de f\u00e1cil acceso se desprende del proyecto \u201cUna aproximaci\u00f3n inicial al PIB Tur\u00edstico estatal y municipal\u201d, con lo que se da respuesta a una a\u00f1eja demanda de la comunidad tur\u00edstica empresarial de M\u00e9xico, quien ha pugnado por brindar al turismo nacional la importancia que merece.<br \/>\n\u201cLa plataforma \u2018Digitalizaci\u00f3n Regional de las Plazas de Vocaci\u00f3n Tur\u00edstica en M\u00e9xico\u2019 ser\u00e1 de gran utilidad para la planeaci\u00f3n, investigaci\u00f3n y toma de decisiones de todos quienes integran la cadena de valor de este apasionante sector\u201d, se\u00f1al\u00f3.<br \/>\nIndic\u00f3 que Sectur, durante la presente administraci\u00f3n, encabezada por el presidente Andr\u00e9s Manuel L\u00f3pez<img decoding=\"async\" class=\"size-medium wp-image-447491 alignright\" src=\"https:\/\/dimensionturistica.com\/es\/wp-content\/uploads\/2022\/12\/Digitalizacion-Regional-de-las-Plazas-de-Vocacion-Turistica-en-Mexico-2-300x139.jpeg\" alt=\"\" width=\"300\" height=\"139\" srcset=\"https:\/\/dimensionturistica.com\/es\/wp-content\/uploads\/2022\/12\/Digitalizacion-Regional-de-las-Plazas-de-Vocacion-Turistica-en-Mexico-2-300x139.jpeg 300w, https:\/\/dimensionturistica.com\/es\/wp-content\/uploads\/2022\/12\/Digitalizacion-Regional-de-las-Plazas-de-Vocacion-Turistica-en-Mexico-2-1024x474.jpeg 1024w, https:\/\/dimensionturistica.com\/es\/wp-content\/uploads\/2022\/12\/Digitalizacion-Regional-de-las-Plazas-de-Vocacion-Turistica-en-Mexico-2-768x355.jpeg 768w, https:\/\/dimensionturistica.com\/es\/wp-content\/uploads\/2022\/12\/Digitalizacion-Regional-de-las-Plazas-de-Vocacion-Turistica-en-Mexico-2-1536x710.jpeg 1536w, https:\/\/dimensionturistica.com\/es\/wp-content\/uploads\/2022\/12\/Digitalizacion-Regional-de-las-Plazas-de-Vocacion-Turistica-en-Mexico-2-750x347.jpeg 750w, https:\/\/dimensionturistica.com\/es\/wp-content\/uploads\/2022\/12\/Digitalizacion-Regional-de-las-Plazas-de-Vocacion-Turistica-en-Mexico-2-1140x527.jpeg 1140w, https:\/\/dimensionturistica.com\/es\/wp-content\/uploads\/2022\/12\/Digitalizacion-Regional-de-las-Plazas-de-Vocacion-Turistica-en-Mexico-2.jpeg 1600w\" sizes=\"(max-width: 300px) 100vw, 300px\" \/> Obrador, ha hecho de las tecnolog\u00edas y de la innovaci\u00f3n su sello caracter\u00edstico.<br \/>\nEl secretario de Turismo puntualiz\u00f3 que M\u00e9xico cuenta con 235 plazas de vocaci\u00f3n tur\u00edsticas, que son aquellas que cuentan con infraestructura, servicios, productos y atractivos tur\u00edsticos, elementos clave de un destino; lo que permite identificar la relaci\u00f3n de sus v\u00ednculos econ\u00f3micos y de los flujos poblacionales, acorde al grado y jerarqu\u00eda en que se encuentran de su lugar central, hac\u00eda otros municipios con un potencial de desarrollo tur\u00edstico.<br \/>\nPrecis\u00f3 que \u00e9stas se agrupan en ocho macro regiones funcionales de la siguiente manera:<br \/>\n1. Regi\u00f3n Centro: 47 plazas en Ciudad de M\u00e9xico, Estado de M\u00e9xico, Puebla, Quer\u00e9taro, Hidalgo, Guerrero, Morelos y Tlaxcala, con lugar central en la Ciudad de M\u00e9xico.<br \/>\n2. Regi\u00f3n Centro-Norte y Occidente: 72 plazas en Jalisco, Guanajuato, Michoac\u00e1n, San Luis Potos\u00ed, Aguascalientes, Zacatecas, Nayarit y Colima, con lugar central en la ciudad de Guadalajara.<br \/>\n3. Regi\u00f3n Golfo: 19 plazas en Veracruz y Tabasco, con lugar central en la ciudad de Veracruz.<br \/>\n4. Regi\u00f3n Mar de Cort\u00e9s: 27 plazas en Sonora, Baja California, Sinaloa y Baja California Sur, con lugar<img decoding=\"async\" class=\"size-medium wp-image-447490 alignright\" src=\"https:\/\/dimensionturistica.com\/es\/wp-content\/uploads\/2022\/12\/Digitalizacion-Regional-de-las-Plazas-de-Vocacion-Turistica-en-Mexico-4-300x139.jpeg\" alt=\"\" width=\"300\" height=\"139\" srcset=\"https:\/\/dimensionturistica.com\/es\/wp-content\/uploads\/2022\/12\/Digitalizacion-Regional-de-las-Plazas-de-Vocacion-Turistica-en-Mexico-4-300x139.jpeg 300w, https:\/\/dimensionturistica.com\/es\/wp-content\/uploads\/2022\/12\/Digitalizacion-Regional-de-las-Plazas-de-Vocacion-Turistica-en-Mexico-4-1024x474.jpeg 1024w, https:\/\/dimensionturistica.com\/es\/wp-content\/uploads\/2022\/12\/Digitalizacion-Regional-de-las-Plazas-de-Vocacion-Turistica-en-Mexico-4-768x355.jpeg 768w, https:\/\/dimensionturistica.com\/es\/wp-content\/uploads\/2022\/12\/Digitalizacion-Regional-de-las-Plazas-de-Vocacion-Turistica-en-Mexico-4-1536x710.jpeg 1536w, https:\/\/dimensionturistica.com\/es\/wp-content\/uploads\/2022\/12\/Digitalizacion-Regional-de-las-Plazas-de-Vocacion-Turistica-en-Mexico-4-750x347.jpeg 750w, https:\/\/dimensionturistica.com\/es\/wp-content\/uploads\/2022\/12\/Digitalizacion-Regional-de-las-Plazas-de-Vocacion-Turistica-en-Mexico-4-1140x527.jpeg 1140w, https:\/\/dimensionturistica.com\/es\/wp-content\/uploads\/2022\/12\/Digitalizacion-Regional-de-las-Plazas-de-Vocacion-Turistica-en-Mexico-4.jpeg 1600w\" sizes=\"(max-width: 300px) 100vw, 300px\" \/> central en la ciudad de Hermosillo.<br \/>\n5. Regi\u00f3n Noreste: 19 plazas en Nuevo Le\u00f3n, Coahuila y Tamaulipas, con lugar central en la ciudad de Monterrey.<br \/>\n6. Regi\u00f3n Norte Centro: 13 plazas en Chihuahua y Durango, con lugar central en la ciudad de Chihuahua.<br \/>\n7. Regi\u00f3n Pac\u00edfico Sur: 16 plazas en Oaxaca y Chiapas, con lugar central en la ciudad de Oaxaca.<br \/>\n8. Regi\u00f3n Pen\u00ednsula de Yucat\u00e1n: 22 plazas en Yucat\u00e1n, Campeche y Quintana Roo, con lugar central en M\u00e9rida.<br \/>\nEl titular de Sectur felicit\u00f3 al titular de la Unidad de Informaci\u00f3n y Seguimiento de Sectur, Alejandro Aguilera G\u00f3mez, y a su equipo \u201cpor su entrega, profesionalismo y por esta gran aportaci\u00f3n al turismo de M\u00e9xico, que beneficiar\u00e1 a los tres \u00f3rdenes de gobierno, al sector privado, a la academia y a todos los interesados en la industria tur\u00edstica\u201d, declar\u00f3.<br \/>\nPor su parte, Alejandro Aguilera G\u00f3mez, detall\u00f3 que la plataforma \u201cDigitalizaci\u00f3n Regional de las Plazas de Vocaci\u00f3n Tur\u00edstica en M\u00e9xico\u201d permite a los usuarios realizar consultas de informaci\u00f3n estad\u00edstica sobre datos espaciales a nivel nacional, regional, estatal y urbano\u2013municipal que, de forma gr\u00e1fica y visual y, a trav\u00e9s de mapas de calor, puedan identificar la importancia econ\u00f3mica de la actividad tur\u00edstica en el territorio nacional.<br \/>\nExplic\u00f3 que es posible visualizar de forma desagregada la informaci\u00f3n sobre el peso econ\u00f3mico que tiene la actividad tur\u00edstica en las ocho macro regiones funcionales, que fueron definidas en el modelo de regionalizaci\u00f3n tur\u00edstica del Programa Sectorial de Turismo 2020 -2024, y que agrupan las 32 entidades federativas del pa\u00eds.<br \/>\nAgreg\u00f3 que est\u00e1 conformada por los 2 mil 470 municipios que a su vez cuentan con los un mil 414 municipios con unidades econ\u00f3micas en materia de turismo; visualizando los 578 municipios que integran las 235 plazas con vocaci\u00f3n tur\u00edstica.<img decoding=\"async\" class=\"size-medium wp-image-447489 alignright\" src=\"https:\/\/dimensionturistica.com\/es\/wp-content\/uploads\/2022\/12\/Digitalizacion-Regional-de-las-Plazas-de-Vocacion-Turistica-en-Mexico-5-300x139.jpeg\" alt=\"\" width=\"300\" height=\"139\" srcset=\"https:\/\/dimensionturistica.com\/es\/wp-content\/uploads\/2022\/12\/Digitalizacion-Regional-de-las-Plazas-de-Vocacion-Turistica-en-Mexico-5-300x139.jpeg 300w, https:\/\/dimensionturistica.com\/es\/wp-content\/uploads\/2022\/12\/Digitalizacion-Regional-de-las-Plazas-de-Vocacion-Turistica-en-Mexico-5-1024x474.jpeg 1024w, https:\/\/dimensionturistica.com\/es\/wp-content\/uploads\/2022\/12\/Digitalizacion-Regional-de-las-Plazas-de-Vocacion-Turistica-en-Mexico-5-768x355.jpeg 768w, https:\/\/dimensionturistica.com\/es\/wp-content\/uploads\/2022\/12\/Digitalizacion-Regional-de-las-Plazas-de-Vocacion-Turistica-en-Mexico-5-1536x710.jpeg 1536w, https:\/\/dimensionturistica.com\/es\/wp-content\/uploads\/2022\/12\/Digitalizacion-Regional-de-las-Plazas-de-Vocacion-Turistica-en-Mexico-5-750x347.jpeg 750w, https:\/\/dimensionturistica.com\/es\/wp-content\/uploads\/2022\/12\/Digitalizacion-Regional-de-las-Plazas-de-Vocacion-Turistica-en-Mexico-5-1140x527.jpeg 1140w, https:\/\/dimensionturistica.com\/es\/wp-content\/uploads\/2022\/12\/Digitalizacion-Regional-de-las-Plazas-de-Vocacion-Turistica-en-Mexico-5.jpeg 1600w\" sizes=\"(max-width: 300px) 100vw, 300px\" \/><br \/>\nTambi\u00e9n, permite consultar datos estad\u00edsticos como el \u201cValor \u00cdndice Medio Tur\u00edstico\u201d, que indica el peso del turismo en cada plaza de vocaci\u00f3n tur\u00edstica; y con base en el Sistema Urbano Nacional definido por CONAPO, INEGI y la SEDATU, se identifican las plazas de vocaci\u00f3n tur\u00edstica por su clasificaci\u00f3n en: 74 zonas metropolitanas, 38 conurbaciones, 51 centros de poblaci\u00f3n y 72 municipios con actividad tur\u00edstica.<br \/>\nEn esta herramienta digital adem\u00e1s se establece la Jerarquizaci\u00f3n de los Municipios integrantes de las Plazas de Vocaci\u00f3n Tur\u00edstica con 12 rangos de clasificaci\u00f3n, as\u00ed como el lugar central para cada una de las macro regiones funcionales.<br \/>\nAdem\u00e1s, permite la consulta de la Delimitaci\u00f3n del Peso Econ\u00f3mico de los municipios con litoral, los fronterizos, las Ciudades Patrimonio Mundial de la Humanidad, la de las zonas espec\u00edficas como la Huasteca Potosina, los proyectos prioritarios como el Tren Maya y el Transoce\u00e1nico, as\u00ed como de los Pueblos M\u00e1gicos.<br \/>\nLa herramienta cuenta con un generador de mapas tem\u00e1ticos de la informaci\u00f3n, mismos que incluyen datos tabulados, correspondientes a lo consultado en la pantalla, integrando un entorno amigable para la distribuci\u00f3n de la informaci\u00f3n estad\u00edstica y geogr\u00e1fica, as\u00ed como la consulta de otros indicadores del proyecto innovador.<br \/>\nLa plataforma \u201cDigitalizaci\u00f3n Regional de las Plazas de Vocaci\u00f3n Tur\u00edstica en M\u00e9xico\u201d, adem\u00e1s de poner a la vanguardia en el uso de nuevas tecnolog\u00edas para el an\u00e1lisis de la informaci\u00f3n estad\u00edstica y econ\u00f3mica del sector tur\u00edstico, \u201cimpulsa de manera activa su difusi\u00f3n, facilita su accesibilidad, contribuye en el apoyo a los procesos para la toma de decisiones y en la planeaci\u00f3n de pol\u00edticas p\u00fablicas que benefician el desarrollo tur\u00edstico del pa\u00eds\u201d, concluy\u00f3 Aguilera G\u00f3mez.<br \/>\nLa plataforma \u201cDigitalizaci\u00f3n Regional de las Plazas de Vocaci\u00f3n Tur\u00edstica en M\u00e9xico\u201d puede consultarse en el siguiente enlace: https:\/\/www.vocacionturistica.sectur.gob.mx\/<\/p>\n","protected":false},"excerpt":{"rendered":"<p>El secretario de Turismo del Gobierno de M\u00e9xico, Miguel Torruco Marqu\u00e9s, present\u00f3 la plataforma denominada \u201cDigitalizaci\u00f3n Regional de las Plazas de Vocaci\u00f3n Tur\u00edstica en M\u00e9xico\u201d, una herramienta digital cuyo prop\u00f3sito es conocer el impacto econ\u00f3mico de la actividad tur\u00edstica en los \u00e1mbitos regional, estatal y municipal, representando una medici\u00f3n m\u00e1s precisa de lo logrado hasta [&hellip;]<\/p>\n","protected":false},"author":1,"featured_media":447492,"comment_status":"open","ping_status":"closed","sticky":false,"template":"","format":"standard","meta":{"om_disable_all_campaigns":false,"jnews-multi-image_gallery":[],"jnews_single_post":{"source_name":"","source_url":"","via_name":"","via_url":"","override_template":"0","override":[{"template":"1","single_blog_custom":"","parallax":"1","fullscreen":"1","layout":"right-sidebar","sidebar":"default-sidebar","second_sidebar":"default-sidebar","sticky_sidebar":"1","share_position":"top","share_float_style":"share-monocrhome","show_share_counter":"1","show_view_counter":"1","show_featured":"1","show_post_meta":"1","show_post_author":"1","show_post_author_image":"1","show_post_date":"1","post_date_format":"default","post_date_format_custom":"Y\/m\/d","show_post_category":"1","show_post_reading_time":"0","post_reading_time_wpm":"300","show_zoom_button":"0","zoom_button_out_step":"2","zoom_button_in_step":"3","show_post_tag":"1","show_prev_next_post":"1","show_popup_post":"1","number_popup_post":"1","show_author_box":"0","show_post_related":"0","show_inline_post_related":"0"}],"override_image_size":"0","image_override":[{"single_post_thumbnail_size":"crop-500","single_post_gallery_size":"crop-500"}],"trending_post":"0","trending_post_position":"meta","trending_post_label":"Trending","sponsored_post":"0","sponsored_post_label":"Sponsored by","sponsored_post_name":"","sponsored_post_url":"","sponsored_post_logo_enable":"0","sponsored_post_logo":"","sponsored_post_desc":"","disable_ad":"0"},"jnews_primary_category":{"id":"","hide":""},"jnews_social_meta":{"fb_title":"","fb_description":"","fb_image":"","twitter_title":"","twitter_description":"","twitter_image":""},"footnotes":""},"categories":[39],"tags":[],"class_list":["post-447484","post","type-post","status-publish","format-standard","has-post-thumbnail","hentry","category-viajes"],"_links":{"self":[{"href":"https:\/\/dimensionturistica.com\/es\/wp-json\/wp\/v2\/posts\/447484","targetHints":{"allow":["GET"]}}],"collection":[{"href":"https:\/\/dimensionturistica.com\/es\/wp-json\/wp\/v2\/posts"}],"about":[{"href":"https:\/\/dimensionturistica.com\/es\/wp-json\/wp\/v2\/types\/post"}],"author":[{"embeddable":true,"href":"https:\/\/dimensionturistica.com\/es\/wp-json\/wp\/v2\/users\/1"}],"replies":[{"embeddable":true,"href":"https:\/\/dimensionturistica.com\/es\/wp-json\/wp\/v2\/comments?post=447484"}],"version-history":[{"count":0,"href":"https:\/\/dimensionturistica.com\/es\/wp-json\/wp\/v2\/posts\/447484\/revisions"}],"wp:featuredmedia":[{"embeddable":true,"href":"https:\/\/dimensionturistica.com\/es\/wp-json\/wp\/v2\/media\/447492"}],"wp:attachment":[{"href":"https:\/\/dimensionturistica.com\/es\/wp-json\/wp\/v2\/media?parent=447484"}],"wp:term":[{"taxonomy":"category","embeddable":true,"href":"https:\/\/dimensionturistica.com\/es\/wp-json\/wp\/v2\/categories?post=447484"},{"taxonomy":"post_tag","embeddable":true,"href":"https:\/\/dimensionturistica.com\/es\/wp-json\/wp\/v2\/tags?post=447484"}],"curies":[{"name":"wp","href":"https:\/\/api.w.org\/{rel}","templated":true}]}}