{"id":447447,"date":"2022-12-20T00:51:01","date_gmt":"2022-12-20T00:51:01","guid":{"rendered":"https:\/\/dimensionturistica.com\/es\/?p=447447"},"modified":"2022-12-20T00:51:02","modified_gmt":"2022-12-20T00:51:02","slug":"el-pueblo-espanol-con-mas-denominaciones-de-origen","status":"publish","type":"post","link":"https:\/\/dimensionturistica.com\/es\/el-pueblo-espanol-con-mas-denominaciones-de-origen\/","title":{"rendered":"El pueblo espa\u00f1ol con m\u00e1s denominaciones de origen"},"content":{"rendered":"<p> <br \/>\n<\/p>\n<div>\n<div id=\"involveds\" class=\"involveds wrap\">\n<div class=\"involved-authors only-author\">\n<div class=\"first-author\">\n<figure class=\"thumb col-xs-3\">&#13;<img loading=\"lazy\" decoding=\"async\" src=\"https:\/\/news.google.com\/medio\/2021\/12\/13\/foto-mc_9f8e7266_600x600.jpg\" alt=\"Foto MC\" class=\"lazyload\" width=\"600\" height=\"600\" data-aspectratio=\"600\/600\"\/><noscript><img decoding=\"async\" src=\"https:\/\/news.google.com\/medio\/2021\/12\/13\/foto-mc_9f8e7266_600x600.jpg\" alt=\"Foto MC\"\/><\/noscript>&#13;<\/figure>\n<\/div>\n<\/div>\n<\/div>\n<p class=\"date\"> <time itemprop=\"dateModified\" datetime=\"2022-12-17T15:35:00+01:00\" data-timestamp=\"1671291300\">&#13;17 de diciembre de 2022 \u00b7 15:35<\/time>&#13;<\/p>\n<\/div>\n<div id=\"article-text\">\n<div class=\"txt\">\n<aside class=\"subscription-highlighted\">\n<div class=\"subscription-container\">\n<div class=\"non-subscribed\">\n<p class=\"description\">\u00bfTodav\u00eda sin tu regalo de Navidad? Regala Viajes Nationwide Geographic al mejor precio hoy.<\/p>\n<p><a rel=\"nofollow noopener\" target=\"_blank\" href=\"https:\/\/tienda.rba.es\/revistas\/viajes-national-geographic\/regala\/regala-suscripcion-viajes-national-geographic?rba_source=viajesnationalgeographic&amp;rba_medium=referral&amp;rba_campaign=ngmv-regala-navidad&amp;rba_term=viajesnationalgeographic&amp;rba_content=frase-articulo\" class=\"more-link\">REGALA<\/a><\/div>\n<\/div>\n<\/aside>\n<p style=\"display: none;\"><img decoding=\"async\" id=\"ctl01_ctl00_phMain_phMain_ctl00_ctl02_ctl17_ctl01_imgContent\" src=\"https:\/\/news.google.com\/medio\/2022\/04\/19\/mendavia_f898a555_800x800.jpg\" alt=\"Mendavia\" style=\"border-width:0px;\"\/><\/p>\n<aside class=\"add300x250 publi-interior-top ad-container-r1 ad-inline\"\/>\n<p>En una peque\u00f1a villa de la<strong> comarca de <a rel=\"nofollow noopener\" target=\"_blank\" href=\"https:\/\/viajes.nationalgeographic.com.es\/a\/estella-viaje-a-ciudad-navarra-que-llego-a-ser-capital-espana_17746\">Estella<\/a><\/strong> se encuentra el punto del pa\u00eds con m\u00e1s productos certificados y reconocidos por su calidad. Sin llegar a los 4.000 habitantes, tiene tesoros gastron\u00f3micos para todos ellos y para aquellos que se acercan a este rinc\u00f3n de Navarra que no solo destaca por su belleza, sino por sus <strong>huertas, sus carnes y sus caldos.<\/strong><\/p>\n<p>Entre denominaciones de origen e indicaciones geogr\u00e1ficas protegidas suman as soon as. Las primeras son Cava, Vino Rioja, <strong>Pimiento <\/strong>del Piquillo de Lodosa, <strong>Esp\u00e1rrago <\/strong>de Navarra, <strong>Pachar\u00e1n <\/strong>de Navarra y Aceite de Navarra. En cuanto a las IGP, recogen la <strong>Alcachofa <\/strong>de Tudela, el <strong>Cordero <\/strong>de Navarra y la <strong>Ternera <\/strong>de Navarra. Adem\u00e1s de estas, se recoge tambi\u00e9n los <strong>Alimentos Artesanos<\/strong> de Navarra y la<strong> Producci\u00f3n Ecol\u00f3gica<\/strong> de Navarra.<\/p>\n<p><iframe loading=\"lazy\" class=\"qualifio_iframe_tag\" frameborder=\"0\" height=\"600\" hspace=\"0\" id=\"qualifio767025\" scrolling=\"auto\" src=\"https:\/\/participa.nationalgeographic.com.es\/20\/A682334E-DA7E-494D-81E6-2F595C02AC3A\/v1.cfm?id=A682334E-DA7E-494D-81E6-2F595C02AC3A\" style=\"overflow-x: hidden;max-width:1000px\" vspace=\"0\" width=\"100%\"><\/iframe><\/p>\n<p>Su situaci\u00f3n a orillas del r\u00edo Ebro es una de las razones por las que goza de una incre\u00edble huerta, con una gran variedad de verduras conocidas en toda Espa\u00f1a. En sus <strong>solo 78 km2 se concentra la DO Cava<\/strong>, siendo as\u00ed el \u00fanico municipio, junto a Viana, donde se puede elaborar con certificaci\u00f3n. Del mismo modo, sus bodegas tambi\u00e9n pueden elaborar <strong>vinos con<\/strong><strong>Certificaci\u00f3n Calificada Rioja<\/strong>, como la de Bar\u00f3n de Ley, situada en un antiguo monasterio.<\/p>\n<p>Con su <strong>DO Aceite de Navarra<\/strong> se sit\u00faa como el aceite que m\u00e1s al norte se produce en Europa, un l\u00edquido con un amargo y un picante caracter\u00edsticos. Aun as\u00ed, seguramente los alimentos m\u00e1s conocidos de Navarra no dejen de ser sus verduras, como por ejemplo la alcachofa, los pimientos o los esp\u00e1rragos, con variedades que hacen de ellos productos singulares y de gran sabor.<\/p>\n<p>En esta localidad, los alimentos sujetos a las certificaciones de calidad tienen su propia fiesta, la <strong>Feria Denominaciones y Leyendas<\/strong>, que adem\u00e1s de darlos a conocer, ofrece degustaciones en un <strong>ambiente medieval <\/strong>donde se puede disfrutar de exposiciones, demostraciones de oficios antiguos, espect\u00e1culos y representaciones entre bocado y bocado.<\/p>\n<figure class=\"thumb zoom\"><img loading=\"lazy\" decoding=\"async\" sizes=\"auto, 100vw\" srcset=\"https:\/\/news.google.com\/medio\/2022\/04\/14\/alcachofa_6c67c221_720x480.jpg 720w,https:\/\/news.google.com\/medio\/2022\/04\/14\/alcachofa_e30eff0d_1200x800.jpg 1200w\" src=\"https:\/\/news.google.com\/medio\/2022\/04\/14\/alcachofa_e30eff0d_1200x800.jpg\" alt=\"alcachofa\" class=\"lazyload\" width=\"1200\" height=\"800\" data-aspectratio=\"1200\/800\"\/><noscript><img decoding=\"async\" src=\"https:\/\/news.google.com\/medio\/2022\/04\/14\/alcachofa_e30eff0d_1200x800.jpg\" alt=\"alcachofa\"\/><\/noscript><\/p>\n<p>&#13;<figcaption class=\"by\">&#13;iStock<\/figcaption>&#13;<\/p>\n<\/figure>\n<aside class=\"add300x600 publi-interior-bot ad-inline ad-container-r2\"\/><\/div>\n<p><!-- START: tags-rel  --><!-- END: tags-rel   --><br \/>\n<!-- START:toolbar --><!-- END:toolbar --><\/div>\n\n<p><em> &#8221; Fuentes news.google.com &#8221; <\/em><\/p>\n","protected":false},"excerpt":{"rendered":"<p>&#13;&#13; &#13;17 de diciembre de 2022 \u00b7 15:35&#13; \u00bfTodav\u00eda sin tu regalo de Navidad? Regala Viajes Nationwide Geographic al mejor precio hoy. REGALA En una peque\u00f1a villa de la comarca de Estella se encuentra el punto del pa\u00eds con m\u00e1s productos certificados y reconocidos por su calidad. Sin llegar a los 4.000 habitantes, tiene tesoros [&hellip;]<\/p>\n","protected":false},"author":4,"featured_media":447448,"comment_status":"open","ping_status":"closed","sticky":false,"template":"","format":"standard","meta":{"om_disable_all_campaigns":false,"jnews-multi-image_gallery":[],"jnews_single_post":[],"jnews_primary_category":[],"jnews_social_meta":[],"footnotes":""},"categories":[39],"tags":[47258,47257],"class_list":["post-447447","post","type-post","status-publish","format-standard","has-post-thumbnail","hentry","category-viajes","tag-cargado-desde-el-fichero-de-recursos","tag-keywords-por-defecto"],"_links":{"self":[{"href":"https:\/\/dimensionturistica.com\/es\/wp-json\/wp\/v2\/posts\/447447","targetHints":{"allow":["GET"]}}],"collection":[{"href":"https:\/\/dimensionturistica.com\/es\/wp-json\/wp\/v2\/posts"}],"about":[{"href":"https:\/\/dimensionturistica.com\/es\/wp-json\/wp\/v2\/types\/post"}],"author":[{"embeddable":true,"href":"https:\/\/dimensionturistica.com\/es\/wp-json\/wp\/v2\/users\/4"}],"replies":[{"embeddable":true,"href":"https:\/\/dimensionturistica.com\/es\/wp-json\/wp\/v2\/comments?post=447447"}],"version-history":[{"count":0,"href":"https:\/\/dimensionturistica.com\/es\/wp-json\/wp\/v2\/posts\/447447\/revisions"}],"wp:featuredmedia":[{"embeddable":true,"href":"https:\/\/dimensionturistica.com\/es\/wp-json\/wp\/v2\/media\/447448"}],"wp:attachment":[{"href":"https:\/\/dimensionturistica.com\/es\/wp-json\/wp\/v2\/media?parent=447447"}],"wp:term":[{"taxonomy":"category","embeddable":true,"href":"https:\/\/dimensionturistica.com\/es\/wp-json\/wp\/v2\/categories?post=447447"},{"taxonomy":"post_tag","embeddable":true,"href":"https:\/\/dimensionturistica.com\/es\/wp-json\/wp\/v2\/tags?post=447447"}],"curies":[{"name":"wp","href":"https:\/\/api.w.org\/{rel}","templated":true}]}}