{"id":447421,"date":"2022-12-20T00:48:35","date_gmt":"2022-12-20T00:48:35","guid":{"rendered":"https:\/\/dimensionturistica.com\/es\/?p=447421"},"modified":"2022-12-20T00:48:35","modified_gmt":"2022-12-20T00:48:35","slug":"presenta-leonora-tovar-por-un-dulce-de-nuez-ademas-de-18-platillos-inspirados-en-el-recetario-de-sor-juana","status":"publish","type":"post","link":"https:\/\/dimensionturistica.com\/es\/presenta-leonora-tovar-por-un-dulce-de-nuez-ademas-de-18-platillos-inspirados-en-el-recetario-de-sor-juana\/","title":{"rendered":"Presenta Leonora Tovar por un dulce de nuez, adem\u00e1s de 18 platillos inspirados en el recetario de Sor Juana"},"content":{"rendered":"<p>Por un dulce de nuez. interpretaci\u00f3n de las recetas del convento de San Jer\u00f3nimo re\u00fane 36 platillos del<img decoding=\"async\" class=\"size-medium wp-image-447430 alignright\" src=\"https:\/\/dimensionturistica.com\/es\/wp-content\/uploads\/2022\/12\/Carmen-Beatriz-Lopez-Portillo-300x187.jpeg\" alt=\"\" width=\"300\" height=\"187\" srcset=\"https:\/\/dimensionturistica.com\/es\/wp-content\/uploads\/2022\/12\/Carmen-Beatriz-Lopez-Portillo-300x187.jpeg 300w, https:\/\/dimensionturistica.com\/es\/wp-content\/uploads\/2022\/12\/Carmen-Beatriz-Lopez-Portillo-1024x640.jpeg 1024w, https:\/\/dimensionturistica.com\/es\/wp-content\/uploads\/2022\/12\/Carmen-Beatriz-Lopez-Portillo-768x480.jpeg 768w, https:\/\/dimensionturistica.com\/es\/wp-content\/uploads\/2022\/12\/Carmen-Beatriz-Lopez-Portillo-750x468.jpeg 750w, https:\/\/dimensionturistica.com\/es\/wp-content\/uploads\/2022\/12\/Carmen-Beatriz-Lopez-Portillo.jpeg 1140w\" sizes=\"(max-width: 300px) 100vw, 300px\" \/> recetario de Sor Juana, 18 de los cuales Leonora Tovar y L\u00f3pez-Portillo elabor\u00f3 despu\u00e9s de un meticuloso an\u00e1lisis de ingredientes, medidas y sistemas de cocci\u00f3n.<br \/>\nEl libro ser\u00e1 presentado ma\u00f1ana martes 13 de diciembre, en el Auditorio Divino Narciso. Inicia a las 18:00 horas, con la participaci\u00f3n del Coro Virreinal Rita Guerrero, despu\u00e9s intervendr\u00e1n la Dra. Sara Poot Herrera; la Mtra. Carmen L\u00f3pez-Portillo, la autora Leonora Tovar, y la editora Moramay Herrera Kuri.<br \/>\nLa autora seleccion\u00f3 los siguientes platillos: Bu\u00f1uelos de viento, Ante de natas, Ante de Mamey, Bien me sabe, Jericaya, Leche quemada, Torta de arroz, Turco de ma\u00edz cacaguazintle, Clemole de Oaxaca, Guisado prieto, Pur\u00edn de espinacas, Mancha manteles, Mam\u00f3n (o marquesote), Jarabe de vino, Bud\u00edn de mam\u00f3n con salsa envinada, Rompope, Pan de elote enrompopado y Arroz con leche.<img decoding=\"async\" class=\"size-medium wp-image-447432 alignleft\" src=\"https:\/\/dimensionturistica.com\/es\/wp-content\/uploads\/2022\/12\/propuesta-abejas-enfoca-platillos-reconfortantes-300x203.jpg\" alt=\"\" width=\"300\" height=\"203\" srcset=\"https:\/\/dimensionturistica.com\/es\/wp-content\/uploads\/2022\/12\/propuesta-abejas-enfoca-platillos-reconfortantes-300x203.jpg 300w, https:\/\/dimensionturistica.com\/es\/wp-content\/uploads\/2022\/12\/propuesta-abejas-enfoca-platillos-reconfortantes-768x519.jpg 768w, https:\/\/dimensionturistica.com\/es\/wp-content\/uploads\/2022\/12\/propuesta-abejas-enfoca-platillos-reconfortantes-750x507.jpg 750w, https:\/\/dimensionturistica.com\/es\/wp-content\/uploads\/2022\/12\/propuesta-abejas-enfoca-platillos-reconfortantes.jpg 958w\" sizes=\"(max-width: 300px) 100vw, 300px\" \/><br \/>\nYa en la cocina, Tovar experiment\u00f3 con los ingredientes, las medidas y los sistemas de cocci\u00f3n para ofrecer una versi\u00f3n diferente pero af\u00edn al platillo correspondiente. Tambi\u00e9n agreg\u00f3 algunas recetas necesarias, como el mam\u00f3n o marquesote, del cual Sor Juana no apunt\u00f3 la receta, pero s\u00ed lo indic\u00f3 como ingrediente para otras preparaciones.<br \/>\nLa edici\u00f3n abre con la respuesta de la poetisa a la muy ilustre Sor Filotea de la Cruz donde destaca la frase: \u201cSi Arist\u00f3teles hubiera guisado, mucho m\u00e1s hubiera escrito\u201d. Le sigue el texto El libro de cocina del Convento de San Jer\u00f3nimo, de la Mtra. Carmen L\u00f3pez-Portillo, que destaca la importancia de la gastronom\u00eda como expresi\u00f3n cultural:<br \/>\n\u201cM\u00e9xico cuenta con un legado cultural material e inmaterial rico y plural que ha sido reconocido de muchas maneras por la UNESCO. La cocina mexicana es calificada por ese organismo como patrimonio inmaterial de la humanidad. Somos herederos, pues, de ese acervo cultural que encarna la memoria colectiva de nuestras comunidades, que conforman nuestras identidades y del que, sin duda, nos hemos asumido como responsables de preservar\u201d.<br \/>\nGenio del siglo, poeta de todos los tiempos<img decoding=\"async\" class=\"size-medium wp-image-447431 alignright\" src=\"https:\/\/dimensionturistica.com\/es\/wp-content\/uploads\/2022\/12\/IMG_20190305_163329-1024x683-1-300x200.jpg\" alt=\"\" width=\"300\" height=\"200\" srcset=\"https:\/\/dimensionturistica.com\/es\/wp-content\/uploads\/2022\/12\/IMG_20190305_163329-1024x683-1-300x200.jpg 300w, https:\/\/dimensionturistica.com\/es\/wp-content\/uploads\/2022\/12\/IMG_20190305_163329-1024x683-1-768x512.jpg 768w, https:\/\/dimensionturistica.com\/es\/wp-content\/uploads\/2022\/12\/IMG_20190305_163329-1024x683-1-750x500.jpg 750w, https:\/\/dimensionturistica.com\/es\/wp-content\/uploads\/2022\/12\/IMG_20190305_163329-1024x683-1.jpg 1024w\" sizes=\"(max-width: 300px) 100vw, 300px\" \/><br \/>\nSara Poot Herrera, en su texto Entre mieles y potajes. Sor Juana en la cocina, como ella misma lo escribe, hace un paseo por \u201cel muy amplio muestrario de referencias culinarias en los versos de Sor Juana, que son de varios tonos, que van de lo cient\u00edfico y literal a lo metaf\u00f3rico y meton\u00edmico; l\u00edneas aderezadas con su incomparable sentido del humor, del buen humor: en sus billetes, en su poema mayor, Primero sue\u00f1o, en sus romances de peso completo\u201d.<br \/>\n\u201c\u2026 Sor Juana ense\u00f1a secretos culinarios a la m\u00e1s joven de las monjas. Imagin\u00e9moslas en amena charla, cantando versos, mientras trajinan entre frutas, especias, carnes, verduras, granos, tub\u00e9rculos, chiles, mantecas, hervores, vapores, fuegos, comales, cazuelas\u2026 y ensaladas. Ensaladas de lechugas y r\u00e1banos, pero tambi\u00e9n ensaladas y ensaladillas literarias, ese g\u00e9nero literario-musical hisp\u00e1nico tan del gusto de Sor Juana y que cultivara con esmero entre sus formas po\u00e9ticas predilectas\u201d.<br \/>\nObsequio de Sor Juana a la condesa de Paredes<br \/>\n<img decoding=\"async\" class=\"size-medium wp-image-447434 alignright\" src=\"https:\/\/dimensionturistica.com\/es\/wp-content\/uploads\/2022\/12\/th-41-300x168.jpeg\" alt=\"\" width=\"300\" height=\"168\" srcset=\"https:\/\/dimensionturistica.com\/es\/wp-content\/uploads\/2022\/12\/th-41-300x168.jpeg 300w, https:\/\/dimensionturistica.com\/es\/wp-content\/uploads\/2022\/12\/th-41.jpeg 474w\" sizes=\"(max-width: 300px) 100vw, 300px\" \/>Por qu\u00e9 el t\u00edtulo: Por un dulce de nuez: Corresponde a uno de los regalos culinarios que Sor Juana enviaba a sus protectores, por supuesto, siempre acompa\u00f1ados de alg\u00fan poema. Es el caso de aquel romance dedicado a la condesa de Paredes, en \u201cretorno de una diadema\u201d obsequiada a la monja y en el que \u00e9sta \u201cpresenta un dulce de nueces que previno a un antojo de la se\u00f1ora virreina\u201d cuando estaba embarazada de su hijo Jos\u00e9 Mar\u00eda.<br \/>\nMoramay Herrera Kuri (directora editorial de la publicaci\u00f3n) escribe La fineza culinaria de Sor Juana: herencia para las nuevas generaciones, donde ofrece una perspectiva antropol\u00f3gica y sociol\u00f3gica del tr\u00e1nsito que signific\u00f3 alimentarse con alimentos crudos en las primeras fases evolutivas y los alimentos cocidos que permiti\u00f3 la domesticaci\u00f3n del fuego.<br \/>\nY sin m\u00e1s pre\u00e1mbulo (en la p\u00e1gina 34) se encuentran las recetas de Sor Juana y abajo el proceso de preparaci\u00f3n, con los ingredientes, las cantidades y tiempo de cocci\u00f3n, elaborado por Leonora Tovar, listos para quienes quieran poner en su mesa estos exquisitos manjares. La autora, incluye al final, otras recetas del Convento de San Jer\u00f3nimo.<br \/>\nAlgunos de los nombres que se leen en el recetario son: El turco de ma\u00edz cacahuazintle, el clemole de Oaxaca, la torta de arroz, el guisado prieto, el pur\u00edn de espinacas, el gigote de gallina y, principalmente, el manchamanteles -quiz\u00e1 el plato m\u00e1s barroco antes de la existencia del mole poblano. Y hay todo tipo de postres: cajetas, antes, ates, bu\u00f1uelos, huevos moles. Parece que la especialidad del Convento de San Jer\u00f3nimo eran el bienmesabe y los alfajores.<\/p>\n","protected":false},"excerpt":{"rendered":"<p>Por un dulce de nuez. interpretaci\u00f3n de las recetas del convento de San Jer\u00f3nimo re\u00fane 36 platillos del recetario de Sor Juana, 18 de los cuales Leonora Tovar y L\u00f3pez-Portillo elabor\u00f3 despu\u00e9s de un meticuloso an\u00e1lisis de ingredientes, medidas y sistemas de cocci\u00f3n. El libro ser\u00e1 presentado ma\u00f1ana martes 13 de diciembre, en el Auditorio [&hellip;]<\/p>\n","protected":false},"author":1,"featured_media":447433,"comment_status":"open","ping_status":"closed","sticky":false,"template":"","format":"standard","meta":{"om_disable_all_campaigns":false,"jnews-multi-image_gallery":[],"jnews_single_post":{"source_name":"","source_url":"","via_name":"","via_url":"","override_template":"0","override":[{"template":"1","single_blog_custom":"","parallax":"1","fullscreen":"1","layout":"right-sidebar","sidebar":"default-sidebar","second_sidebar":"default-sidebar","sticky_sidebar":"1","share_position":"top","share_float_style":"share-monocrhome","show_share_counter":"1","show_view_counter":"1","show_featured":"1","show_post_meta":"1","show_post_author":"1","show_post_author_image":"1","show_post_date":"1","post_date_format":"default","post_date_format_custom":"Y\/m\/d","show_post_category":"1","show_post_reading_time":"0","post_reading_time_wpm":"300","show_zoom_button":"0","zoom_button_out_step":"2","zoom_button_in_step":"3","show_post_tag":"1","show_prev_next_post":"1","show_popup_post":"1","number_popup_post":"1","show_author_box":"0","show_post_related":"0","show_inline_post_related":"0"}],"override_image_size":"0","image_override":[{"single_post_thumbnail_size":"crop-500","single_post_gallery_size":"crop-500"}],"trending_post":"0","trending_post_position":"meta","trending_post_label":"Trending","sponsored_post":"0","sponsored_post_label":"Sponsored by","sponsored_post_name":"","sponsored_post_url":"","sponsored_post_logo_enable":"0","sponsored_post_logo":"","sponsored_post_desc":"","disable_ad":"0"},"jnews_primary_category":{"id":"","hide":""},"jnews_social_meta":{"fb_title":"","fb_description":"","fb_image":"","twitter_title":"","twitter_description":"","twitter_image":""},"footnotes":""},"categories":[43],"tags":[],"class_list":["post-447421","post","type-post","status-publish","format-standard","has-post-thumbnail","hentry","category-gourmet"],"_links":{"self":[{"href":"https:\/\/dimensionturistica.com\/es\/wp-json\/wp\/v2\/posts\/447421","targetHints":{"allow":["GET"]}}],"collection":[{"href":"https:\/\/dimensionturistica.com\/es\/wp-json\/wp\/v2\/posts"}],"about":[{"href":"https:\/\/dimensionturistica.com\/es\/wp-json\/wp\/v2\/types\/post"}],"author":[{"embeddable":true,"href":"https:\/\/dimensionturistica.com\/es\/wp-json\/wp\/v2\/users\/1"}],"replies":[{"embeddable":true,"href":"https:\/\/dimensionturistica.com\/es\/wp-json\/wp\/v2\/comments?post=447421"}],"version-history":[{"count":0,"href":"https:\/\/dimensionturistica.com\/es\/wp-json\/wp\/v2\/posts\/447421\/revisions"}],"wp:featuredmedia":[{"embeddable":true,"href":"https:\/\/dimensionturistica.com\/es\/wp-json\/wp\/v2\/media\/447433"}],"wp:attachment":[{"href":"https:\/\/dimensionturistica.com\/es\/wp-json\/wp\/v2\/media?parent=447421"}],"wp:term":[{"taxonomy":"category","embeddable":true,"href":"https:\/\/dimensionturistica.com\/es\/wp-json\/wp\/v2\/categories?post=447421"},{"taxonomy":"post_tag","embeddable":true,"href":"https:\/\/dimensionturistica.com\/es\/wp-json\/wp\/v2\/tags?post=447421"}],"curies":[{"name":"wp","href":"https:\/\/api.w.org\/{rel}","templated":true}]}}