{"id":447391,"date":"2022-12-19T23:59:41","date_gmt":"2022-12-19T23:59:41","guid":{"rendered":"https:\/\/dimensionturistica.com\/es\/?p=447391"},"modified":"2022-12-20T00:01:45","modified_gmt":"2022-12-20T00:01:45","slug":"volaris-la-aerolinea-mas-sostenible-de-la-alianza-del-pacifico-por-tercer-ano-consecutivo","status":"publish","type":"post","link":"https:\/\/dimensionturistica.com\/es\/volaris-la-aerolinea-mas-sostenible-de-la-alianza-del-pacifico-por-tercer-ano-consecutivo\/","title":{"rendered":"Volaris, la aerol\u00ednea m\u00e1s sostenible de la Alianza del Pac\u00edfico por tercer a\u00f1o consecutivo"},"content":{"rendered":"<p>Volaris, la aerol\u00ednea de ultra bajo costo que opera en M\u00e9xico, Estados Unidos, Centro y Sudam\u00e9rica, fue seleccionada para formar parte del \u00cdndice Dow Jones Sustainability MILA Pacific Alliance por tercer a\u00f1o<\/p>\n<p><img decoding=\"async\" class=\"size-medium wp-image-447398 alignleft\" src=\"https:\/\/dimensionturistica.com\/es\/wp-content\/uploads\/2022\/12\/gettyimages-515909318-612x612-1-300x200.jpg\" alt=\"\" width=\"300\" height=\"200\" srcset=\"https:\/\/dimensionturistica.com\/es\/wp-content\/uploads\/2022\/12\/gettyimages-515909318-612x612-1-300x200.jpg 300w, https:\/\/dimensionturistica.com\/es\/wp-content\/uploads\/2022\/12\/gettyimages-515909318-612x612-1.jpg 612w\" sizes=\"(max-width: 300px) 100vw, 300px\" \/><\/p>\n<p>consecutivo.<br \/>\nDe acuerdo con la evaluaci\u00f3n de Standard &amp; Poors (S&amp;P), Volaris es la \u00fanica aerol\u00ednea latinoamericana l\u00edder en pr\u00e1cticas de sostenibilidad corporativa, debido a su sobresaliente desempe\u00f1o en temas ambientales, sociales y de gobierno corporativo (ASG) que contribuyen al desarrollo de una industria y sector sostenibles.<br \/>\n\u201cEn los siguientes 30 a\u00f1os, alrededor de 45 mil aviones en el mundo ser\u00e1n de fuselaje angosto. Esto quiere decir que la aviaci\u00f3n de bajo costo tomar\u00e1 cada vez m\u00e1s mercado y, como l\u00edderes de la industria, es nuestra responsabilidad ser financieramente sostenibles y responsables. Hoy en d\u00eda el enfoque estrat\u00e9gico de Volaris est\u00e1 en satisfacer las necesidades de los grupos de inter\u00e9s con decisiones m\u00e1s inteligentes,\u201d coment\u00f3 Enrique Beltranena, presidente y director general de Volaris.<img decoding=\"async\" class=\"size-medium wp-image-447399 alignright\" src=\"https:\/\/dimensionturistica.com\/es\/wp-content\/uploads\/2022\/12\/th-1-22-300x141.jpeg\" alt=\"\" width=\"300\" height=\"141\" srcset=\"https:\/\/dimensionturistica.com\/es\/wp-content\/uploads\/2022\/12\/th-1-22-300x141.jpeg 300w, https:\/\/dimensionturistica.com\/es\/wp-content\/uploads\/2022\/12\/th-1-22.jpeg 474w\" sizes=\"(max-width: 300px) 100vw, 300px\" \/><br \/>\nEntre las acciones que llevaron a la aerol\u00ednea a mantener su presencia en el \u00cdndice, destacan la firma del acuerdo con la IATA #25by2025 para incrementar la presencia de mujeres en puestos de liderazgo y \u00e1reas subrepresentadas, la transparencia en las pr\u00e1cticas del gobierno corporativo, la estrategia ante el cambio clim\u00e1tico y la disponibilidad de datos sobre las emisiones de carbono de la compa\u00f1\u00eda, as\u00ed <img decoding=\"async\" class=\"alignleft size-medium wp-image-447401\" src=\"https:\/\/dimensionturistica.com\/es\/wp-content\/uploads\/2022\/12\/th-40-300x173.jpeg\" alt=\"\" width=\"300\" height=\"173\" srcset=\"https:\/\/dimensionturistica.com\/es\/wp-content\/uploads\/2022\/12\/th-40-300x173.jpeg 300w, https:\/\/dimensionturistica.com\/es\/wp-content\/uploads\/2022\/12\/th-40.jpeg 474w\" sizes=\"(max-width: 300px) 100vw, 300px\" \/>como la emisi\u00f3n del primer bono ligado a sustentabilidad en el mercado mexicano.<br \/>\nDe igual forma, en 2021 la aerol\u00ednea redujo casi 15% sus emisiones de gCO\/RPK en comparaci\u00f3n con 2015 y firm\u00f3 el compromiso #FlyNetZero con la IATA para la descarbonizaci\u00f3n de la industria hacia 2050.<br \/>\nEl \u00cdndice Dow Jones Sustainability MILA Pacific Alliance evalu\u00f3 a 152 compa\u00f1\u00edas en todas las industrias de la regi\u00f3n, y reconoci\u00f3 \u00fanicamente a 68. En M\u00e9xico se incluyeron 24 empresas, entre las que Volaris destaca como la \u00fanica aerol\u00ednea. A nivel mundial, el Dow Jones Sustainability Index 2022 analiz\u00f3 a 33 operadores a\u00e9reos, de los cuales siete cumplieron con los requisitos para ser listados.<\/p>\n<p>&nbsp;<\/p>\n","protected":false},"excerpt":{"rendered":"<p>Volaris, la aerol\u00ednea de ultra bajo costo que opera en M\u00e9xico, Estados Unidos, Centro y Sudam\u00e9rica, fue seleccionada para formar parte del \u00cdndice Dow Jones Sustainability MILA Pacific Alliance por tercer a\u00f1o consecutivo. De acuerdo con la evaluaci\u00f3n de Standard &amp; Poors (S&amp;P), Volaris es la \u00fanica aerol\u00ednea latinoamericana l\u00edder en pr\u00e1cticas de sostenibilidad corporativa, [&hellip;]<\/p>\n","protected":false},"author":1,"featured_media":447400,"comment_status":"open","ping_status":"closed","sticky":false,"template":"","format":"standard","meta":{"om_disable_all_campaigns":false,"jnews-multi-image_gallery":[],"jnews_single_post":{"source_name":"","source_url":"","via_name":"","via_url":"","override_template":"0","override":[{"template":"1","single_blog_custom":"","parallax":"1","fullscreen":"1","layout":"right-sidebar","sidebar":"default-sidebar","second_sidebar":"default-sidebar","sticky_sidebar":"1","share_position":"top","share_float_style":"share-monocrhome","show_share_counter":"1","show_view_counter":"1","show_featured":"1","show_post_meta":"1","show_post_author":"1","show_post_author_image":"1","show_post_date":"1","post_date_format":"default","post_date_format_custom":"Y\/m\/d","show_post_category":"1","show_post_reading_time":"0","post_reading_time_wpm":"300","show_zoom_button":"0","zoom_button_out_step":"2","zoom_button_in_step":"3","show_post_tag":"1","show_prev_next_post":"1","show_popup_post":"1","number_popup_post":"1","show_author_box":"0","show_post_related":"0","show_inline_post_related":"0"}],"override_image_size":"0","image_override":[{"single_post_thumbnail_size":"crop-500","single_post_gallery_size":"crop-500"}],"trending_post":"0","trending_post_position":"meta","trending_post_label":"Trending","sponsored_post":"0","sponsored_post_label":"Sponsored by","sponsored_post_name":"","sponsored_post_url":"","sponsored_post_logo_enable":"0","sponsored_post_logo":"","sponsored_post_desc":"","disable_ad":"0"},"jnews_primary_category":{"id":"","hide":""},"jnews_social_meta":{"fb_title":"","fb_description":"","fb_image":"","twitter_title":"","twitter_description":"","twitter_image":""},"footnotes":""},"categories":[39],"tags":[],"class_list":["post-447391","post","type-post","status-publish","format-standard","has-post-thumbnail","hentry","category-viajes"],"_links":{"self":[{"href":"https:\/\/dimensionturistica.com\/es\/wp-json\/wp\/v2\/posts\/447391","targetHints":{"allow":["GET"]}}],"collection":[{"href":"https:\/\/dimensionturistica.com\/es\/wp-json\/wp\/v2\/posts"}],"about":[{"href":"https:\/\/dimensionturistica.com\/es\/wp-json\/wp\/v2\/types\/post"}],"author":[{"embeddable":true,"href":"https:\/\/dimensionturistica.com\/es\/wp-json\/wp\/v2\/users\/1"}],"replies":[{"embeddable":true,"href":"https:\/\/dimensionturistica.com\/es\/wp-json\/wp\/v2\/comments?post=447391"}],"version-history":[{"count":0,"href":"https:\/\/dimensionturistica.com\/es\/wp-json\/wp\/v2\/posts\/447391\/revisions"}],"wp:featuredmedia":[{"embeddable":true,"href":"https:\/\/dimensionturistica.com\/es\/wp-json\/wp\/v2\/media\/447400"}],"wp:attachment":[{"href":"https:\/\/dimensionturistica.com\/es\/wp-json\/wp\/v2\/media?parent=447391"}],"wp:term":[{"taxonomy":"category","embeddable":true,"href":"https:\/\/dimensionturistica.com\/es\/wp-json\/wp\/v2\/categories?post=447391"},{"taxonomy":"post_tag","embeddable":true,"href":"https:\/\/dimensionturistica.com\/es\/wp-json\/wp\/v2\/tags?post=447391"}],"curies":[{"name":"wp","href":"https:\/\/api.w.org\/{rel}","templated":true}]}}