{"id":447321,"date":"2022-12-19T22:21:21","date_gmt":"2022-12-19T22:21:21","guid":{"rendered":"https:\/\/dimensionturistica.com\/es\/?p=447321"},"modified":"2022-12-19T22:21:22","modified_gmt":"2022-12-19T22:21:22","slug":"estos-son-los-seis-nuevos-pueblos-mas-bonitos-de-espana","status":"publish","type":"post","link":"https:\/\/dimensionturistica.com\/es\/estos-son-los-seis-nuevos-pueblos-mas-bonitos-de-espana\/","title":{"rendered":"Estos son los seis nuevos &#8216;pueblos m\u00e1s bonitos de Espa\u00f1a&#8217;"},"content":{"rendered":"<p> <br \/>\n<\/p>\n<div id=\"article-sumary\">\n<div class=\"article-txt ad-mobile-top\">\n<p>A partir del 1 de enero de 2023, la Asociaci\u00f3n de los Pueblos m\u00e1s Bonitos de Espa\u00f1a\u00a0ampliar\u00e1\u00a0su lista de 105 destinos con seis nuevas localidades elegidas por su patrimonio y entorno pure. Se trata de\u00a0<strong>Durro, Art\u00edes y Gar\u00e8s (Lleida), Castrojeriz (Burgos), El Burgo de Osma (Soria) y Trev\u00e9lez (Granada).<\/strong> Los pueblos ganadores\u00a0de esta edici\u00f3n fueron\u00a0seleccionados despu\u00e9s de presentar su\u00a0candidatura\u00a0y comprobar que cumpl\u00edan los requisitos para formar parte de esta pink privada, cuyo objetivo es trabajar conjuntamente para preservar y dar a conocer la belleza y los tesoros de estos rincones de Espa\u00f1a.\u00a0<\/p>\n<section class=\"related-article-content relacionado\">\n<p class=\"relatedTitle\">Art\u00edculo relacionado<\/p>\n<p><a rel=\"nofollow noopener\" target=\"_blank\" href=\"https:\/\/news.google.com\/a\/pueblos-mas-bonitos-espana_10107\" class=\"rel\"><\/p>\n<article class=\"article\">&#13;<\/p>\n<figure class=\"thumb\">&#13;<img decoding=\"async\" src=\"https:\/\/news.google.com\/medio\/2022\/09\/29\/montefrio_9b3aa883_1280x720.jpg\" alt=\"Montefr\u00edo\" class=\"imagenRelacionado lazyload\"\/><noscript><img decoding=\"async\" src=\"https:\/\/news.google.com\/medio\/2022\/09\/29\/montefrio_9b3aa883_1280x720.jpg\" alt=\"Montefr\u00edo\"\/><\/noscript>&#13;<\/figure>\n<p>&#13;<\/p>\n<div class=\"relacionadoTxt\">\n<p>&#13;<\/p>\n<h4 class=\"supertitle\">&#13;Espa\u00f1a Rural<\/h4>\n<h4 class=\"title\">&#13;Estos son los pueblos m\u00e1s bonitos de Espa\u00f1a<\/h4>\n<p>&#13;<\/p>\n<\/div>\n<\/article>\n<p><\/a><\/section>\n<\/div>\n<\/div>\n\n<p><em> &#8221; Fuentes news.google.com &#8221; <\/em><\/p>\n","protected":false},"excerpt":{"rendered":"<p>A partir del 1 de enero de 2023, la Asociaci\u00f3n de los Pueblos m\u00e1s Bonitos de Espa\u00f1a\u00a0ampliar\u00e1\u00a0su lista de 105 destinos con seis nuevas localidades elegidas por su patrimonio y entorno pure. Se trata de\u00a0Durro, Art\u00edes y Gar\u00e8s (Lleida), Castrojeriz (Burgos), El Burgo de Osma (Soria) y Trev\u00e9lez (Granada). Los pueblos ganadores\u00a0de esta edici\u00f3n fueron\u00a0seleccionados [&hellip;]<\/p>\n","protected":false},"author":4,"featured_media":447322,"comment_status":"open","ping_status":"closed","sticky":false,"template":"","format":"standard","meta":{"om_disable_all_campaigns":false,"jnews-multi-image_gallery":[],"jnews_single_post":[],"jnews_primary_category":[],"jnews_social_meta":[],"footnotes":""},"categories":[39],"tags":[47258,47257],"class_list":["post-447321","post","type-post","status-publish","format-standard","has-post-thumbnail","hentry","category-viajes","tag-cargado-desde-el-fichero-de-recursos","tag-keywords-por-defecto"],"_links":{"self":[{"href":"https:\/\/dimensionturistica.com\/es\/wp-json\/wp\/v2\/posts\/447321","targetHints":{"allow":["GET"]}}],"collection":[{"href":"https:\/\/dimensionturistica.com\/es\/wp-json\/wp\/v2\/posts"}],"about":[{"href":"https:\/\/dimensionturistica.com\/es\/wp-json\/wp\/v2\/types\/post"}],"author":[{"embeddable":true,"href":"https:\/\/dimensionturistica.com\/es\/wp-json\/wp\/v2\/users\/4"}],"replies":[{"embeddable":true,"href":"https:\/\/dimensionturistica.com\/es\/wp-json\/wp\/v2\/comments?post=447321"}],"version-history":[{"count":0,"href":"https:\/\/dimensionturistica.com\/es\/wp-json\/wp\/v2\/posts\/447321\/revisions"}],"wp:featuredmedia":[{"embeddable":true,"href":"https:\/\/dimensionturistica.com\/es\/wp-json\/wp\/v2\/media\/447322"}],"wp:attachment":[{"href":"https:\/\/dimensionturistica.com\/es\/wp-json\/wp\/v2\/media?parent=447321"}],"wp:term":[{"taxonomy":"category","embeddable":true,"href":"https:\/\/dimensionturistica.com\/es\/wp-json\/wp\/v2\/categories?post=447321"},{"taxonomy":"post_tag","embeddable":true,"href":"https:\/\/dimensionturistica.com\/es\/wp-json\/wp\/v2\/tags?post=447321"}],"curies":[{"name":"wp","href":"https:\/\/api.w.org\/{rel}","templated":true}]}}