{"id":447290,"date":"2022-12-19T21:46:54","date_gmt":"2022-12-19T21:46:54","guid":{"rendered":"https:\/\/dimensionturistica.com\/es\/?p=447290"},"modified":"2022-12-19T21:46:54","modified_gmt":"2022-12-19T21:46:54","slug":"samuel-garcia-y-mariana-rodriguez-invitan-a-gozar-la-macro-navidad-2022","status":"publish","type":"post","link":"https:\/\/dimensionturistica.com\/es\/samuel-garcia-y-mariana-rodriguez-invitan-a-gozar-la-macro-navidad-2022\/","title":{"rendered":"Samuel Garcia y Mariana Rodr\u00edguez invitan a gozar la Macro Navidad 2022"},"content":{"rendered":"<p>En un hecho sin precedentes el Gobierno del Estado dio a conocer la Macro Navidad 2022, que se realizar\u00e1 del 10 de diciembre de 2022 al 8 de enero de 2023 para el entretenimiento de todas y todos los neoleoneses.<br \/>\nAcompa\u00f1ado de Mariana Rodr\u00edguez de AMAR a Nuevo Le\u00f3n, del alcalde de Monterrey, Luis Donaldo<img decoding=\"async\" class=\" wp-image-447304 alignright\" src=\"https:\/\/dimensionturistica.com\/es\/wp-content\/uploads\/2022\/12\/unnamed-9-300x163.png\" alt=\"\" width=\"440\" height=\"239\" srcset=\"https:\/\/dimensionturistica.com\/es\/wp-content\/uploads\/2022\/12\/unnamed-9-300x163.png 300w, https:\/\/dimensionturistica.com\/es\/wp-content\/uploads\/2022\/12\/unnamed-9-1024x558.png 1024w, https:\/\/dimensionturistica.com\/es\/wp-content\/uploads\/2022\/12\/unnamed-9-768x418.png 768w, https:\/\/dimensionturistica.com\/es\/wp-content\/uploads\/2022\/12\/unnamed-9-750x409.png 750w, https:\/\/dimensionturistica.com\/es\/wp-content\/uploads\/2022\/12\/unnamed-9-1140x621.png 1140w, https:\/\/dimensionturistica.com\/es\/wp-content\/uploads\/2022\/12\/unnamed-9.png 1149w\" sizes=\"(max-width: 440px) 100vw, 440px\" \/> Colosio y de funcionarios estatales, el Gobernador Samuel Alejandro Garc\u00eda Sep\u00falveda expres\u00f3 que se trata de un evento nunca antes visto en la Macroplaza.<br \/>\n\u201cQue vengan con sus hijos, que se vengan a pasear, a la Casa de Santa para que se tomen la foto y le dejen su cartita las y los ni\u00f1os; van a estar los Reyes Magos, vienen sorpresas desde El vaticano y ahora con una pista de hielo enorme de mil metros cuadrados donde de manera gratuita podr\u00e1n patinar m\u00ednimo 55 minutos\u201d, expres\u00f3 el Mandatario neolon\u00e9s.<br \/>\nAdem\u00e1s destac\u00f3 que habr\u00e1 un programa inclusivo para que las personas con diferentes capacidades puedan disfrutar del Tobog\u00e1n y de la pista, entre otras atracciones.<br \/>\n\u201cHay que disfrutar en familia, hay que estar agradecidos con Dios\u201d, refiri\u00f3 el Gobernador Samuel Garc\u00eda.<br \/>\nPor su parte la Secretaria de Cultura, Melissa Segura explic\u00f3 que el programa inicia el pr\u00f3ximo s\u00e1bado 10 de diciembre a las 18:00 horas con el Concierto Navide\u00f1o de la Orquesta Nacional de Jazz en el Museo de Historia Mexicana.<br \/>\nSegura, se\u00f1al\u00f3 que a las 19:30 horas se proceder\u00e1 al encendido de la Macro Navidad desde el Pino del Museo de Historia Mexicana, en donde las primeras 4 mil personas que lleguen al encendido del pino navide\u00f1o del Museo recibir\u00e1n un refrigerio.<br \/>\nEntre las principales atracciones se encuentra la pista de patinaje en la explanada de los H\u00e9roes con acceso gratuito para los asistentes, y se contar\u00e1 con el apoyo de instructores, personal m\u00e9dico y ambulancia al pendiente de cualquier eventualidad.<br \/>\nLa pista de patinaje ofrecer\u00e1 sesiones de 50 minutos con un cupo m\u00e1ximo de 180 a 200 personas por sesi\u00f3n.<br \/>\nAdem\u00e1s, la Casa de Santa operar\u00e1 en un horario de lunes a domingo de 17:00 a 21:00 hrs; Santa Claus se tomar\u00e1 la foto diariamente con las y los visitantes que se podr\u00e1n llevar su recuerdo impreso.<br \/>\nEn la Villa Navide\u00f1a habr\u00e1 presentaciones art\u00edsticas, espect\u00e1culos y desfile musical en la Explanada. A la programaci\u00f3n se sumar\u00e1n coros con m\u00e1s de 120 participantes, quienes ofrecer\u00e1n sus repertorios musicales.<br \/>\nLos coros fueron seleccionados a partir de una convocatoria de Participaci\u00f3n Ciudadana.<br \/>\nLa Macro Navidad es posible con los donativos y aportaciones del sector privado.<br \/>\nAsistieron al evento Iv\u00e1n Rivas, Secretario de Econom\u00eda; Hern\u00e1n Villarreal, Secretario de Movilidad y Planeaci\u00f3n Urbana; Ximena Peredo, Secretaria de Participaci\u00f3n Ciudadana; Adriana Gallegos, directora del Museo de Historia Mexicana; y el alcalde de Monterrey, Luis Donaldo Colosio.<br \/>\nAsimismo, Mauricio Zavala, director para la Corporaci\u00f3n para el Desarrollo Tur\u00edstico de Nuevo Le\u00f3n (CODETUR); Belinda Zambrano, directora de Relaciones P\u00fablicas de VALUE Grupo Financiero; y Hern\u00e1n Marcos, subdirector de Mercadotecnia de GRUMA.<\/p>\n","protected":false},"excerpt":{"rendered":"<p>En un hecho sin precedentes el Gobierno del Estado dio a conocer la Macro Navidad 2022, que se realizar\u00e1 del 10 de diciembre de 2022 al 8 de enero de 2023 para el entretenimiento de todas y todos los neoleoneses. Acompa\u00f1ado de Mariana Rodr\u00edguez de AMAR a Nuevo Le\u00f3n, del alcalde de Monterrey, Luis Donaldo [&hellip;]<\/p>\n","protected":false},"author":1,"featured_media":447303,"comment_status":"open","ping_status":"closed","sticky":false,"template":"","format":"standard","meta":{"om_disable_all_campaigns":false,"jnews-multi-image_gallery":[],"jnews_single_post":{"source_name":"","source_url":"","via_name":"","via_url":"","override_template":"0","override":[{"template":"1","single_blog_custom":"","parallax":"1","fullscreen":"1","layout":"right-sidebar","sidebar":"default-sidebar","second_sidebar":"default-sidebar","sticky_sidebar":"1","share_position":"top","share_float_style":"share-monocrhome","show_share_counter":"1","show_view_counter":"1","show_featured":"1","show_post_meta":"1","show_post_author":"1","show_post_author_image":"1","show_post_date":"1","post_date_format":"default","post_date_format_custom":"Y\/m\/d","show_post_category":"1","show_post_reading_time":"0","post_reading_time_wpm":"300","show_zoom_button":"0","zoom_button_out_step":"2","zoom_button_in_step":"3","show_post_tag":"1","show_prev_next_post":"1","show_popup_post":"1","number_popup_post":"1","show_author_box":"0","show_post_related":"0","show_inline_post_related":"0"}],"override_image_size":"0","image_override":[{"single_post_thumbnail_size":"crop-500","single_post_gallery_size":"crop-500"}],"trending_post":"0","trending_post_position":"meta","trending_post_label":"Trending","sponsored_post":"0","sponsored_post_label":"Sponsored by","sponsored_post_name":"","sponsored_post_url":"","sponsored_post_logo_enable":"0","sponsored_post_logo":"","sponsored_post_desc":"","disable_ad":"0"},"jnews_primary_category":{"id":"","hide":""},"jnews_social_meta":{"fb_title":"","fb_description":"","fb_image":"","twitter_title":"","twitter_description":"","twitter_image":""},"footnotes":""},"categories":[39],"tags":[],"class_list":["post-447290","post","type-post","status-publish","format-standard","has-post-thumbnail","hentry","category-viajes"],"_links":{"self":[{"href":"https:\/\/dimensionturistica.com\/es\/wp-json\/wp\/v2\/posts\/447290","targetHints":{"allow":["GET"]}}],"collection":[{"href":"https:\/\/dimensionturistica.com\/es\/wp-json\/wp\/v2\/posts"}],"about":[{"href":"https:\/\/dimensionturistica.com\/es\/wp-json\/wp\/v2\/types\/post"}],"author":[{"embeddable":true,"href":"https:\/\/dimensionturistica.com\/es\/wp-json\/wp\/v2\/users\/1"}],"replies":[{"embeddable":true,"href":"https:\/\/dimensionturistica.com\/es\/wp-json\/wp\/v2\/comments?post=447290"}],"version-history":[{"count":0,"href":"https:\/\/dimensionturistica.com\/es\/wp-json\/wp\/v2\/posts\/447290\/revisions"}],"wp:featuredmedia":[{"embeddable":true,"href":"https:\/\/dimensionturistica.com\/es\/wp-json\/wp\/v2\/media\/447303"}],"wp:attachment":[{"href":"https:\/\/dimensionturistica.com\/es\/wp-json\/wp\/v2\/media?parent=447290"}],"wp:term":[{"taxonomy":"category","embeddable":true,"href":"https:\/\/dimensionturistica.com\/es\/wp-json\/wp\/v2\/categories?post=447290"},{"taxonomy":"post_tag","embeddable":true,"href":"https:\/\/dimensionturistica.com\/es\/wp-json\/wp\/v2\/tags?post=447290"}],"curies":[{"name":"wp","href":"https:\/\/api.w.org\/{rel}","templated":true}]}}