{"id":447228,"date":"2022-12-19T21:11:43","date_gmt":"2022-12-19T21:11:43","guid":{"rendered":"https:\/\/dimensionturistica.com\/es\/?p=447228"},"modified":"2022-12-19T21:11:43","modified_gmt":"2022-12-19T21:11:43","slug":"american-airlines-obtiene-la-certificacion-hrc-equidad-mx-2023-por-quinto-ano-consecutivo","status":"publish","type":"post","link":"https:\/\/dimensionturistica.com\/es\/american-airlines-obtiene-la-certificacion-hrc-equidad-mx-2023-por-quinto-ano-consecutivo\/","title":{"rendered":"American Airlines obtiene la Certificaci\u00f3n HRC Equidad MX 2023 por quinto a\u00f1o consecutivo"},"content":{"rendered":"<p>American Airlines ha recibido, por quinto a\u00f1o consecutivo y con una puntuaci\u00f3n perfecta, la certificaci\u00f3n HRC Equidad MX 2023 de la Fundaci\u00f3n Human Rights Campaign y HRC Equidad MX: Programa Global de Equidad Laboral.<br \/>\nCabe destacar que American cumpli\u00f3 de forma exitosa con todos los requisitos solicitados, alcanzando la<img decoding=\"async\" class=\"wp-image-447257 alignright\" src=\"https:\/\/dimensionturistica.com\/es\/wp-content\/uploads\/2022\/12\/122022-American-Airlines-HRC-2023-300x220.jpg\" alt=\"\" width=\"535\" height=\"392\" srcset=\"https:\/\/dimensionturistica.com\/es\/wp-content\/uploads\/2022\/12\/122022-American-Airlines-HRC-2023-300x220.jpg 300w, https:\/\/dimensionturistica.com\/es\/wp-content\/uploads\/2022\/12\/122022-American-Airlines-HRC-2023-1024x750.jpg 1024w, https:\/\/dimensionturistica.com\/es\/wp-content\/uploads\/2022\/12\/122022-American-Airlines-HRC-2023-768x563.jpg 768w, https:\/\/dimensionturistica.com\/es\/wp-content\/uploads\/2022\/12\/122022-American-Airlines-HRC-2023-1536x1125.jpg 1536w, https:\/\/dimensionturistica.com\/es\/wp-content\/uploads\/2022\/12\/122022-American-Airlines-HRC-2023-2048x1500.jpg 2048w, https:\/\/dimensionturistica.com\/es\/wp-content\/uploads\/2022\/12\/122022-American-Airlines-HRC-2023-750x549.jpg 750w, https:\/\/dimensionturistica.com\/es\/wp-content\/uploads\/2022\/12\/122022-American-Airlines-HRC-2023-1140x835.jpg 1140w\" sizes=\"(max-width: 535px) 100vw, 535px\" \/> m\u00e1xima calificaci\u00f3n de 100 puntos, de manera que se posicion\u00f3 nuevamente como una de las compa\u00f1\u00edas que ostentar\u00e1n a partir de esta fecha y hasta el 31 de diciembre del siguiente a\u00f1o, la distinci\u00f3n de \u201cmejores lugares para trabajar LGBTQ+ 2023\u201d.<br \/>\n\u201cEn American estamos entusiasmados por seguir trabajando en construir un espacio incluyente que permita dar visibilidad a una comunidad que aporta tanto a nuestra empresa\u201d, dijo Paola Torri, Directora de Recursos Humanos en American Airlines para Latino Am\u00e9rica. \u201cRecibir esta certificaci\u00f3n por quinto a\u00f1o consecutivo nos impulsa a seguir fomentando una cultura de respeto e inclusi\u00f3n, donde valoramos y celebramos nuestra diversidad\u201d.<br \/>\nInspirada en el \u00cdndice de Igualdad Corporativa de HRC (CEI, por sus siglas en ingl\u00e9s), la herramienta nacional de evaluaci\u00f3n comparativa de pr\u00e1cticas y pol\u00edticas de inclusi\u00f3n LGBTQ+ ha establecido pautas concretas para promover centros de trabajo incluyentes para la fuerza laboral LGBTQ+.<br \/>\nEste logro ha sido posible gracias al arduo trabajo del equipo de Recursos Humanos y Pride Employee Business Resource Group (EBRG) de American en M\u00e9xico, liderado por los miembros del equipo Sandra Jaquez y Omar Alc\u00e1ntara.<br \/>\nLos resultados del informe m\u00e1s reciente\u00a0pueden consultarse aqu\u00ed.<\/p>\n","protected":false},"excerpt":{"rendered":"<p>American Airlines ha recibido, por quinto a\u00f1o consecutivo y con una puntuaci\u00f3n perfecta, la certificaci\u00f3n HRC Equidad MX 2023 de la Fundaci\u00f3n Human Rights Campaign y HRC Equidad MX: Programa Global de Equidad Laboral. Cabe destacar que American cumpli\u00f3 de forma exitosa con todos los requisitos solicitados, alcanzando la m\u00e1xima calificaci\u00f3n de 100 puntos, de [&hellip;]<\/p>\n","protected":false},"author":1,"featured_media":447253,"comment_status":"open","ping_status":"closed","sticky":false,"template":"","format":"standard","meta":{"om_disable_all_campaigns":false,"jnews-multi-image_gallery":[],"jnews_single_post":{"source_name":"","source_url":"","via_name":"","via_url":"","override_template":"0","override":[{"template":"1","single_blog_custom":"","parallax":"1","fullscreen":"1","layout":"right-sidebar","sidebar":"default-sidebar","second_sidebar":"default-sidebar","sticky_sidebar":"1","share_position":"top","share_float_style":"share-monocrhome","show_share_counter":"1","show_view_counter":"1","show_featured":"1","show_post_meta":"1","show_post_author":"1","show_post_author_image":"1","show_post_date":"1","post_date_format":"default","post_date_format_custom":"Y\/m\/d","show_post_category":"1","show_post_reading_time":"0","post_reading_time_wpm":"300","show_zoom_button":"0","zoom_button_out_step":"2","zoom_button_in_step":"3","show_post_tag":"1","show_prev_next_post":"1","show_popup_post":"1","number_popup_post":"1","show_author_box":"0","show_post_related":"0","show_inline_post_related":"0"}],"override_image_size":"0","image_override":[{"single_post_thumbnail_size":"crop-500","single_post_gallery_size":"crop-500"}],"trending_post":"0","trending_post_position":"meta","trending_post_label":"Trending","sponsored_post":"0","sponsored_post_label":"Sponsored by","sponsored_post_name":"","sponsored_post_url":"","sponsored_post_logo_enable":"0","sponsored_post_logo":"","sponsored_post_desc":"","disable_ad":"0"},"jnews_primary_category":{"id":"","hide":""},"jnews_social_meta":{"fb_title":"","fb_description":"","fb_image":"","twitter_title":"","twitter_description":"","twitter_image":""},"footnotes":""},"categories":[39],"tags":[],"class_list":["post-447228","post","type-post","status-publish","format-standard","has-post-thumbnail","hentry","category-viajes"],"_links":{"self":[{"href":"https:\/\/dimensionturistica.com\/es\/wp-json\/wp\/v2\/posts\/447228","targetHints":{"allow":["GET"]}}],"collection":[{"href":"https:\/\/dimensionturistica.com\/es\/wp-json\/wp\/v2\/posts"}],"about":[{"href":"https:\/\/dimensionturistica.com\/es\/wp-json\/wp\/v2\/types\/post"}],"author":[{"embeddable":true,"href":"https:\/\/dimensionturistica.com\/es\/wp-json\/wp\/v2\/users\/1"}],"replies":[{"embeddable":true,"href":"https:\/\/dimensionturistica.com\/es\/wp-json\/wp\/v2\/comments?post=447228"}],"version-history":[{"count":0,"href":"https:\/\/dimensionturistica.com\/es\/wp-json\/wp\/v2\/posts\/447228\/revisions"}],"wp:featuredmedia":[{"embeddable":true,"href":"https:\/\/dimensionturistica.com\/es\/wp-json\/wp\/v2\/media\/447253"}],"wp:attachment":[{"href":"https:\/\/dimensionturistica.com\/es\/wp-json\/wp\/v2\/media?parent=447228"}],"wp:term":[{"taxonomy":"category","embeddable":true,"href":"https:\/\/dimensionturistica.com\/es\/wp-json\/wp\/v2\/categories?post=447228"},{"taxonomy":"post_tag","embeddable":true,"href":"https:\/\/dimensionturistica.com\/es\/wp-json\/wp\/v2\/tags?post=447228"}],"curies":[{"name":"wp","href":"https:\/\/api.w.org\/{rel}","templated":true}]}}