{"id":447081,"date":"2022-12-19T18:34:45","date_gmt":"2022-12-19T18:34:45","guid":{"rendered":"https:\/\/dimensionturistica.com\/es\/?p=447081"},"modified":"2022-12-19T18:34:45","modified_gmt":"2022-12-19T18:34:45","slug":"hallan-el-cadaver-de-un-indigente-en-el-parque-del-crucero-en-cancun","status":"publish","type":"post","link":"https:\/\/dimensionturistica.com\/es\/hallan-el-cadaver-de-un-indigente-en-el-parque-del-crucero-en-cancun\/","title":{"rendered":"Hallan el cad\u00e1ver de un indigente en el parque del crucero en Canc\u00fan"},"content":{"rendered":"<p> <br \/>\n<\/p>\n<div id=\"cuerpo-nota\">\n<p>El cuerpo sin vida de una persona sin hogar fue localizado en el <strong>parque del crucero<\/strong>, hasta d\u00f3nde arribaron autoridades para tomar conocimiento de los hechos.<\/p>\n<p>El hallazgo ocurri\u00f3 esta ma\u00f1ana luego que un empleado de limpia p\u00fablica observ\u00f3 el cuerpo y trat\u00f3 de mover al hombre, fue entonces que se percat\u00f3 que ya no presentaba signos vitales.<\/p>\n<aside class=\"htmlinline\"\/>\n<aside class=\"relacionadas con-foto\">\n<h5>Noticias Relacionadas<\/h5>\n<\/aside>\n<p>Por la anterior, alert\u00f3 a la central de <strong>emergencias 911<\/strong> y de inmediato <strong>Polic\u00edas Municipales<\/strong> llegaron a la escena y acordonaron a las autoridades ministeriales.<\/p>\n<p>Private de servicios periciales de la <strong>Fiscal\u00eda Normal del Estado<\/strong>, se encarg\u00f3 del procesamiento de la escena del crimen y despu\u00e9s traslad\u00f3 el <strong>cad\u00e1ver <\/strong>en calidad de desconocido, para los estudios correspondientes y determinar las causas de la muerte.<\/p>\n<aside class=\"htmlinline\"\/>\n<aside class=\"relacionadas con-foto\">\n<h5>Noticias Relacionadas<\/h5>\n<\/aside>\n<p>S\u00edguenos en <a rel=\"nofollow noopener\" target=\"_blank\" href=\"https:\/\/news.google.com\/publications\/CAAqBwgKMMLDmwswhs6zAw?oc=3&amp;ceid=MX%3Aes-419&amp;hl=es-419&amp;gl=MX&amp;fbclid=IwAR1hHmWLrQ-Fncl_2YYaX9PDtAJ2uYW3J4tY5Y2ZCWeMqe_i-qn2iitn_FQ\">Google News<\/a> y recibe la mejor informaci\u00f3n<\/p>\n<p>NR<\/p>\n<\/div>\n<p><script>\n      window.fbAsyncInit = function() {\n        FB.init({\n          appId      : '{292213061927134}',\n          status     : true,\n\t\t  version:  'v2.7',\n          xfbml      : true\n        });\nFB.Event.subscribe('comment.create', function (response) {grabacom_compa(364095)});\t\nFB.Event.subscribe('comment.remove',  function (response) {grabacom_compa(364095)});\t\nFB.Event.subscribe('edge.create',  function (response) {grabacom_compa(364095)});\nFB.Event.subscribe('edge.remove',  function (response) {grabacom_compa(364095)});\n      };\n(function(d, s, id) {\n  var js, fjs = d.getElementsByTagName(s)[0];\n  if (d.getElementById(id)) return;\n  js = d.createElement(s); js.id = id;\n  js.src = \"\/\/connect.facebook.net\/es_LA\/sdk.js#xfbml=1&version=v2.7&appId=292213061927134\";\n  fjs.parentNode.insertBefore(js, fjs);\n}(document, 'script', 'facebook-jssdk'));\n    <\/script><br \/>\n<br \/><\/p>\n<p><em> &#8221; Fuentes news.google.com &#8221; <\/em><\/p>\n","protected":false},"excerpt":{"rendered":"<p>El cuerpo sin vida de una persona sin hogar fue localizado en el parque del crucero, hasta d\u00f3nde arribaron autoridades para tomar conocimiento de los hechos. El hallazgo ocurri\u00f3 esta ma\u00f1ana luego que un empleado de limpia p\u00fablica observ\u00f3 el cuerpo y trat\u00f3 de mover al hombre, fue entonces que se percat\u00f3 que ya no [&hellip;]<\/p>\n","protected":false},"author":4,"featured_media":447082,"comment_status":"open","ping_status":"closed","sticky":false,"template":"","format":"standard","meta":{"om_disable_all_campaigns":false,"jnews-multi-image_gallery":[],"jnews_single_post":[],"jnews_primary_category":[],"jnews_social_meta":[],"footnotes":""},"categories":[41],"tags":[2010,20218,22691,2249],"class_list":["post-447081","post","type-post","status-publish","format-standard","has-post-thumbnail","hentry","category-cruceros","tag-cancun","tag-cuerpo","tag-indigente","tag-muerte"],"_links":{"self":[{"href":"https:\/\/dimensionturistica.com\/es\/wp-json\/wp\/v2\/posts\/447081","targetHints":{"allow":["GET"]}}],"collection":[{"href":"https:\/\/dimensionturistica.com\/es\/wp-json\/wp\/v2\/posts"}],"about":[{"href":"https:\/\/dimensionturistica.com\/es\/wp-json\/wp\/v2\/types\/post"}],"author":[{"embeddable":true,"href":"https:\/\/dimensionturistica.com\/es\/wp-json\/wp\/v2\/users\/4"}],"replies":[{"embeddable":true,"href":"https:\/\/dimensionturistica.com\/es\/wp-json\/wp\/v2\/comments?post=447081"}],"version-history":[{"count":0,"href":"https:\/\/dimensionturistica.com\/es\/wp-json\/wp\/v2\/posts\/447081\/revisions"}],"wp:featuredmedia":[{"embeddable":true,"href":"https:\/\/dimensionturistica.com\/es\/wp-json\/wp\/v2\/media\/447082"}],"wp:attachment":[{"href":"https:\/\/dimensionturistica.com\/es\/wp-json\/wp\/v2\/media?parent=447081"}],"wp:term":[{"taxonomy":"category","embeddable":true,"href":"https:\/\/dimensionturistica.com\/es\/wp-json\/wp\/v2\/categories?post=447081"},{"taxonomy":"post_tag","embeddable":true,"href":"https:\/\/dimensionturistica.com\/es\/wp-json\/wp\/v2\/tags?post=447081"}],"curies":[{"name":"wp","href":"https:\/\/api.w.org\/{rel}","templated":true}]}}