{"id":446750,"date":"2022-12-19T11:21:36","date_gmt":"2022-12-19T11:21:36","guid":{"rendered":"https:\/\/dimensionturistica.com\/es\/?p=446750"},"modified":"2022-12-19T11:21:36","modified_gmt":"2022-12-19T11:21:36","slug":"disminuyen-los-viajes-de-espanoles-a-cantabria-por-motivos-culturales-respecto-a-antes-de-la-pandemia-2","status":"publish","type":"post","link":"https:\/\/dimensionturistica.com\/es\/disminuyen-los-viajes-de-espanoles-a-cantabria-por-motivos-culturales-respecto-a-antes-de-la-pandemia-2\/","title":{"rendered":"Disminuyen los viajes de espa\u00f1oles a Cantabria por motivos culturales respecto a antes de la pandemia"},"content":{"rendered":"<p> <br \/>\n<\/p>\n<div>\n<p class=\"article-text\">\n        SANTANDER, 18 (EUROPA PRESS)\n    <\/p>\n<p class=\"article-text\">\n        Los viajes tur\u00edsticos de residentes en Espa\u00f1a realizados principalmente por motivos culturales a Cantabria han disminuido en relaci\u00f3n a antes de la pandemia de Covid-19, seg\u00fan los datos del Instituto C\u00e1ntabro de Estad\u00edstica (ICANE) consultados por Europa Press.\n    <\/p>\n<p class=\"article-text\">\n        En concreto, seg\u00fan la citada fuente, los viajes culturales atrajeron a 199.500 personas a Cantabria en 2021, que aunque son un 76,8% m\u00e1s que en 2020 (cuando se produjo el confinamiento y se alcanzaron los 112.800 turistas culturales), representan un 35% menos que los visitantes que llegaron a la regi\u00f3n por este motivo en 2019, que fueron 308.000.\n    <\/p>\n<p class=\"article-text\">\n        As\u00ed, mientras antes de la pandemia los viajes tur\u00edsticos de espa\u00f1oles a Cantabria realizados principalmente por motivos culturales representaban el 7,6% del whole, el a\u00f1o pasado bajaron al 6,1%.\n    <\/p>\n<p class=\"article-text\">\n        Por su parte, el gasto whole en viajes tur\u00edsticos de residentes en Espa\u00f1a realizados principalmente por motivos culturales a Cantabria ascendi\u00f3 en 2021 a 75,8 millones de euros, casi un 92% m\u00e1s que en 2020 (39,5 millones), pero un 20,5% menos que en 2019, cuando el gasto fue de 95,4 millones de euros.\n    <\/p>\n<p class=\"article-text\">\n        Sin embargo, el valor por viaje realizado, una media de 380 euros, ha aumentado en 2021 tanto respecto a 2020, cuando fue de 350 euros (+8,5%), como en relaci\u00f3n a 2019, con 309 euros (+23%).\n    <\/p>\n<p class=\"article-text\">\n        El gasto en viajes culturales de residentes en Espa\u00f1a respecto al whole de viajes tur\u00edsticos represent\u00f3 el 11,5% en 2021, m\u00e1s que en 2020 (7,7%), pero menos que en 2019 (12,8%).\n    <\/p>\n<\/p><\/div>\n\n<p><em> &#8221; Fuentes news.google.com &#8221; <\/em><\/p>\n","protected":false},"excerpt":{"rendered":"<p>SANTANDER, 18 (EUROPA PRESS) Los viajes tur\u00edsticos de residentes en Espa\u00f1a realizados principalmente por motivos culturales a Cantabria han disminuido en relaci\u00f3n a antes de la pandemia de Covid-19, seg\u00fan los datos del Instituto C\u00e1ntabro de Estad\u00edstica (ICANE) consultados por Europa Press. En concreto, seg\u00fan la citada fuente, los viajes culturales atrajeron a 199.500 personas [&hellip;]<\/p>\n","protected":false},"author":4,"featured_media":446751,"comment_status":"open","ping_status":"closed","sticky":false,"template":"","format":"standard","meta":{"om_disable_all_campaigns":false,"jnews-multi-image_gallery":[],"jnews_single_post":[],"jnews_primary_category":[],"jnews_social_meta":[],"footnotes":""},"categories":[39],"tags":[707,5845,546,5700,1907],"class_list":["post-446750","post","type-post","status-publish","format-standard","has-post-thumbnail","hentry","category-viajes","tag-actualidad","tag-cantabria","tag-politica","tag-santander","tag-sociedad"],"_links":{"self":[{"href":"https:\/\/dimensionturistica.com\/es\/wp-json\/wp\/v2\/posts\/446750","targetHints":{"allow":["GET"]}}],"collection":[{"href":"https:\/\/dimensionturistica.com\/es\/wp-json\/wp\/v2\/posts"}],"about":[{"href":"https:\/\/dimensionturistica.com\/es\/wp-json\/wp\/v2\/types\/post"}],"author":[{"embeddable":true,"href":"https:\/\/dimensionturistica.com\/es\/wp-json\/wp\/v2\/users\/4"}],"replies":[{"embeddable":true,"href":"https:\/\/dimensionturistica.com\/es\/wp-json\/wp\/v2\/comments?post=446750"}],"version-history":[{"count":0,"href":"https:\/\/dimensionturistica.com\/es\/wp-json\/wp\/v2\/posts\/446750\/revisions"}],"wp:featuredmedia":[{"embeddable":true,"href":"https:\/\/dimensionturistica.com\/es\/wp-json\/wp\/v2\/media\/446751"}],"wp:attachment":[{"href":"https:\/\/dimensionturistica.com\/es\/wp-json\/wp\/v2\/media?parent=446750"}],"wp:term":[{"taxonomy":"category","embeddable":true,"href":"https:\/\/dimensionturistica.com\/es\/wp-json\/wp\/v2\/categories?post=446750"},{"taxonomy":"post_tag","embeddable":true,"href":"https:\/\/dimensionturistica.com\/es\/wp-json\/wp\/v2\/tags?post=446750"}],"curies":[{"name":"wp","href":"https:\/\/api.w.org\/{rel}","templated":true}]}}