{"id":446391,"date":"2022-12-18T15:40:40","date_gmt":"2022-12-18T15:40:40","guid":{"rendered":"https:\/\/dimensionturistica.com\/es\/?p=446391"},"modified":"2022-12-18T15:40:41","modified_gmt":"2022-12-18T15:40:41","slug":"ocho-videos-para-viajar-por-lo-mejor-de-francia","status":"publish","type":"post","link":"https:\/\/dimensionturistica.com\/es\/ocho-videos-para-viajar-por-lo-mejor-de-francia\/","title":{"rendered":"Ocho v\u00eddeos para viajar por lo mejor de Francia"},"content":{"rendered":"<p> <br \/>\n<\/p>\n<div><head><meta charset=\"UTF-8\"\/><title>&#13;Ocho v\u00eddeos para viajar por lo mejor de Francia<\/title><meta http-equiv=\"X-UA-Compatible\" content=\"IE=edge,chrome=1\"\/><meta name=\"apple-mobile-web-app-capable\" content=\"yes\"\/><meta name=\"apple-touch-fullscreen\" content=\"yes\"\/><meta name=\"viewport\" content=\"width=device-width, initial-scale=1.0, maximum-scale=5.0\"\/><meta name=\"theme-color\" content=\"#FFFFFF\"\/><meta name=\"keywords\" content=\"KeyWords por defecto, cargado desde el fichero de recursos.\"\/><meta name=\"description\" content=\"Estos monumentos, ciudades y regiones son solo la punta del iceberg de un pa\u00eds que no deja de sorprender.\"\/><meta name=\"date\" content=\"2022-12-18T12:56:00+01:00\"\/><meta name=\"DC.date.issued\" content=\"2022-12-18\"\/><meta property=\"article:modified_time\" content=\"2022-12-18T12:56:00+01:00\"\/><meta name=\"robots\" content=\"max-image-preview:large, max-video-preview:-1\"\/>&#13;<meta property=\"og:type\" content=\"article\"\/><meta property=\"og:site_name\" content=\"viajes.nationalgeographic.com.es\"\/><meta property=\"og:title\" content=\"Ocho v\u00eddeos para viajar por lo mejor de Francia\"\/><meta property=\"og:description\" content=\"Estos monumentos, ciudades y regiones son solo la punta del iceberg de un pa\u00eds que no deja de sorprender.\"\/><meta property=\"og:image\" content=\"https:\/\/viajes.nationalgeographic.com.es\/medio\/2022\/12\/16\/francia_e444068b_1200x630.jpg\"\/><meta property=\"og:image:width\" content=\"1200\"\/><meta property=\"og:image:height\" content=\"630\"\/><meta property=\"og:url\" content=\"https:\/\/viajes.nationalgeographic.com.es\/a\/ocho-videos-para-viajar-por-mejor-francia_18868\"\/><meta property=\"fb:pages\" content=\"109154885787146\"\/><meta property=\"fb:app_id\" content=\"1164204310298753\"\/><meta name=\"twitter:card\" content=\"summary_large_image\"\/><meta name=\"twitter:title\" content=\"Ocho v\u00eddeos para viajar por lo mejor de Francia\"\/><meta name=\"twitter:description\" content=\"Estos monumentos, ciudades y regiones son solo la punta del iceberg de un pa\u00eds que no deja de sorprender.\"\/><meta name=\"twitter:image\" content=\"https:\/\/viajes.nationalgeographic.com.es\/medio\/2022\/12\/16\/francia_e444068b_1200x630.jpg\"\/><meta name=\"twitter:url\" content=\"https:\/\/viajes.nationalgeographic.com.es\/a\/ocho-videos-para-viajar-por-mejor-francia_18868\"\/><meta name=\"twitter:site\" content=\"@viajesng\"\/><meta name=\"twitter:site:id\" content=\"132220191\"\/><meta property=\"nrbi:sections\" content=\"Viajes;Galeria;Francia\"\/><!-- Favicons --><link rel=\"shortcut icon\" href=\"https:\/\/news.google.com\/favicon.ico\" type=\"image\/x-icon\"\/><link rel=\"apple-touch-icon\" sizes=\"180x180\" href=\"https:\/\/news.google.com\/apple-touch-icon.png\"\/><link rel=\"icon\" type=\"image\/png\" sizes=\"32x32\" href=\"https:\/\/news.google.com\/favicon-32x32.png\"\/><link rel=\"icon\" type=\"image\/png\" sizes=\"16x16\" href=\"https:\/\/news.google.com\/favicon-16x16.png\"\/><link rel=\"manifest\" href=\"https:\/\/news.google.com\/manifest.json\"\/><link rel=\"mask-icon\" href=\"https:\/\/news.google.com\/safari-pinned-tab.svg\" color=\"#ffce00\"\/><!-- End Favicons --><meta name=\"p:domain_verify\" content=\"fae6d276b2e9db082d040a7ce8ab539e\"\/><meta name=\"google-site-verification\" content=\"Tcl75ro5Kk2akmgqfjja0lqXSAkJivB8Y1zzzZz8pyE\"\/><link rel=\"preconnect\" href=\"https:\/\/fonts.googleapis.com\" crossorigin=\"\"\/><link rel=\"preconnect\" href=\"https:\/\/fonts.gstatic.com\" crossorigin=\"\"\/><link rel=\"preconnect\" href=\"https:\/\/www.googletagmanager.com\" crossorigin=\"\"\/><link type=\"text\/css\" rel=\"stylesheet preload\" media=\"screen\" href=\"https:\/\/fonts.googleapis.com\/css2?family=Open+Sans:ital,wght@0,300;0,400;0,600;1,400&amp;family=Playfair+Display:ital,wght@0,400;1,700&amp;family=Montserrat:ital,wght@0,300;0,400;0,500;0,600;0,700;1,400&amp;family=Libre+Baskerville&amp;family=Medula+One&amp;display=swap\" as=\"style\"\/><link type=\"text\/css\" media=\"screen\" href=\"https:\/\/cdn.knightlab.com\/libs\/juxtapose\/latest\/css\/juxtapose.css\" rel=\"stylesheet\"\/><link type=\"text\/css\" media=\"screen\" href=\"https:\/\/content-viajes.nationalgeographic.com.es\/content\/20220930141116\/skins\/ngviajes19\/cache.web.base.css\" rel=\"stylesheet\"\/><!-- DIDOMI Script -->&#13;<!-- DIDOMI Consent -->&#13;<link rel=\"canonical\" href=\"https:\/\/viajes.nationalgeographic.com.es\/a\/ocho-videos-para-viajar-por-mejor-francia_18868\"\/><link rel=\"amphtml\" href=\"https:\/\/viajes.nationalgeographic.com.es\/a\/ocho-videos-para-viajar-por-mejor-francia_18868\/amp\"\/><!-- MARFEEL --><\/head><body class=\"site cbp-spmenu-push post\" id=\"wp_automatic_ReadabilityBody\"><!-- Google Tag Manager --><noscript><iframe loading=\"lazy\" src=\"https:\/\/www.googletagmanager.com\/ns.html?id=GTM-5RZ7W8C\" height=\"0\" width=\"0\" style=\"display:none;visibility:hidden\"><\/iframe><\/noscript><!-- End Google Tag Manager --><\/p>\n<form method=\"post\" action=\"\/a\/ocho-videos-para-viajar-por-mejor-francia_18868?utm_source=facebook&amp;utm_medium=social&amp;utm_campaign=trafico\" id=\"aspnetForm\">\n<div class=\"page-content \">\n<p><main id=\"main\" class=\"site-content detail detail-gallery\">&#13;<\/p>\n<div id=\"detail\" class=\"ng-container\">\n<div class=\"row\">\n<div class=\"col-xs-12 col-sm-12 col-md-12 col-lg-12 main-content\">\n<article class=\"entry-main ng-container\">&#13;&#13;<\/p>\n<div class=\"entry-author ng-container-text\">\n<div id=\"involveds\" class=\"involveds wrap\">\n<div class=\"involved-authors only-author\">\n<div class=\"first-author\">\n<figure class=\"thumb col-xs-3\">&#13;<img loading=\"lazy\" decoding=\"async\" src=\"https:\/\/news.google.com\/medio\/2021\/12\/15\/xell_b48658f1_600x600.png\" alt=\"Xell\" class=\"lazyload\" width=\"600\" height=\"600\" data-aspectratio=\"600\/600\"\/><noscript><img decoding=\"async\" src=\"https:\/\/news.google.com\/medio\/2021\/12\/15\/xell_b48658f1_600x600.png\" alt=\"Xell\"\/><\/noscript>&#13;<\/figure>\n<\/div>\n<\/div>\n<\/div>\n<p class=\"date\"> <time itemprop=\"dateModified\" datetime=\"2022-12-18T12:56:00+01:00\" data-timestamp=\"1671368160\">&#13;18 de diciembre de 2022 \u00b7 12:56<\/time>&#13;<\/p>\n<\/div>\n<p><!-- START: detail-->&#13;&#13;<\/p>\n<div class=\"entry-media ng-container-media\">\n<div class=\"fgs\">\n<div class=\"fgs-slider\">\n<div class=\"slide horizontal\" data-slide=\"0\" id=\"slide-0\">\n<figure class=\"thumb photo\">&#13;<\/p>\n<div class=\"photo-container\">\n<!-- Widget Video --><\/p>\n<div class=\" jwp\" title=\"El Valle del Loira a trav\u00e9s de sus castillos\">\n<div class=\"credit\">\n<p>El r\u00edo m\u00e1s largo de <a rel=\"nofollow noopener\" target=\"_blank\" href=\"https:\/\/news.google.com\/p\/francia\">Francia<\/a> traza un recorrido serpenteante por las poblaciones medievales, los castillos y las vi\u00f1as del\u00a0Valle del Loira,\u00a0un territorio incluido en la lista de Patrimonio Mundial de la UNESCO. Mayormente construidos durante el Renacimiento -alrededor de los siglos XV y XVI\u00a0cuando la corte de los reyes de Francia se instal\u00f3 en el valle-, todas y cada una de las impresionantes\u00a0<a rel=\"nofollow noopener\" target=\"_blank\" href=\"https:\/\/news.google.com\/z\/castillos-del-loira\">fortalezas del Loira<\/a>\u00a0esconden tesoros e historias fascinantes, entre las que destacan las de Sully-sur-Loire,\u00a0Cheverny o\u00a0Blois.<\/p>\n<\/div>\n<\/div>\n<p><!-- End Widget Video -->\n<\/div>\n<p>&#13;<figcaption>&#13;&#13;<\/figcaption>&#13;<\/figure>\n<div class=\"txt\">\n<h3 class=\"title\">&#13;El Valle del Loira a trav\u00e9s de sus castillos<\/h3>\n<p>El r\u00edo m\u00e1s largo de <a rel=\"nofollow noopener\" target=\"_blank\" href=\"https:\/\/news.google.com\/p\/francia\">Francia<\/a> traza un recorrido serpenteante por las poblaciones medievales, los castillos y las vi\u00f1as del\u00a0Valle del Loira,\u00a0un territorio incluido en la lista de Patrimonio Mundial de la UNESCO. Mayormente construidos durante el Renacimiento -alrededor de los siglos XV y XVI\u00a0cuando la corte de los reyes de Francia se instal\u00f3 en el valle-, todas y cada una de las impresionantes\u00a0<a rel=\"nofollow noopener\" target=\"_blank\" href=\"https:\/\/news.google.com\/z\/castillos-del-loira\">fortalezas del Loira<\/a>\u00a0esconden tesoros e historias fascinantes, entre las que destacan las de Sully-sur-Loire,\u00a0Cheverny o\u00a0Blois.<\/p>\n<\/div>\n<\/div>\n<div class=\"slide horizontal\" data-slide=\"1\" id=\"slide-1\">\n<figure class=\"thumb photo\">&#13;<\/p>\n<div class=\"photo-container\">\n<!-- Widget Video --><\/p>\n<div class=\" jwp\" title=\"Las playas m\u00e1s bonitas del sur de Francia\">\n<div class=\"credit\">\n<p>El pa\u00eds galo ofrece kil\u00f3metros de litoral, pero es en sus costas m\u00e1s meridionales donde goza de las temperaturas m\u00e1s templadas para disfrutar de ellas todo el a\u00f1o, ya sea en el Cant\u00e1brico o en\u00a0el Mediterr\u00e1neo. Al oeste,\u00a0las playas de Aquitania y del Pa\u00eds Vasco franc\u00e9s\u00a0son largas y anchas, ideales para disfrutar en familia o para practicar deportes acu\u00e1ticos cuando el viento agita el oleaje, mientras que en el litoral\u00a0m\u00e1s abrupto del este sopla\u00a0la brisa de la Costa Azul\u00a0y\u00a0de sus villas encaramadas a los acantilados, pero tambi\u00e9n de\u00a0playas v\u00edrgenes y salvajes.\u00a0<\/p>\n<\/div>\n<\/div>\n<p><!-- End Widget Video -->\n<\/div>\n<p>&#13;<figcaption>&#13;&#13;<\/figcaption>&#13;<\/figure>\n<div class=\"txt\">\n<h3 class=\"title\">&#13;Las playas m\u00e1s bonitas del sur de Francia<\/h3>\n<p>El pa\u00eds galo ofrece kil\u00f3metros de litoral, pero es en sus costas m\u00e1s meridionales donde goza de las temperaturas m\u00e1s templadas para disfrutar de ellas todo el a\u00f1o, ya sea en el Cant\u00e1brico o en\u00a0el Mediterr\u00e1neo. Al oeste,\u00a0las playas de Aquitania y del Pa\u00eds Vasco franc\u00e9s\u00a0son largas y anchas, ideales para disfrutar en familia o para practicar deportes acu\u00e1ticos cuando el viento agita el oleaje, mientras que en el litoral\u00a0m\u00e1s abrupto del este sopla\u00a0la brisa de la Costa Azul\u00a0y\u00a0de sus villas encaramadas a los acantilados, pero tambi\u00e9n de\u00a0playas v\u00edrgenes y salvajes.\u00a0<\/p>\n<\/div>\n<\/div>\n<div class=\"slide horizontal\" data-slide=\"2\" id=\"slide-2\">\n<figure class=\"thumb photo\">&#13;<\/p>\n<div class=\"photo-container\">\n<!-- Widget Video --><\/p>\n<div class=\" jwp\" title=\"Las catedrales francesas m\u00e1s impresionantes... fuera de Par\u00eds\">\n<div class=\"credit\">\n<p>La fiebre del g\u00f3tico durante la Baja Edad Media empuj\u00f3 a muchas de las principales urbes francesas a marcar su territorio mediante un gran templo con el que mostrar su poder. En la actualidad, las agujas, torres y arbotantes de estos imponentes y espectaculares edificios\u00a0ejercen de faro para los viajeros que admiran las diversas formas que ha tenido el ser humano de alcanzar el cielo.<\/p>\n<\/div>\n<\/div>\n<p><!-- End Widget Video -->\n<\/div>\n<p>&#13;<figcaption>&#13;&#13;<\/figcaption>&#13;<\/figure>\n<div class=\"txt\">\n<h3 class=\"title\">&#13;Las catedrales francesas m\u00e1s impresionantes&#8230; fuera de Par\u00eds<\/h3>\n<p>La fiebre del g\u00f3tico durante la Baja Edad Media empuj\u00f3 a muchas de las principales urbes francesas a marcar su territorio mediante un gran templo con el que mostrar su poder. En la actualidad, las agujas, torres y arbotantes de estos imponentes y espectaculares edificios\u00a0ejercen de faro para los viajeros que admiran las diversas formas que ha tenido el ser humano de alcanzar el cielo.<\/p>\n<\/div>\n<\/div>\n<div class=\"slide horizontal\" data-slide=\"3\" id=\"slide-3\">\n<figure class=\"thumb photo\">&#13;<\/p>\n<div class=\"photo-container\">\n<!-- Widget Video --><\/p>\n<div class=\" jwp\" title=\"Lugares Patrimonio de la Humanidad del Camino de Santiago en Francia\">\n<div class=\"credit\">\n<p>Cinco a\u00f1os despu\u00e9s de que el Camino Franc\u00e9s fuera incluido en el listado de la Unesco, en 1993, tambi\u00e9n lo hicieron el\u00a0Caminos de Santiago en Francia y, m\u00e1s adelante,\u00a0cuatro rutas de los Caminos del Norte en Espa\u00f1a. Con esta denominaci\u00f3n, se englobaron una serie de monumentos relacionados con el camino a su paso por Francia y sus\u00a0cuatro rutas principales de peregrinaci\u00f3n: la Through Tolosana\u00a0o\u00a0Through Arletanensis, camino de\u00a0Arl\u00e9s\u00a0o de\u00a0Toulouse, la\u00a0Through Turonensis\u00a0o camino de\u00a0Excursions, la Through Podiensis\u00a0o camino de\u00a0Puy y la Through Lemovicensis\u00a0o camino de\u00a0Limoges, donde se encuentran espectaculares lugares como el Mont Saint-Michel.\u00a0<\/p>\n<\/div>\n<\/div>\n<p><!-- End Widget Video -->\n<\/div>\n<p>&#13;<figcaption>&#13;&#13;<\/figcaption>&#13;<\/figure>\n<div class=\"txt\">\n<h3 class=\"title\">&#13;Lugares Patrimonio de la Humanidad del Camino de Santiago en Francia<\/h3>\n<p>Cinco a\u00f1os despu\u00e9s de que el Camino Franc\u00e9s fuera incluido en el listado de la Unesco, en 1993, tambi\u00e9n lo hicieron el\u00a0Caminos de Santiago en Francia y, m\u00e1s adelante,\u00a0cuatro rutas de los Caminos del Norte en Espa\u00f1a. Con esta denominaci\u00f3n, se englobaron una serie de monumentos relacionados con el camino a su paso por Francia y sus\u00a0cuatro rutas principales de peregrinaci\u00f3n: la Through Tolosana\u00a0o\u00a0Through Arletanensis, camino de\u00a0Arl\u00e9s\u00a0o de\u00a0Toulouse, la\u00a0Through Turonensis\u00a0o camino de\u00a0Excursions, la Through Podiensis\u00a0o camino de\u00a0Puy y la Through Lemovicensis\u00a0o camino de\u00a0Limoges, donde se encuentran espectaculares lugares como el Mont Saint-Michel.\u00a0<\/p>\n<\/div>\n<\/div>\n<div class=\"slide horizontal\" data-slide=\"4\" id=\"slide-4\">\n<figure class=\"thumb photo\">&#13;<\/p>\n<div class=\"photo-container\">\n<!-- Widget Video --><\/p>\n<div class=\" jwp\" title=\"La Torre Eiffel en 90 segundos\">\n<div class=\"credit\">\n<p>La <a rel=\"nofollow noopener\" target=\"_blank\" href=\"https:\/\/news.google.com\/t\/torre-eiffel\">Torre Eiffel<\/a> se construy\u00f3 para la Exposici\u00f3n Common de 1889 por un per\u00edodo inicial de\u00a0veinte a\u00f1os. Sin embargo,\u00a0Gustave Eiffel\u00a0se dedic\u00f3 a trabajar para encontrarle otra utilidad: en ella se realizaron experimentos de f\u00edsica, observaciones meteorol\u00f3gicas y astron\u00f3micas, comunicaciones por tel\u00e9grafo \u00f3ptico y estudios de viento. Las funciones cient\u00edficas salvaron la torre de su desinstalaci\u00f3n, que se acab\u00f3 convirtiendo en el s\u00edmbolo de Francia.<\/p>\n<\/div>\n<\/div>\n<p><!-- End Widget Video -->\n<\/div>\n<p>&#13;<figcaption>&#13;&#13;<\/figcaption>&#13;<\/figure>\n<div class=\"txt\">\n<h3 class=\"title\">&#13;La Torre Eiffel en 90 segundos<\/h3>\n<p>La <a rel=\"nofollow noopener\" target=\"_blank\" href=\"https:\/\/news.google.com\/t\/torre-eiffel\">Torre Eiffel<\/a> se construy\u00f3 para la Exposici\u00f3n Common de 1889 por un per\u00edodo inicial de\u00a0veinte a\u00f1os. Sin embargo,\u00a0Gustave Eiffel\u00a0se dedic\u00f3 a trabajar para encontrarle otra utilidad: en ella se realizaron experimentos de f\u00edsica, observaciones meteorol\u00f3gicas y astron\u00f3micas, comunicaciones por tel\u00e9grafo \u00f3ptico y estudios de viento. Las funciones cient\u00edficas salvaron la torre de su desinstalaci\u00f3n, que se acab\u00f3 convirtiendo en el s\u00edmbolo de Francia.<\/p>\n<\/div>\n<\/div>\n<div class=\"slide horizontal\" data-slide=\"5\" id=\"slide-5\">\n<figure class=\"thumb photo\">&#13;<\/p>\n<div class=\"photo-container\">\n<!-- Widget Video --><\/p>\n<div class=\" jwp\" title=\"El Mont Saint-Michel en 90 segundos\">\n<div class=\"credit\">\n<p>Contemplando el poder\u00edo que desprende el conjunto,\u00a0se entiende que el Mont Saint-Michel sea uno de los lugares m\u00e1s ic\u00f3nicos de Francia. La Unesco le dio el espaldarazo definitivo al declarar el lugar Patrimonio de la Humanidad en 1979. Pero definitivamente, cuando la marea sube y el agua rodea todo el islote de 960 metros de circunferencia, la imagen deja atr\u00e1s el calificativo de bello para abrazar el de chic: convertida la abad\u00eda g\u00f3tica en una isla por efecto de la marea.<\/p>\n<\/div>\n<\/div>\n<p><!-- End Widget Video -->\n<\/div>\n<p>&#13;<figcaption>&#13;&#13;<\/figcaption>&#13;<\/figure>\n<div class=\"txt\">\n<h3 class=\"title\">&#13;El Mont Saint-Michel en 90 segundos<\/h3>\n<p>Contemplando el poder\u00edo que desprende el conjunto,\u00a0se entiende que el Mont Saint-Michel sea uno de los lugares m\u00e1s ic\u00f3nicos de Francia. La Unesco le dio el espaldarazo definitivo al declarar el lugar Patrimonio de la Humanidad en 1979. Pero definitivamente, cuando la marea sube y el agua rodea todo el islote de 960 metros de circunferencia, la imagen deja atr\u00e1s el calificativo de bello para abrazar el de chic: convertida la abad\u00eda g\u00f3tica en una isla por efecto de la marea.<\/p>\n<\/div>\n<\/div>\n<div class=\"slide horizontal\" data-slide=\"6\" id=\"slide-6\">\n<figure class=\"thumb photo\">&#13;<\/p>\n<div class=\"photo-container\">\n<!-- Widget Video --><\/p>\n<div class=\" jwp\" title=\"Alsacia de Norte a Sur\">\n<div class=\"credit\">\n<p><a rel=\"nofollow noopener\" target=\"_blank\" href=\"https:\/\/viajes.nationalgeographic.com.es\/a\/estrasburgo-perfecta-ciudad-mestiza-alsacia_17522\">Estrasburgo<\/a>\u00a0pone el punto de partida de esta ruta que repasa\u00a0los imprescindibles de Alsacia\u00a0hasta Mulhouse, pasando por el espectacular\u00a0Colmar\u00a0y los pueblos de la Ruta del Vino de Alsacia: Riquewhir, Ribeauvill\u00e9 y Kaiserberg. Ubicada entre la cordillera de los Vosgos y\u00a0la Selva Negra, siguiendo el curso del Rin, Alsacia emerge como una regi\u00f3n de lagos y vi\u00f1edos, fortalezas y pueblos con casas de madera vista que ha sabido preservar su se\u00f1a de identidad a lo largo de los siglos.\u00a0<\/p>\n<\/div>\n<\/div>\n<p><!-- End Widget Video -->\n<\/div>\n<p>&#13;<figcaption>&#13;<\/figcaption>&#13;<\/figure>\n<div class=\"txt\">\n<h3 class=\"title\">&#13;Alsacia de Norte a Sur<\/h3>\n<p><a rel=\"nofollow noopener\" target=\"_blank\" href=\"https:\/\/viajes.nationalgeographic.com.es\/a\/estrasburgo-perfecta-ciudad-mestiza-alsacia_17522\">Estrasburgo<\/a>\u00a0pone el punto de partida de esta ruta que repasa\u00a0los imprescindibles de Alsacia\u00a0hasta Mulhouse, pasando por el espectacular\u00a0Colmar\u00a0y los pueblos de la Ruta del Vino de Alsacia: Riquewhir, Ribeauvill\u00e9 y Kaiserberg. Ubicada entre la cordillera de los Vosgos y\u00a0la Selva Negra, siguiendo el curso del Rin, Alsacia emerge como una regi\u00f3n de lagos y vi\u00f1edos, fortalezas y pueblos con casas de madera vista que ha sabido preservar su se\u00f1a de identidad a lo largo de los siglos.\u00a0<\/p>\n<\/div>\n<\/div>\n<div class=\"slide horizontal\" data-slide=\"7\" id=\"slide-7\">\n<figure class=\"thumb photo\">&#13;<\/p>\n<div class=\"photo-container\">\n<!-- Widget Video --><\/p>\n<div class=\" jwp\" title=\"Francia en siete ciudades Patrimonio de la Humanidad\">\n<div class=\"credit\">\n<p>Los primeros bienes culturales\u00a0y naturales declarados Patrimonio de la Humanidad en 1979 en Francia fueron la Bas\u00edlica y colina de V\u00e9zelay, el valle del V\u00e9z\u00e8re, la Catedral de Chartres, el Monte Saint Michel y su bah\u00eda y el palacio y parque de Versalles. Desde entonces, el pa\u00eds no ha dejado de acumular bienes, entre los que se encuentran ciudades enteras que act\u00faan como s\u00edmbolos y emblemas de su apego a la propiedad colectiva, as\u00ed como de la transmisi\u00f3n de ese patrimonio a las generaciones futuras. Estas son siete de las mayores urbes francesas inscritas en el listado.<\/p>\n<\/div>\n<\/div>\n<p><!-- End Widget Video -->\n<\/div>\n<p>&#13;<figcaption>&#13;&#13;<\/figcaption>&#13;<\/figure>\n<div class=\"txt\">\n<h3 class=\"title\">&#13;Francia en siete ciudades Patrimonio de la Humanidad<\/h3>\n<p>Los primeros bienes culturales\u00a0y naturales declarados Patrimonio de la Humanidad en 1979 en Francia fueron la Bas\u00edlica y colina de V\u00e9zelay, el valle del V\u00e9z\u00e8re, la Catedral de Chartres, el Monte Saint Michel y su bah\u00eda y el palacio y parque de Versalles. Desde entonces, el pa\u00eds no ha dejado de acumular bienes, entre los que se encuentran ciudades enteras que act\u00faan como s\u00edmbolos y emblemas de su apego a la propiedad colectiva, as\u00ed como de la transmisi\u00f3n de ese patrimonio a las generaciones futuras. Estas son siete de las mayores urbes francesas inscritas en el listado.<\/p>\n<\/div>\n<\/div>\n<\/div>\n<\/div>\n<\/div>\n<div class=\"entry-content ng-container-text gallery\" id=\"article-text\">\n<div class=\"txt\">\n<aside class=\"subscription-highlighted\">\n<div class=\"subscription-container\">\n<div class=\"non-subscribed\">\n<p class=\"description\">\u00bfTodav\u00eda sin tu regalo de Navidad? Regala Viajes Nationwide Geographic al mejor precio hoy.<\/p>\n<p><a rel=\"nofollow noopener\" target=\"_blank\" href=\"https:\/\/tienda.rba.es\/revistas\/viajes-national-geographic\/regala\/regala-suscripcion-viajes-national-geographic?rba_source=viajesnationalgeographic&amp;rba_medium=referral&amp;rba_campaign=ngmv-regala-navidad&amp;rba_term=viajesnationalgeographic&amp;rba_content=frase-articulo\" class=\"more-link\">REGALA<\/a><\/div>\n<\/div>\n<\/aside>\n<p style=\"display: none;\"><img decoding=\"async\" id=\"ctl01_ctl00_phMain_phMain_ctl00_ctl02_ctl17_ctl01_imgContent\" src=\"https:\/\/news.google.com\/medio\/2022\/12\/16\/paris_64f850f6_800x800.jpg\" alt=\"Par\u00eds\" style=\"border-width:0px;\"\/><\/p>\n<aside class=\"add300x250 publi-interior-top ad-container-r1 ad-inline\"\/>\n<aside class=\"add300x600 publi-interior-bot ad-inline ad-container-r2\"\/><\/div>\n<p><!-- START: tags-rel  --><!-- END: tags-rel   --><br \/>\n<!-- START:toolbar --><!-- END:toolbar --><\/div>\n<div id=\"contentFullImg\" class=\"contentFullImg\" style=\"display: none\">\n<div id=\"divFull\" class=\"divFullImg\">\n<img id=\"imgFull\" alt=\"imagen full\" onclick=\"\" class=\"imgFull lazyload\"\/><\/div>\n<\/div>\n<p><!-- END : detail --><\/article>\n<section class=\"block01 recommend ng-container\">&#13;<\/section>\n<\/div>\n<\/div>\n<\/div>\n<p>&#13;<\/main><br \/>\n<!-- START: footer --><!-- END: footer -->\n<\/div>\n<p>&#13;&#13;<\/p><\/form>\n<div class=\"sticky-bottom\">\n<div class=\"ng-container\">\n<!-- START: ExtraSticky --><\/p>\n<aside class=\"sticky-subscription\">\n<div class=\"row\">\n<div class=\"catchphrase col-xs-12 col-sm-12 col-md-12 col-lg-12\">\n<p class=\"claim\" id=\"claimsticky\">SUSCR\u00cdBETE Y EXPLORA NUEVOS DESTINOS<\/p>\n<p><i class=\"icon-close-thin\"\/><\/div>\n<div class=\"magazines col-xs-12 col-sm-12 col-md-12 col-lg-12\">\n<h3 class=\"title\">&#13;Escoge tu revista<\/h3>\n<p class=\"subtitle\">Disfruta de un espectacular n\u00famero cada mes en tu casa<\/p>\n<\/div>\n<\/div>\n<\/aside>\n<p><!-- END: ExtraSticky --><\/div>\n<\/div>\n<p>&#13;<\/p>\n<div id=\"dialog-confirm\">\n<p>\u00bfDeseas dejar de recibir las noticias m\u00e1s destacadas de Viajes Nationwide Geographic?<\/p>\n<\/div>\n<p>&#13;&#13;<!-- AD DFP Manager -->&#13;&#13;<\/body><\/div>\n\n<p><em> &#8221; Fuentes news.google.com &#8221; <\/em><\/p>\n","protected":false},"excerpt":{"rendered":"<p>&#13;Ocho v\u00eddeos para viajar por lo mejor de Francia&#13;&#13;&#13; &#13; &#13;&#13; &#13;&#13; &#13;18 de diciembre de 2022 \u00b7 12:56&#13; &#13;&#13; &#13; El r\u00edo m\u00e1s largo de Francia traza un recorrido serpenteante por las poblaciones medievales, los castillos y las vi\u00f1as del\u00a0Valle del Loira,\u00a0un territorio incluido en la lista de Patrimonio Mundial de la UNESCO. Mayormente [&hellip;]<\/p>\n","protected":false},"author":4,"featured_media":446392,"comment_status":"open","ping_status":"closed","sticky":false,"template":"","format":"standard","meta":{"om_disable_all_campaigns":false,"jnews-multi-image_gallery":[],"jnews_single_post":[],"jnews_primary_category":[],"jnews_social_meta":[],"footnotes":""},"categories":[39],"tags":[47258,47257],"class_list":["post-446391","post","type-post","status-publish","format-standard","has-post-thumbnail","hentry","category-viajes","tag-cargado-desde-el-fichero-de-recursos","tag-keywords-por-defecto"],"_links":{"self":[{"href":"https:\/\/dimensionturistica.com\/es\/wp-json\/wp\/v2\/posts\/446391","targetHints":{"allow":["GET"]}}],"collection":[{"href":"https:\/\/dimensionturistica.com\/es\/wp-json\/wp\/v2\/posts"}],"about":[{"href":"https:\/\/dimensionturistica.com\/es\/wp-json\/wp\/v2\/types\/post"}],"author":[{"embeddable":true,"href":"https:\/\/dimensionturistica.com\/es\/wp-json\/wp\/v2\/users\/4"}],"replies":[{"embeddable":true,"href":"https:\/\/dimensionturistica.com\/es\/wp-json\/wp\/v2\/comments?post=446391"}],"version-history":[{"count":0,"href":"https:\/\/dimensionturistica.com\/es\/wp-json\/wp\/v2\/posts\/446391\/revisions"}],"wp:featuredmedia":[{"embeddable":true,"href":"https:\/\/dimensionturistica.com\/es\/wp-json\/wp\/v2\/media\/446392"}],"wp:attachment":[{"href":"https:\/\/dimensionturistica.com\/es\/wp-json\/wp\/v2\/media?parent=446391"}],"wp:term":[{"taxonomy":"category","embeddable":true,"href":"https:\/\/dimensionturistica.com\/es\/wp-json\/wp\/v2\/categories?post=446391"},{"taxonomy":"post_tag","embeddable":true,"href":"https:\/\/dimensionturistica.com\/es\/wp-json\/wp\/v2\/tags?post=446391"}],"curies":[{"name":"wp","href":"https:\/\/api.w.org\/{rel}","templated":true}]}}