{"id":446356,"date":"2022-12-18T13:10:06","date_gmt":"2022-12-18T13:10:06","guid":{"rendered":"https:\/\/dimensionturistica.com\/es\/?p=446356"},"modified":"2022-12-18T13:10:06","modified_gmt":"2022-12-18T13:10:06","slug":"cae-colombiana-que-vivia-rodeada-de-lujos-en-espana","status":"publish","type":"post","link":"https:\/\/dimensionturistica.com\/es\/cae-colombiana-que-vivia-rodeada-de-lujos-en-espana\/","title":{"rendered":"cae colombiana que viv\u00eda rodeada de lujos en Espa\u00f1a"},"content":{"rendered":"<p> <br \/>\n<\/p>\n<div>\n<p>La Polic\u00eda Nacional espa\u00f1ola a\u00fan no sale de su asombro. Despu\u00e9s de m\u00faltiples operativos en los cuales hab\u00eda salido sin ni siquiera un solo &#8216;rasp\u00f3n&#8217;, la suerte esta vez no estuvo de su parte y por fin cay\u00f3 la denominada<strong> &#8220;Emperatriz de la coca\u00edna<\/strong>, una colombiana que viv\u00eda a todo lujo en <strong>Marbella<\/strong>, <strong><a rel=\"nofollow noopener\" target=\"_blank\" href=\"https:\/\/www.eluniversal.com.mx\/mundo\"><span style=\"shade:#4198fc;\">Espa\u00f1a<\/span><\/a><\/strong>, donde fue detenida.<\/p>\n<p>Mar\u00eda Teresa, cuyo apellido se desconoce, naci\u00f3 en Bucaramanga y lleg\u00f3 a territorio ib\u00e9rico en el a\u00f1o 2000. Es considera por las autoridades como el gran enlace en el tr\u00e1fico de drogas de la Costa del Sol.<\/p>\n<p>La mujer se hac\u00eda pasar por una dama de la alta sociedad y su vida diaria transcurr\u00eda en exclusivos locales de moda y tiendas de lujo, en las cuales hac\u00eda enormes compras. Adem\u00e1s, de acuerdo con el seguimiento policial, la colombiana cambiaba de auto de alta gama con frecuencia.<\/p>\n<p>Tambi\u00e9n es amante del crossfit y dedicaba buenas horas del d\u00eda a ejercitar su cuerpo al lado de un entrenador personal.<\/p>\n<p>De 49 a\u00f1os, sin actividad laboral conocida y quien tambi\u00e9n se hace llamar la \u2018modelo\u2019, viv\u00eda en una enorme mansi\u00f3n de Marbella, La Villa Elaumar, ubicada en la urbanizaci\u00f3n Valdeolletas y valorada en tres millones de euros. Adem\u00e1s, por su seguridad contaba con un tel\u00e9fono encriptado.<\/p>\n<p>Otra de las curiosidades que llam\u00f3 la atenci\u00f3n de los investigadores es que la atractiva mujer ten\u00eda muy buenos contactos en Marbella, Madrid y Barcelona, a donde viajaba cada mes para mantener reuniones y siempre llegaba a los mejores hoteles y restaurantes de dichas ciudades.<\/p>\n<p>Su captura se produjo el pasado 20 de septiembre, pero apenas el viernes 9 de diciembre se dieron a conocer los detalles de la detenci\u00f3n.<\/p>\n<p>La operaci\u00f3n, de acuerdo con el informe que rese\u00f1a El Pa\u00eds de Espa\u00f1a, puso fin a la dilatada carrera de esta bumanguesa que lleg\u00f3 a la Costa del Sol apoyada por Michel Curtet, un reconocido narcotraficante franc\u00e9s con el que tiene tres hijos.<\/p>\n<p>Los investigadores encontraron en las pesquisas de su mansi\u00f3n apenas un paquete de coca\u00edna adornado por el distribuidor con el logo de Rolls-Royce. El ladrillo de kilo ten\u00eda mordisqueada una de las esquinas, por lo que los fiscales dedujeron que era una especie de cata para sus potenciales y numerosos clientes.<\/p>\n<p><img decoding=\"async\" alt=\"droga.jpg\" style=\"width:567px;top:318px;\" src=\"https:\/\/information.google.com\/websites\/default\/recordsdata\/add\/u28631\/droga.jpg\"\/><br \/>En el a\u00f1o 2005, su esposo en ese momento y su cu\u00f1ado fueron investigados en el caso de blanqueo de dinero Ballena Blanca, en Portugal, con 6 mil 100 kilos de coca\u00edna. A\u00f1os despu\u00e9s, su segundo marido tambi\u00e9n fue detenido junto a 200 kilos de coca\u00edna, y varias personas de su entorno fueron arrestadas en Espa\u00f1a y el resto en Europa. Sin embargo, ella no hab\u00eda sido investigada. Incluso se lleg\u00f3 a pensar por parte de las autoridades que ella podr\u00eda ser una confidente de la Administraci\u00f3n de Control de Drogas, conocida como la DEA de Estados Unidos.<\/p>\n<p>Pero fue en 2020 cuando se present\u00f3 el punto de quiebre ya que una informaci\u00f3n la puso como intermediaria en un env\u00edo desde Colombia a Espa\u00f1a por v\u00eda a\u00e9rea. Desde ese momento qued\u00f3 en el radar del Grupo de Respuesta Especial para el Crimen Organizado, Greco, que comenz\u00f3 una investigaci\u00f3n para reunir pruebas de la presunta actividad relacionada con el <strong>narcotr\u00e1fico<\/strong>.<\/p>\n<p>Las investigaciones de la Polic\u00eda indican que la mujer ten\u00eda presuntamente los contactos en <strong>Colombia<\/strong>, que visitaba con frecuencia.<\/p>\n<p>La indagaci\u00f3n inicial dej\u00f3 al descubierto una organizaci\u00f3n polaco-danesa dedicada presuntamente a transportar drogas desde Espa\u00f1a hasta otros puntos de Europa con un balance de 16 detenidos.<\/p>\n<p>En M\u00e1laga, adem\u00e1s de Marbella, los agentes realizaron arrestos en Alhaur\u00edn de la Torre, Fuengirola y M\u00e1laga capital, mientras que el resto se llevaron a cabo en distintos municipios de Murcia, Barcelona y Alicante.<\/p>\n<p>La colombiana es madre de cuatro hijos y abuela de una nieta. Es la jefa del clan familiar y casi todos depend\u00edan de ella econ\u00f3micamente. Ahora, Mar\u00eda Teresa se encuentra a la espera de juicio en la prisi\u00f3n de Alhaur\u00edn de la Torre y aguarda las audiencia apoyada por su abogado.\u00a0<\/p>\n<p><strong>Lee tambi\u00e9n:\u00a0<a rel=\"nofollow noopener\" target=\"_blank\" href=\"https:\/\/www.eluniversal.com.mx\/mundo\/asian-town-el-aislado-barrio-de-los-obreros-que-construyeron-los-estadios-de-qatar\"><span style=\"shade:#005383;\"><strong>A<\/strong>sian Town, el aislado barrio de los obreros que construyeron los estadios de Qatar<\/span><\/a><\/strong><\/p>\n<p><em>*El Grupo de Diarios Am\u00e9rica (GDA), al cual pertenece <strong><a rel=\"nofollow noopener\" target=\"_blank\" href=\"https:\/\/www.eluniversal.com.mx\/\"><span style=\"shade:#4198fc;\">EL UNIVERSAL<\/span><\/a><\/strong>, es una red de medios l\u00edderes fundada en 1991, que promueve los valores democr\u00e1ticos, la prensa independiente y la libertad de expresi\u00f3n en Am\u00e9rica Latina a trav\u00e9s del periodismo de calidad para nuestras audiencias.<\/em><\/p>\n<p>agv<\/p>\n<\/div>\n<p><script async defer crossorigin=\"nameless\" src=\"https:\/\/join.fb.web\/es_LA\/sdk.js#xfbml=1&#038;model=v10.0&#038;appId=163316950407128&#038;autoLogAppEvents=1\"><\/script><br \/>\n<br \/><\/p>\n<p><em> &#8221; Fuentes news.google.com &#8221; <\/em><\/p>\n","protected":false},"excerpt":{"rendered":"<p>La Polic\u00eda Nacional espa\u00f1ola a\u00fan no sale de su asombro. Despu\u00e9s de m\u00faltiples operativos en los cuales hab\u00eda salido sin ni siquiera un solo &#8216;rasp\u00f3n&#8217;, la suerte esta vez no estuvo de su parte y por fin cay\u00f3 la denominada &#8220;Emperatriz de la coca\u00edna, una colombiana que viv\u00eda a todo lujo en Marbella, Espa\u00f1a, donde [&hellip;]<\/p>\n","protected":false},"author":4,"featured_media":446357,"comment_status":"open","ping_status":"closed","sticky":false,"template":"","format":"standard","meta":{"om_disable_all_campaigns":false,"jnews-multi-image_gallery":[],"jnews_single_post":[],"jnews_primary_category":[],"jnews_social_meta":[],"footnotes":""},"categories":[39],"tags":[771,59228,770],"class_list":["post-446356","post","type-post","status-publish","format-standard","has-post-thumbnail","hentry","category-viajes","tag-colombia","tag-emperatriz-de-la-cocaina","tag-espana"],"_links":{"self":[{"href":"https:\/\/dimensionturistica.com\/es\/wp-json\/wp\/v2\/posts\/446356","targetHints":{"allow":["GET"]}}],"collection":[{"href":"https:\/\/dimensionturistica.com\/es\/wp-json\/wp\/v2\/posts"}],"about":[{"href":"https:\/\/dimensionturistica.com\/es\/wp-json\/wp\/v2\/types\/post"}],"author":[{"embeddable":true,"href":"https:\/\/dimensionturistica.com\/es\/wp-json\/wp\/v2\/users\/4"}],"replies":[{"embeddable":true,"href":"https:\/\/dimensionturistica.com\/es\/wp-json\/wp\/v2\/comments?post=446356"}],"version-history":[{"count":0,"href":"https:\/\/dimensionturistica.com\/es\/wp-json\/wp\/v2\/posts\/446356\/revisions"}],"wp:featuredmedia":[{"embeddable":true,"href":"https:\/\/dimensionturistica.com\/es\/wp-json\/wp\/v2\/media\/446357"}],"wp:attachment":[{"href":"https:\/\/dimensionturistica.com\/es\/wp-json\/wp\/v2\/media?parent=446356"}],"wp:term":[{"taxonomy":"category","embeddable":true,"href":"https:\/\/dimensionturistica.com\/es\/wp-json\/wp\/v2\/categories?post=446356"},{"taxonomy":"post_tag","embeddable":true,"href":"https:\/\/dimensionturistica.com\/es\/wp-json\/wp\/v2\/tags?post=446356"}],"curies":[{"name":"wp","href":"https:\/\/api.w.org\/{rel}","templated":true}]}}