{"id":446250,"date":"2022-12-18T08:33:26","date_gmt":"2022-12-18T08:33:26","guid":{"rendered":"https:\/\/dimensionturistica.com\/es\/?p=446250"},"modified":"2022-12-18T08:33:27","modified_gmt":"2022-12-18T08:33:27","slug":"me-gustaria-mucho-ir-a-rjukan-el-pueblo-que-se-queda-sin-sol-durante-seis-meses-al-ano","status":"publish","type":"post","link":"https:\/\/dimensionturistica.com\/es\/me-gustaria-mucho-ir-a-rjukan-el-pueblo-que-se-queda-sin-sol-durante-seis-meses-al-ano\/","title":{"rendered":"&#8220;Me gustar\u00eda mucho ir a Rjukan, el pueblo que se queda sin sol durante seis meses al a\u00f1o&#8221;"},"content":{"rendered":"<p> <br \/>\n<\/p>\n<div>\n<aside class=\"subscription-highlighted\">\n<div class=\"subscription-container\">\n<div class=\"non-subscribed\">\n<p class=\"description\">\u00bfTodav\u00eda sin tu regalo de Navidad? Regala Viajes Nationwide Geographic al mejor precio hoy.<\/p>\n<p><a rel=\"nofollow noopener\" target=\"_blank\" href=\"https:\/\/tienda.rba.es\/revistas\/viajes-national-geographic\/regala\/regala-suscripcion-viajes-national-geographic?rba_source=viajesnationalgeographic&amp;rba_medium=referral&amp;rba_campaign=ngmv-regala-navidad&amp;rba_term=viajesnationalgeographic&amp;rba_content=frase-articulo\" class=\"more-link\">REGALA<\/a><\/div>\n<\/div>\n<\/aside>\n<p style=\"display: none;\"><img decoding=\"async\" id=\"ctl01_ctl00_phMain_phMain_ctl00_ctl02_ctl17_ctl01_imgContent\" src=\"https:\/\/news.google.com\/medio\/2022\/12\/16\/torrijosb-n_23343259_800x800.jpg\" alt=\"Torrijosb n\" style=\"border-width:0px;\"\/><\/p>\n<aside class=\"add300x250 publi-interior-top ad-container-r1 ad-inline\"\/>\n<p dir=\"ltr\"><strong><span id=\"docs-internal-guid-2c4869fd-7fff-bc7a-a9fd-f7e943b93e30\">Supongo que ya lo sabes, pero cuando se busca a Pedro Torrijos en Google el segundo resultado que sale es Twitter\u2026<\/span><\/strong><\/p>\n<p dir=\"ltr\"><span id=\"docs-internal-guid-2c4869fd-7fff-bc7a-a9fd-f7e943b93e30\">Creo que el primero es el de un traumat\u00f3logo (r\u00ede).<\/span><\/p>\n<p><strong><span id=\"docs-internal-guid-2c4869fd-7fff-bc7a-a9fd-f7e943b93e30\">No, el primero es el de Wikipedia\u2026<\/span><\/strong><\/p>\n<p dir=\"ltr\"><span id=\"docs-internal-guid-2c4869fd-7fff-bc7a-a9fd-f7e943b93e30\">Ahh\u2026 Vaya.<\/span><\/p>\n<p><strong><span id=\"docs-internal-guid-2c4869fd-7fff-bc7a-a9fd-f7e943b93e30\">Es algo l\u00f3gico en cierta forma, \u00bfno?. Quiero decir que t\u00fa comienzas a ser in style gracias a los hilos de #LaBrasaTorrijos que publicas todos los jueves en la pink social desde 2019.<\/span><\/strong><\/p>\n<p dir=\"ltr\"><span id=\"docs-internal-guid-2c4869fd-7fff-bc7a-a9fd-f7e943b93e30\">S\u00ed. Ah\u00ed es cuando comienzo profesionalmente a publicar en Twitter. Es mi plataforma, el lugar que utilizo para llegar a la mayor cantidad de gente posible.<\/span><\/p>\n<p><strong><span id=\"docs-internal-guid-2c4869fd-7fff-bc7a-a9fd-f7e943b93e30\">Oye, \u00bfy qu\u00e9 te parece el Twitter de Elon Musk?, \u00bftemes por su futuro?<\/span><\/strong><\/p>\n<p dir=\"ltr\"><span id=\"docs-internal-guid-2c4869fd-7fff-bc7a-a9fd-f7e943b93e30\">No tengo especial miedo. No creo que vaya a haber problemas realmente serios. Si la plataforma cambia, nos adaptaremos, pero no creo que vaya a haber demasiados cambios. Tal como yo la entiendo y uso no me est\u00e1 afectando en absoluto. <\/span><\/p>\n<p><span id=\"docs-internal-guid-2c4869fd-7fff-bc7a-a9fd-f7e943b93e30\"><strong>Se suele decir que Twitter es un espacio para pelearse, pero t\u00fa lo ves como un espacio divulgativo\u2026<\/strong><\/span><\/p>\n<p dir=\"ltr\"><span id=\"docs-internal-guid-2c4869fd-7fff-bc7a-a9fd-f7e943b93e30\">Es que, como cualquier otra plataforma, Twitter puede ser un lugar estupendo si pones los ojos en los sitios adecuados. Yo he tratado de crear una comunidad de gente a la que le interese ser un poco m\u00e1s curiosa y feliz. Y no solo yo, tambi\u00e9n hay mucha otra gente que est\u00e1 haciendo cosas m\u00e1s o menos similares. <\/span><\/p>\n<p><strong><span id=\"docs-internal-guid-2c4869fd-7fff-bc7a-a9fd-f7e943b93e30\">Ahora, adem\u00e1s, le est\u00e1s pegando fuerte al podcast, \u00bfla cuesti\u00f3n es llevarse a la gente de viaje como sea?<\/span><\/strong><\/p>\n<p dir=\"ltr\"><span id=\"docs-internal-guid-2c4869fd-7fff-bc7a-a9fd-f7e943b93e30\">S\u00ed (r\u00ede). <\/span>Yo siempre he intentado hacer un poco como hac\u00eda Julio Verne en el s. XIX, que la gente se vaya un poco de viaje con las historias que cuento. Y si lo tienes al lado, pues mejor, pero normalmente cuento historias de lugares que no est\u00e1n cerca\u2026 Aunque, claro, al remaining, como tengo tant\u00edsimos seguidores a veces resulta que son precisamente de esos lugares. Me acuerdo una vez que escrib\u00ed una historia que est\u00e1 en el Atlas de lugares extraordinarios sobre un edificio de la Ant\u00e1rtida, y esa persona me envi\u00f3 fotos porque resulta que hab\u00eda trabajado all\u00ed. \u00a1No me lo pod\u00eda creer! Period un cient\u00edfico de la oficina brit\u00e1nica ant\u00e1rtica y hab\u00eda trabajo all\u00ed hac\u00eda un par de a\u00f1os.<\/p>\n<p><strong><span id=\"docs-internal-guid-2c4869fd-7fff-bc7a-a9fd-f7e943b93e30\">Pues ahora que lo dices, a mi hija le encanta ese lugar porque sale la ilustraci\u00f3n de una chica jugando con un tren\u2026<\/span><\/strong><\/p>\n<p dir=\"ltr\"><span id=\"docs-internal-guid-2c4869fd-7fff-bc7a-a9fd-f7e943b93e30\">Es que ese edificio es muy chulo. Es una especie de gusano sobre patines. <\/span><\/p>\n<p><strong><span id=\"docs-internal-guid-2c4869fd-7fff-bc7a-a9fd-f7e943b93e30\">Ha debido ser un lujo contar con las ilustraciones de Laufer para tus lugares extraordinarios\u2026<\/span><\/strong><\/p>\n<p dir=\"ltr\"><span id=\"docs-internal-guid-2c4869fd-7fff-bc7a-a9fd-f7e943b93e30\">Yo digo que ella es la coautora del libro y en algunos casos, sobre todo en los que comentas de ni\u00f1os y ni\u00f1as m\u00e1s peque\u00f1os, su importancia es a\u00fan mayor. Por mucho que yo haya seleccionado los lugares y haya escrito de ellos, un ni\u00f1o m\u00e1s peque\u00f1o con lo que disfruta es con los dibujos, y son dibujos formidables. <\/span><\/p>\n<p dir=\"ltr\">\n<figure class=\"thumb zoom\"><img loading=\"lazy\" decoding=\"async\" sizes=\"auto, 100vw\" srcset=\"https:\/\/news.google.com\/medio\/2022\/12\/16\/istock-1191437649_a3341082_720x480.jpg 720w,https:\/\/news.google.com\/medio\/2022\/12\/16\/istock-1191437649_09153e36_1200x800.jpg 1200w\" src=\"https:\/\/news.google.com\/medio\/2022\/12\/16\/istock-1191437649_09153e36_1200x800.jpg\" class=\"lazyload\" width=\"1200\" height=\"800\" data-aspectratio=\"1200\/800\"\/><noscript><img decoding=\"async\" src=\"https:\/\/news.google.com\/medio\/2022\/12\/16\/istock-1191437649_09153e36_1200x800.jpg\"\/><\/noscript><\/p>\n<div class=\"info\">\n<div class=\"credit\">\n<p>El pueblo noruego de Rjukan se encuentra en un valle muy profundo y desde finales de septiembre a mediados de marzo no alcanza los rayos de\u00a0luz del sol. Sin embargo, a Pedro Torrijos le encantar\u00eda viajar hasta all\u00ed.<\/p>\n<\/div><figcaption class=\"by\">&#13;Foto: iStock<\/figcaption><\/div>\n<\/figure>\n<p>&#13;<\/p>\n<p><strong><span id=\"docs-internal-guid-2c4869fd-7fff-bc7a-a9fd-f7e943b93e30\">Yo tambi\u00e9n lo estoy disfrutando\u2026<\/span><\/strong><\/p>\n<p><span id=\"docs-internal-guid-2c4869fd-7fff-bc7a-a9fd-f7e943b93e30\">En la editorial dicen que el atlas es para lectores de cuatro a diez a\u00f1os. Yo digo que es de cuatro a doce y de dieciocho para arriba. De doce a dieciocho, a esas edades da algo de verg\u00fcenza acercarse a cosas supuestamente m\u00e1s infantiles, pero ya a partir de los dieciocho ya se nos va esa verg\u00fcenza y volvemos a disfrutarlos. El libro adem\u00e1s est\u00e1 escrito con un lenguaje que no es convencionalmente infantil. Yo no creo que los ni\u00f1os sean tontos, creo que entienden perfectamente cualquier cosa que les quieras contar en casi cualquier lenguaje que quieras usar. <\/span><\/p>\n<p><strong><span id=\"docs-internal-guid-2c4869fd-7fff-bc7a-a9fd-f7e943b93e30\">Ahora que mencionas a Julio Verne, \u00bfte pasa tambi\u00e9n a ti un poco como \u00e9l, que viajaba m\u00e1s con la imaginaci\u00f3n que con mecanismos reales?<\/span><\/strong><\/p>\n<p dir=\"ltr\"><span id=\"docs-internal-guid-2c4869fd-7fff-bc7a-a9fd-f7e943b93e30\">S\u00ed\u2026 Y m\u00e1s con las historias que suelo contar. Hay muchas que, no es que est\u00e9n muy lejos, es que directamente no se puede ir porque est\u00e1n en la Ant\u00e1rtida o incluso ya han desaparecido. Yo he viajado m\u00e1s con la mente y con los recursos que tengo. De algunos lugares que cuento s\u00ed he estado, pero hay much\u00edsimos que no. Al remaining es que para contar una historia no es necesario estar en el sitio. <\/span><\/p>\n<p><strong><span id=\"docs-internal-guid-2c4869fd-7fff-bc7a-a9fd-f7e943b93e30\">Pero, en todo caso, viajamos para disfrutar. <\/span><\/strong><\/p>\n<p dir=\"ltr\"><span id=\"docs-internal-guid-2c4869fd-7fff-bc7a-a9fd-f7e943b93e30\">S\u00ed, por supuesto\u2026 Aunque los viajes en el mundo contempor\u00e1neo est\u00e1n muy popularizados y a veces la experiencia de ese viaje in style no es tan buena como nos gustar\u00eda. En ese sentido, hay algunas cuentas de IG muy interesantes\u2026 Recuerdo este verano, en las islas griegas una cuenta en la que se ve\u00eda la foto bonita de Santorini por un lado y luego por detr\u00e1s la inmensa cantidad de gente para ir al sitio a hacerse esa misma foto bonita. Al remaining, la experiencia del viaje tiene que ver tambi\u00e9n con el d\u00f3nde vas y cu\u00e1ndo vayas. Este verano yo estuve en Grecia pero en otro sitio. Estuve en el Peloponeso y fue un viaje maravilloso, entre otras cosas, porque hab\u00eda muy poca gente. Eso fue muy sorprendente para m\u00ed.<\/span><\/p>\n<p><strong><span id=\"docs-internal-guid-2c4869fd-7fff-bc7a-a9fd-f7e943b93e30\">\u00bfY qu\u00e9 te pareci\u00f3 el Peloponeso entonces?<\/span><\/strong><\/p>\n<p dir=\"ltr\"><span id=\"docs-internal-guid-2c4869fd-7fff-bc7a-a9fd-f7e943b93e30\">\u00a1Huy! \u00a1Me encant\u00f3! Me gust\u00f3 much\u00edsimo. Me pareci\u00f3 un lugar bastante desconocido. Dices Grecia y todo el mundo piensa en dos cosas, Atenas y las islas\u2026 Pero el Peloponeso me pareci\u00f3 un lugar fant\u00e1stico y muy desconocido, incluso bastante vac\u00edo\u2026<\/span><\/p>\n<p><strong><span id=\"docs-internal-guid-2c4869fd-7fff-bc7a-a9fd-f7e943b93e30\">Sobre todo para ser agosto\u2026<\/span><\/strong><\/p>\n<p dir=\"ltr\"><span id=\"docs-internal-guid-2c4869fd-7fff-bc7a-a9fd-f7e943b93e30\">S\u00ed, s\u00ed\u2026 No hubo problema de nada. Estuvimos en playas pr\u00e1cticamente mi mujer y yo solos; quer\u00edamos ir a cenar a un restaurante por la noche y siempre hab\u00eda sitio, incluso en lugares m\u00e1s a priori tur\u00edsticos. Seguramente estaba todo el mundo en la C\u00edcladas\u2026<\/span><\/p>\n<p><strong><span id=\"docs-internal-guid-2c4869fd-7fff-bc7a-a9fd-f7e943b93e30\">Ah\u00ed est\u00e1 el truco\u2026<\/span><\/strong><\/p>\n<p dir=\"ltr\"><span id=\"docs-internal-guid-2c4869fd-7fff-bc7a-a9fd-f7e943b93e30\">S\u00ed (r\u00ede). El truco es ir a donde no va todo el mundo.<\/span><\/p>\n<blockquote>\n<p dir=\"ltr\">No estoy en contra del turismo ni mucho menos, que la gente quiera ir a la Torre Eiffel o pasear por los canales de Venecia, pero yo ofrezco la posibilidad de que viajen de otra manera a otros lugares<\/p>\n<\/blockquote>\n<p><strong><span id=\"docs-internal-guid-2c4869fd-7fff-bc7a-a9fd-f7e943b93e30\">Ahora que mencionas las playas. Te imaginaba m\u00e1s de museos o de ruinas arqueol\u00f3gicas\u2026<\/span><\/strong><\/p>\n<p dir=\"ltr\"><span id=\"docs-internal-guid-2c4869fd-7fff-bc7a-a9fd-f7e943b93e30\">\u00a1Qu\u00e9 va! Yo soy <\/span><em>s\u00faperplayero<\/em>\u2026 Si a m\u00ed lo que me gusta es ir a la playa. Mis viajes no son especialmente culturales, no voy con el mon\u00f3culo y el paraguas.<\/p>\n<p><strong><span id=\"docs-internal-guid-2c4869fd-7fff-bc7a-a9fd-f7e943b93e30\">Igual alg\u00fan lugar del Peloponeso acabe convirti\u00e9ndose en un hilo para Twitter&#8230;<\/span><\/strong><\/p>\n<p dir=\"ltr\"><span id=\"docs-internal-guid-2c4869fd-7fff-bc7a-a9fd-f7e943b93e30\">Pues no he publicado nada de all\u00ed\u2026 y s\u00ed que hay lugares realmente interesantes. Estaba pensando en Monemvas\u00eda, que es un pueblo fundado en \u00e9poca bizantina, en una pen\u00ednsula, con una fortaleza\u2026 Un sitio muy chulo, pero no estuve tomando notas. Pero, ahora que lo dices, tiene sentido.<\/span><\/p>\n<p><strong><span id=\"docs-internal-guid-2c4869fd-7fff-bc7a-a9fd-f7e943b93e30\">\u00a1Venga! Tenemos en exclusiva un pr\u00f3ximo hilo de #LaBrasaTorrijos<\/span><\/strong><\/p>\n<p dir=\"ltr\"><span id=\"docs-internal-guid-2c4869fd-7fff-bc7a-a9fd-f7e943b93e30\">S\u00ed (r\u00ede). Lo buscar\u00e9, lo buscar\u00e9\u2026<\/span><\/p>\n<p><strong><span id=\"docs-internal-guid-2c4869fd-7fff-bc7a-a9fd-f7e943b93e30\">Primero Twitter, luego se convierten en el libro <\/span><span><em>Territorios Improbables<\/em> (Ed. Kailas) y ahora en un podcast. \u00bfEn qu\u00e9 formato te sientes m\u00e1s c\u00f3modo?<\/span><\/strong><\/p>\n<p dir=\"ltr\"><span id=\"docs-internal-guid-2c4869fd-7fff-bc7a-a9fd-f7e943b93e30\">No tengo ninguna predilecci\u00f3n. Evidentemente mi alma mater, como dir\u00eda un americano, es Twitter y ah\u00ed me siento muy c\u00f3modo. Tambi\u00e9n estoy ahora mismo en la radio contando historias en formato corto, escribo para El Pa\u00eds\u2026 Y, bueno, esto s\u00ed es primicia, para mayo saldr\u00e1 una novela. Una novela de ficci\u00f3n, pero muy, muy, enraizada en hechos reales y en una de las historias que a m\u00ed m\u00e1s me gusta contar.<\/span><\/p>\n<p><strong><span id=\"docs-internal-guid-2c4869fd-7fff-bc7a-a9fd-f7e943b93e30\">\u00a1Danos una pista!, \u00bfqu\u00e9 historia es esa?<\/span><\/strong><\/p>\n<p dir=\"ltr\"><span id=\"docs-internal-guid-2c4869fd-7fff-bc7a-a9fd-f7e943b93e30\">Hombre\u2026 Hay que esperar (r\u00ede).<\/span><\/p>\n<p><strong><span id=\"docs-internal-guid-2c4869fd-7fff-bc7a-a9fd-f7e943b93e30\">Dices en la introducci\u00f3n del <\/span><em>Atlas de lugares extraordinarios<\/em> que lejos de los que creemos de adultos, al mundo le quedan muchos m\u00e1s lugares que explorar y conocer. En cierta forma, muchas de tus historias tambi\u00e9n son una invitaci\u00f3n a replantearnos c\u00f3mo viajar, \u00bfno?<\/strong><\/p>\n<p dir=\"ltr\"><span id=\"docs-internal-guid-2c4869fd-7fff-bc7a-a9fd-f7e943b93e30\">S\u00ed. Pero insisto, yo lo que hago ante todo es contar historias para que la gente pase un buen rato. Algo que es mucho m\u00e1s ambicioso de lo que podr\u00eda parecer a easy vista. Pero, s\u00ed, tambi\u00e9n replantear un poco c\u00f3mo, d\u00f3nde y el porqu\u00e9 de viajar. No estoy en contra del turismo ni mucho menos, que la gente quiera ir a la Torre Eiffel o pasear por los canales de Venecia, pero yo ofrezco la posibilidad de que viajen de otra manera a otros lugares. De hecho, yo creo que realmente la industria del turismo ya est\u00e1 mirando un poco hacia otro tipo de viaje. <\/span><\/p>\n<p dir=\"ltr\">\n<figure class=\"thumb zoom\"><img loading=\"lazy\" decoding=\"async\" sizes=\"auto, 100vw\" srcset=\"https:\/\/news.google.com\/medio\/2022\/12\/16\/istock-178538184_f7532dd3_720x530.jpg 720w,https:\/\/news.google.com\/medio\/2022\/12\/16\/istock-178538184_fa7e51c9_1194x879.jpg 1194w\" src=\"https:\/\/news.google.com\/medio\/2022\/12\/16\/istock-178538184_fa7e51c9_1194x879.jpg\" class=\"lazyload\" width=\"1194\" height=\"879\" data-aspectratio=\"1194\/879\"\/><noscript><img decoding=\"async\" src=\"https:\/\/news.google.com\/medio\/2022\/12\/16\/istock-178538184_fa7e51c9_1194x879.jpg\"\/><\/noscript><\/p>\n<div class=\"info\">\n<div class=\"credit\">\n<p>En Yemen, Shibam es un pueblo reconstruido en una colina. Como no ten\u00edan mucho espacio, se les ocurri\u00f3 construir hacia arriba y sus casas tradicionales se convirtieron entonces en rascacielos. Es uno de los lugares que aparecen en el Atlas de lugares extraordinarios de Pedro Torrijos.<\/p>\n<\/div><figcaption class=\"by\">&#13;Foto: iStock<\/figcaption><\/div>\n<\/figure>\n<p>&#13;<\/p>\n<p><strong><span id=\"docs-internal-guid-2c4869fd-7fff-bc7a-a9fd-f7e943b93e30\">Seg\u00fan dices en la breve introducci\u00f3n del<\/span><em>Atlas de lugares extraordinarios<\/em> cuando ten\u00edas ocho a\u00f1os so\u00f1abas con ser explorador \u00bfTe imaginabas que lo de explorar iba a resultar ser as\u00ed?<\/strong><\/p>\n<p dir=\"ltr\"><span id=\"docs-internal-guid-2c4869fd-7fff-bc7a-a9fd-f7e943b93e30\">Pues un poco s\u00ed he cumplido ese sue\u00f1o, aunque no s\u00e9 c\u00f3mo demonios he llegado a esto (r\u00ede); pero s\u00ed, puedo decir que me dedico un poco a lo que me gusta, a contar el mundo, a contar historias y que la gente me haga corrillo.<\/span><\/p>\n<p><strong><span id=\"docs-internal-guid-2c4869fd-7fff-bc7a-a9fd-f7e943b93e30\">Dices ah\u00ed que de ni\u00f1o tambi\u00e9n quer\u00edas ser bailar\u00edn de claqu\u00e9, \u00bfc\u00f3mo crees que habr\u00eda sido tu vida si te hubieras dedicado a eso en lugar de a explorar el mundo? <\/span><\/strong><\/p>\n<p dir=\"ltr\"><span id=\"docs-internal-guid-2c4869fd-7fff-bc7a-a9fd-f7e943b93e30\">Pues con mucho ritmo (r\u00ede) y probablemente con menos posibilidades de ganarme la vida con ello (vuelve a re\u00edr). Me gustaba mucho cuando period peque\u00f1o, s\u00ed, y period s\u00faper fan de Jim Kelly y Fred Astaire.<\/span><\/p>\n<p><strong><span id=\"docs-internal-guid-2c4869fd-7fff-bc7a-a9fd-f7e943b93e30\">Me ha gustado ver el Mercat de Santa Caterina de Barcelona en el Atlas\u2026 Es una forma de hablar de arquitectura a los m\u00e1s peque\u00f1os.<\/span><\/strong><\/p>\n<p dir=\"ltr\"><span id=\"docs-internal-guid-2c4869fd-7fff-bc7a-a9fd-f7e943b93e30\">S\u00ed. Aunque no es un libro espec\u00edficamente de divulgaci\u00f3n de arquitectura s\u00ed he contado alguna historia m\u00e1s desconocida, que los ni\u00f1os conozcan cosas diferentes al Empire State Constructing o la Torre Eiffel. No s\u00e9\u2026 pues la a casa de vidrio de Lina Bo Bardi, en S\u00e3o Paulo, o la Fundaci\u00f3n Ford, en Nueva York, o el Mercat de Santa Caterina en Barcelona&#8230; Contar la Sagrada Familia otra vez pues tampoco aporta demasiado. <\/span><\/p>\n<p><strong><span id=\"docs-internal-guid-2c4869fd-7fff-bc7a-a9fd-f7e943b93e30\">O historias tan curiosos como la de los cholets de Bolivia. \u00bfSabes que pude ver alguno en el Alto, de camino al Huayna Potos\u00ed, pero que he sabido m\u00e1s de ellos por ti?<\/span><\/strong><\/p>\n<p dir=\"ltr\"><span id=\"docs-internal-guid-2c4869fd-7fff-bc7a-a9fd-f7e943b93e30\">\u00a1F\u00edjate! Hombre\u2026 A ver, los cholets de Bolivia son un fen\u00f3meno arquitect\u00f3nico muy peculiar. Tampoco te creas que hay mucho m\u00e1s de lo que he contado yo ya antes. En el <\/span>Atlas de lugares extraordinarios he reducido los componentes socioecon\u00f3micos, pero s\u00ed lo cuento de forma m\u00e1s detallada en Territorios Improbables como un exponente de los nuevos ricos aymaras. Tiene ese punto de reivindicativo por mucho que la propia arquitectura sea irrelevante.<\/p>\n<p><strong><span id=\"docs-internal-guid-2c4869fd-7fff-bc7a-a9fd-f7e943b93e30\">\u00bfY a cu\u00e1l de los lugares del libro te habr\u00eda gustado ir?<\/span><\/strong><\/p>\n<p dir=\"ltr\"><span id=\"docs-internal-guid-2c4869fd-7fff-bc7a-a9fd-f7e943b93e30\">Me habr\u00eda gustado mucho haber podido ir a la ciudad ovni de Taiw\u00e1n authentic\u2026 Aquello debi\u00f3 ser espectacular. O tambi\u00e9n ser testigo de algunos momentos, como cuando levantaron a mano toda la ciudad de Chicago a mediados del siglo XIX. Eso tambi\u00e9n tuvo que ser un espect\u00e1culo digno de verse. Pero bueno, de eso hace m\u00e1s de 150 a\u00f1os y no hay manera de viajar en el tiempo.<\/span><\/p>\n<p><span id=\"docs-internal-guid-2c4869fd-7fff-bc7a-a9fd-f7e943b93e30\"><strong>Seguro que alguno de estos lugares improbables se te ha quedado muy clavado en la memoria.<\/strong><\/span><\/p>\n<p dir=\"ltr\"><span id=\"docs-internal-guid-2c4869fd-7fff-bc7a-a9fd-f7e943b93e30\">Alguno no, muchos\u2026 Siempre digo que, y a ver es una pena porque es una zona en guerra, pero me gustar\u00eda ir a la ciudad de los rascacielos del desierto de Iban, tienen 400 a\u00f1os y est\u00e1n hechos de barro. Ese es otro de esos lugares a los que me gustar\u00eda ir.<\/span><\/p>\n<p><strong><span id=\"docs-internal-guid-2c4869fd-7fff-bc7a-a9fd-f7e943b93e30\">Es que el viaje tambi\u00e9n es aceptar que hay lugares a los que renunciar\u2026<\/span><\/strong><\/p>\n<p dir=\"ltr\"><span id=\"docs-internal-guid-2c4869fd-7fff-bc7a-a9fd-f7e943b93e30\">S\u00ed, claro. Es que la experiencia, hay que entenderlo, es conocer, no ir, que puedes ir y no entender nada o puedes no ir y conocerlo todo. Idealmente habr\u00eda que estar en un punto medio, claro, pero la experiencia de ir es solo ir, es una experiencia dudosa. <\/span><\/p>\n<div class=\"cuadro-destacado\">\n<p class=\"overtitle\">Coordenadas viajeras<\/p>\n<h3 class=\"title\">Pedro Torrijos<\/h3>\n<ol class=\"destacado-list\">\n<li class=\"destacado-list-item\">\n<p class=\"list-item-title\"><span id=\"docs-internal-guid-6ea44f32-7fff-4f20-0175-c7f5ff78ddd1\">\u00bfA d\u00f3nde nos llevas si vamos al norte? <\/span><\/p>\n<p dir=\"ltr\"><span id=\"docs-internal-guid-e6d7044e-7fff-72c8-64c0-e66b5ff3d33b\">Pues<\/span> me gustar\u00eda mucho ir a Rjukan, que es un pueblo noruego en el que durante seis meses al a\u00f1o no llega la luz del sol. No es que est\u00e9 muy al norte, pero est\u00e1 en un valle muy profundo y entonces, desde finales de septiembre a mediados de marzo, no alcanza la luz del sol. Hay luz diurna, pero no hay sol. Construyeron tres espejos enormes que colocaron en la monta\u00f1a y que reflejan los rayos del sol hasta la plaza del pueblo donde durante esos meses la gente juega incluso a voley playa. Tengo mucha curiosidad por ir.<\/p>\n<\/li>\n<li class=\"destacado-list-item\">\n<p dir=\"ltr\"><strong><span id=\"docs-internal-guid-9be22dc3-7fff-ae35-ae35-2021568afba8\">\u00bfQu\u00e9 destino eliges mirando al sur?<\/span><\/strong><\/p>\n<p><span id=\"docs-internal-guid-c68661f4-7fff-2b0a-5f15-9ebfead7e4d2\">Pues Shibam, a ver la ciudad de los rascacielos de barro.<\/span><\/p>\n<\/li>\n<li class=\"destacado-list-item\">\n<p class=\"list-item-title\"><span id=\"docs-internal-guid-100f2e20-7fff-60e0-e5e5-4ee415f6f89d\">\u00bfY si vamos al este?<\/span><\/p>\n<p class=\"list-item-text\">Al Peloponeso.<\/p>\n<\/li>\n<li class=\"destacado-list-item\">\n<p class=\"list-item-title\">Y toca el oeste&#8230;<\/p>\n<p class=\"list-item-text\"><span id=\"docs-internal-guid-6e83ddab-7fff-d55f-1d9b-da13f5cc5c0e\">Mi ciudad preferida del mundo, que es Nueva York.<\/span><\/p>\n<\/li>\n<li class=\"destacado-list-item\">\n<p class=\"list-item-title\"><span id=\"docs-internal-guid-d33e1228-7fff-dadb-fa4a-ee15146f80cf\">\u00bfNo te ha decepcionado nunca?<\/span><\/p>\n<p class=\"list-item-text\"><span id=\"docs-internal-guid-1bb0d812-7fff-8fb6-2f5b-6ebe49e317db\">Nueva York siempre decepciona y siempre asombra<\/span>. Es todo lo que un ser humano puede esperar de una ciudad est\u00e1 en Nueva York. Es la capital del mundo y seguir\u00e1 si\u00e9ndolo para siempre, imagino\u2026 Hay desde los rascacielos cl\u00e1sicos hasta historietas m\u00e1s escondidas que yo cuento, como la de la Fundaci\u00f3n Ford, o la decepci\u00f3n que supone la proliferaci\u00f3n de andamios, sobre todo la parte del Midtown de Manhattan. O el agobio horrible de Instances Sq. cuando al lado tienes garitos de jazz que no encuentras en ning\u00fan otro sitio del mundo. No s\u00e9, es mi ciudad favorita de siempre. Todo lo que creas que puede haber, est\u00e1. Lo bueno y tambi\u00e9n todo lo malo\u2026<\/p>\n<\/li>\n<li class=\"destacado-list-item\">\n<p class=\"list-item-text\"><strong><span id=\"docs-internal-guid-2bce6fa3-7fff-46d5-96fc-eaa33ff0ccf5\">Vamos a tener que esperar una gu\u00eda de viajes tuya\u2026 Un Nueva York extraordinario a lo Torrijos.<\/span><\/strong><\/p>\n<p class=\"list-item-text\"><span id=\"docs-internal-guid-d394c7cc-7fff-c1c6-f73e-9d33478b0fc6\">Pues mira, uno de mis proyectos futuros que ya ir\u00e9 perfilando seg\u00fan sea necesario va a tener que ver con gu\u00edas extraordinarias de viajes\u2026 No s\u00e9 qu\u00e9 formato tendr\u00e1, pero ah\u00ed est\u00e1 en la rec\u00e1mara.<\/span><\/p>\n<\/li>\n<\/ol>\n<\/div>\n<aside class=\"add300x600 publi-interior-bot ad-inline ad-container-r2\"\/><\/div>\n\n<p><em> &#8221; Fuentes news.google.com &#8221; <\/em><\/p>\n","protected":false},"excerpt":{"rendered":"<p>\u00bfTodav\u00eda sin tu regalo de Navidad? Regala Viajes Nationwide Geographic al mejor precio hoy. REGALA Supongo que ya lo sabes, pero cuando se busca a Pedro Torrijos en Google el segundo resultado que sale es Twitter\u2026 Creo que el primero es el de un traumat\u00f3logo (r\u00ede). No, el primero es el de Wikipedia\u2026 Ahh\u2026 Vaya. [&hellip;]<\/p>\n","protected":false},"author":4,"featured_media":446251,"comment_status":"open","ping_status":"closed","sticky":false,"template":"","format":"standard","meta":{"om_disable_all_campaigns":false,"jnews-multi-image_gallery":[],"jnews_single_post":[],"jnews_primary_category":[],"jnews_social_meta":[],"footnotes":""},"categories":[39],"tags":[47258,47257],"class_list":["post-446250","post","type-post","status-publish","format-standard","has-post-thumbnail","hentry","category-viajes","tag-cargado-desde-el-fichero-de-recursos","tag-keywords-por-defecto"],"_links":{"self":[{"href":"https:\/\/dimensionturistica.com\/es\/wp-json\/wp\/v2\/posts\/446250","targetHints":{"allow":["GET"]}}],"collection":[{"href":"https:\/\/dimensionturistica.com\/es\/wp-json\/wp\/v2\/posts"}],"about":[{"href":"https:\/\/dimensionturistica.com\/es\/wp-json\/wp\/v2\/types\/post"}],"author":[{"embeddable":true,"href":"https:\/\/dimensionturistica.com\/es\/wp-json\/wp\/v2\/users\/4"}],"replies":[{"embeddable":true,"href":"https:\/\/dimensionturistica.com\/es\/wp-json\/wp\/v2\/comments?post=446250"}],"version-history":[{"count":0,"href":"https:\/\/dimensionturistica.com\/es\/wp-json\/wp\/v2\/posts\/446250\/revisions"}],"wp:featuredmedia":[{"embeddable":true,"href":"https:\/\/dimensionturistica.com\/es\/wp-json\/wp\/v2\/media\/446251"}],"wp:attachment":[{"href":"https:\/\/dimensionturistica.com\/es\/wp-json\/wp\/v2\/media?parent=446250"}],"wp:term":[{"taxonomy":"category","embeddable":true,"href":"https:\/\/dimensionturistica.com\/es\/wp-json\/wp\/v2\/categories?post=446250"},{"taxonomy":"post_tag","embeddable":true,"href":"https:\/\/dimensionturistica.com\/es\/wp-json\/wp\/v2\/tags?post=446250"}],"curies":[{"name":"wp","href":"https:\/\/api.w.org\/{rel}","templated":true}]}}