{"id":446140,"date":"2022-12-18T02:21:48","date_gmt":"2022-12-18T02:21:48","guid":{"rendered":"https:\/\/dimensionturistica.com\/es\/?p=446140"},"modified":"2022-12-18T02:21:48","modified_gmt":"2022-12-18T02:21:48","slug":"continuan-los-trabajos-en-barrera-de-hormigon-en-expreso-martinez-nadal-agencias","status":"publish","type":"post","link":"https:\/\/dimensionturistica.com\/es\/continuan-los-trabajos-en-barrera-de-hormigon-en-expreso-martinez-nadal-agencias\/","title":{"rendered":"Contin\u00faan los trabajos en barrera de hormig\u00f3n en expreso Mart\u00ednez Nadal | Agencias"},"content":{"rendered":"<p> <br \/>\n<\/p>\n<div id=\"article-body\" itemprop=\"articleBody\">\n                                <meta itemprop=\"isAccessibleForFree\" content=\"true\"\/><\/p>\n<p>La Autoridad de Carreteras y Transportaci\u00f3n (ACT) informo que continuar\u00e1 con la construcci\u00f3n de barrera de hormig\u00f3n en el expreso Mart\u00ednez Nadal (PR-20) kil\u00f3metro 2.3 en direcci\u00f3n de Guaynabo a San Juan.<\/p>\n<p>Seg\u00fan se indic\u00f3, las <strong>labores seguir\u00e1n a partir del lunes, 19 al jueves 22 de diciembre, de 10:00 a.m. a 4:00 p.m y conllevar\u00e1 el cierre del carril derecho.<\/strong><\/p>\n<p>Para reducir los retrasos en los tiempos de viaje se recomienda a los conductores utilizar la aplicaci\u00f3n WAZE.<\/p>\n<div id=\"tncms-region-article_bottom_content\" class=\"tncms-region hidden-print\">\n<div id=\"tncms-block-1281565\" class=\"tncms-block\">\n<div class=\"visible-xs visible-sm\">\n<p style=\"font-style:italic\">Recibe m\u00e1s informaci\u00f3n sobre esta y otras noticias. Pulsa aqu\u00ed si eres usuario de <a rel=\"nofollow noopener\" target=\"_blank\" href=\"https:\/\/play.google.com\/store\/apps\/details?id=hr.apps.n207032405&amp;hl=en&amp;gl=US\">Android<\/a> o de <a rel=\"nofollow noopener\" target=\"_blank\" href=\"https:\/\/apps.apple.com\/us\/app\/el-vocero-de-puerto-rico\/id569268626\">iPhone<\/a>.<\/p>\n<\/div>\n<\/div>\n<\/div><\/div>\n<p><script>\n!function(f,b,e,v,n,t,s)\n{if(f.fbq)return;n=f.fbq=function(){n.callMethod?\nn.callMethod.apply(n,arguments):n.queue.push(arguments)};\nif(!f._fbq)f._fbq=n;n.push=n;n.loaded=!0;n.version='2.0';\nn.queue=[];t=b.createElement(e);t.async=!0;\nt.src=v;s=b.getElementsByTagName(e)[0];\ns.parentNode.insertBefore(t,s)}(window, document,'script',\n'https:\/\/connect.facebook.net\/en_US\/fbevents.js');\nfbq('init', '1815340891988198');\nfbq('track', 'PageView');\n<\/script><br \/>\n<br \/><\/p>\n<p><em> &#8221; Fuentes news.google.com &#8221; <\/em><\/p>\n","protected":false},"excerpt":{"rendered":"<p>La Autoridad de Carreteras y Transportaci\u00f3n (ACT) informo que continuar\u00e1 con la construcci\u00f3n de barrera de hormig\u00f3n en el expreso Mart\u00ednez Nadal (PR-20) kil\u00f3metro 2.3 en direcci\u00f3n de Guaynabo a San Juan. Seg\u00fan se indic\u00f3, las labores seguir\u00e1n a partir del lunes, 19 al jueves 22 de diciembre, de 10:00 a.m. a 4:00 p.m y [&hellip;]<\/p>\n","protected":false},"author":4,"featured_media":446141,"comment_status":"open","ping_status":"closed","sticky":false,"template":"","format":"standard","meta":{"om_disable_all_campaigns":false,"jnews-multi-image_gallery":[],"jnews_single_post":[],"jnews_primary_category":[],"jnews_social_meta":[],"footnotes":""},"categories":[40],"tags":[1161],"class_list":["post-446140","post","type-post","status-publish","format-standard","has-post-thumbnail","hentry","category-industria","tag-agencias"],"_links":{"self":[{"href":"https:\/\/dimensionturistica.com\/es\/wp-json\/wp\/v2\/posts\/446140","targetHints":{"allow":["GET"]}}],"collection":[{"href":"https:\/\/dimensionturistica.com\/es\/wp-json\/wp\/v2\/posts"}],"about":[{"href":"https:\/\/dimensionturistica.com\/es\/wp-json\/wp\/v2\/types\/post"}],"author":[{"embeddable":true,"href":"https:\/\/dimensionturistica.com\/es\/wp-json\/wp\/v2\/users\/4"}],"replies":[{"embeddable":true,"href":"https:\/\/dimensionturistica.com\/es\/wp-json\/wp\/v2\/comments?post=446140"}],"version-history":[{"count":0,"href":"https:\/\/dimensionturistica.com\/es\/wp-json\/wp\/v2\/posts\/446140\/revisions"}],"wp:featuredmedia":[{"embeddable":true,"href":"https:\/\/dimensionturistica.com\/es\/wp-json\/wp\/v2\/media\/446141"}],"wp:attachment":[{"href":"https:\/\/dimensionturistica.com\/es\/wp-json\/wp\/v2\/media?parent=446140"}],"wp:term":[{"taxonomy":"category","embeddable":true,"href":"https:\/\/dimensionturistica.com\/es\/wp-json\/wp\/v2\/categories?post=446140"},{"taxonomy":"post_tag","embeddable":true,"href":"https:\/\/dimensionturistica.com\/es\/wp-json\/wp\/v2\/tags?post=446140"}],"curies":[{"name":"wp","href":"https:\/\/api.w.org\/{rel}","templated":true}]}}