{"id":445896,"date":"2022-12-17T15:56:33","date_gmt":"2022-12-17T15:56:33","guid":{"rendered":"https:\/\/dimensionturistica.com\/es\/?p=445896"},"modified":"2022-12-17T15:56:33","modified_gmt":"2022-12-17T15:56:33","slug":"agencias-de-viajes-mas-del-37-mejora-su-facturacion-respecto-a-2019","status":"publish","type":"post","link":"https:\/\/dimensionturistica.com\/es\/agencias-de-viajes-mas-del-37-mejora-su-facturacion-respecto-a-2019\/","title":{"rendered":"Agencias de viajes: m\u00e1s del 37% mejora su facturaci\u00f3n respecto a 2019"},"content":{"rendered":"<p> <br \/>\n<\/p>\n<div>\n<p>El 37,3% de las agencias de viajes asegura que en 2022 ha mejorado su <strong>facturaci\u00f3n<\/strong> respecto a 2019; casi el 36% sostiene que ha empeorado, mientras que el 26,8% declara que se ha mantenido estable, seg\u00fan los resultados de una encuesta realizada por la <strong>Confederaci\u00f3n Espa\u00f1ola de Agencias de Viajes<\/strong> (<a rel=\"nofollow noopener\" target=\"_blank\" href=\"https:\/\/www.hosteltur.com\/tag\/ceav\">CEAV<\/a>) entre sus asociados.<\/p>\n<\/div>\n<div>\n<p>&#8220;El sector de las <a rel=\"nofollow noopener\" target=\"_blank\" href=\"https:\/\/www.hosteltur.com\/tag\/agencias-de-viajes\">agencias de viajes<\/a> ha sido el m\u00e1s perjudicado por la pandemia&#8221;, ha afirmado hoy el <strong>presidente de CEAV<\/strong>, <a rel=\"nofollow noopener\" target=\"_blank\" href=\"https:\/\/www.hosteltur.com\/tag\/carlos-garrido\">Carlos Garrido<\/a>, durante la presentaci\u00f3n del estudio. &#8220;Han sido dos a\u00f1os francamente dif\u00edciles&#8221;, ha a\u00f1adido. No obstante, ha reconocido que &#8220;en 2022 se ha notado cierta recuperaci\u00f3n de la actividad&#8221;, aunque los resultados han sido desiguales en las minoristas.<\/p>\n<p>Entre las que han <strong>mejorado sus ingresos<\/strong>, el 60,8% afirma que el avance ha sido menor a un 25%; un 26,5% considera que la subida se ha situado entre el 25 y el 50%, y el 12,5% explica que ha mejorado sus ingresos m\u00e1s de un 50%.<\/p>\n<p>Entre las minoristas que han registrado un <strong>descenso en su facturaci\u00f3n<\/strong>, un 45,45% afirma que la ca\u00edda ha sido menor al 25%, un 37,12% indica que ha estado entre el 25 y el 50% y un 17,42% reconoce que la bajada ha sido superior al 50%.<\/p>\n<blockquote>\n<p>El 74,3% de las agencias encuestadas afirma que la subida de los precios ha impactado negativamente en el ritmo de reservas en el \u00faltimo trimestre de 2022<\/p>\n<\/blockquote>\n<div class=\"wysiwyg-photo\"><img decoding=\"async\" title=\"\" src=\"https:\/\/static.hosteltur.com\/app\/public\/uploads\/img\/articles\/2022\/12\/12\/L_134207_ok-carlos-garrido-2.jpg\" alt=\"\" data-id=\"243034\"\/> <\/p>\n<p>El presidente de CEAV, Carlos Garrido, ha presentado este lunes, en rueda de prensa, los resultados de la encuesta realizada por esta agrupaci\u00f3n.<\/p>\n<\/p><\/div>\n<p>En lo que se refiere a los <strong>destinos m\u00e1s demandados<\/strong>, el presidente de CEAV ha detallado que, en el <strong>\u00e1mbito internacional<\/strong>, los tres m\u00e1s mencionados en la encuesta han sido <strong>Egipto<\/strong>, <strong>Estados Unidos<\/strong> -a pesar del alto coste del d\u00f3lar respecto al euro- y <strong>Europa<\/strong>, con Francia liderando las preferencias de un listado integrado por las principales capitales europeas. Asimismo, el <strong>Caribe<\/strong>, <strong>Turqu\u00eda<\/strong>, <strong>Maldivas<\/strong> y los <strong>cruceros<\/strong> han estado entre los m\u00e1s solicitados.<\/p>\n<p>Aunque con un menor n\u00famero de menciones, en la encuesta tambi\u00e9n aparecen pa\u00edses de <strong>Sudam\u00e9rica<\/strong>, <strong>safaris por \u00c1frica<\/strong> y pa\u00edses asi\u00e1ticos como Emiratos \u00c1rabes, Jordania o Vietnam.<\/p>\n<p>Entre los m\u00e1s requeridos en la <strong>geograf\u00eda espa\u00f1ola<\/strong> destacan <strong>Baleares<\/strong>, <strong>Canarias<\/strong>, <strong>Andaluc\u00eda<\/strong>, <strong>Comunidad Valenciana<\/strong> y <strong>Madrid<\/strong>.<\/p>\n<h2>Previsiones 2023<\/h2>\n<p>El sector afronta los \u00faltimos d\u00edas del a\u00f1o con preocupaci\u00f3n por la <strong>incertidumbre econ\u00f3mica <\/strong>y la elevada inflaci\u00f3n, que est\u00e1 impulsando los precios de los billetes a\u00e9reos y de los hoteles. De momento, las <strong>previsiones para Navidad<\/strong> son muy positivas, con &#8220;un buen nivel de reservas en las agencias&#8221;, seg\u00fan ha indicado Carlos Garrido. Y, de<strong> cara a 2023, las previsiones son \u201cmoderadamente optimistas\u201d<\/strong>.<\/p>\n<p>El 28,9% de las minoristas cree que mejorar\u00e1 su facturaci\u00f3n, un 13,7% cree que ser\u00e1 peor y el 35% cree que permanecer\u00e1 estable. En este entorno tan vol\u00e1til, el 22,4% de las empresas encuestadas no se atreve a aventurar una previsi\u00f3n.<\/p>\n<blockquote>\n<p>M\u00e1s informaci\u00f3n sobre las agencias de viajes y CEAV<\/p>\n<p>&#8211; <a rel=\"nofollow noopener\" target=\"_blank\" href=\"https:\/\/www.hosteltur.com\/154465_carlos-garrido-las-agencias-de-viajes-son-un-sector-sano-y-con-futuro.html\">Carlos Garrido: \u201cLas agencias de viajes son un sector sano y con futuro\u201d<\/a><\/p>\n<p><strong>&#8211; <\/strong><a rel=\"nofollow noopener\" target=\"_blank\" href=\"https:\/\/www.hosteltur.com\/153897_las-agencias-piden-que-se-prorrogue-tres-meses-mas-el-mecanismo-red.html\">Las agencias piden que se prorrogue tres meses m\u00e1s el Mecanismo Red<\/a><\/p>\n<p>&#8211; <a rel=\"nofollow noopener\" target=\"_blank\" href=\"https:\/\/www.hosteltur.com\/153704_patronal-y-sindicatos-a-favor-de-una-nueva-regulacion-del-teletrabajo.html\">Las agencias buscan una nueva regulaci\u00f3n del teletrabajo<\/a><\/p>\n<\/blockquote>\n<\/div>\n\n<p><em> &#8221; Fuentes news.google.com &#8221; <\/em><\/p>\n","protected":false},"excerpt":{"rendered":"<p>El 37,3% de las agencias de viajes asegura que en 2022 ha mejorado su facturaci\u00f3n respecto a 2019; casi el 36% sostiene que ha empeorado, mientras que el 26,8% declara que se ha mantenido estable, seg\u00fan los resultados de una encuesta realizada por la Confederaci\u00f3n Espa\u00f1ola de Agencias de Viajes (CEAV) entre sus asociados. &#8220;El [&hellip;]<\/p>\n","protected":false},"author":4,"featured_media":445897,"comment_status":"open","ping_status":"closed","sticky":false,"template":"","format":"standard","meta":{"om_disable_all_campaigns":false,"jnews-multi-image_gallery":[],"jnews_single_post":[],"jnews_primary_category":[],"jnews_social_meta":[],"footnotes":""},"categories":[39],"tags":[569,1229,1230,572],"class_list":["post-445896","post","type-post","status-publish","format-standard","has-post-thumbnail","hentry","category-viajes","tag-agencias-de-viajes","tag-carlos-garrido","tag-ceav","tag-distribucion"],"_links":{"self":[{"href":"https:\/\/dimensionturistica.com\/es\/wp-json\/wp\/v2\/posts\/445896","targetHints":{"allow":["GET"]}}],"collection":[{"href":"https:\/\/dimensionturistica.com\/es\/wp-json\/wp\/v2\/posts"}],"about":[{"href":"https:\/\/dimensionturistica.com\/es\/wp-json\/wp\/v2\/types\/post"}],"author":[{"embeddable":true,"href":"https:\/\/dimensionturistica.com\/es\/wp-json\/wp\/v2\/users\/4"}],"replies":[{"embeddable":true,"href":"https:\/\/dimensionturistica.com\/es\/wp-json\/wp\/v2\/comments?post=445896"}],"version-history":[{"count":0,"href":"https:\/\/dimensionturistica.com\/es\/wp-json\/wp\/v2\/posts\/445896\/revisions"}],"wp:featuredmedia":[{"embeddable":true,"href":"https:\/\/dimensionturistica.com\/es\/wp-json\/wp\/v2\/media\/445897"}],"wp:attachment":[{"href":"https:\/\/dimensionturistica.com\/es\/wp-json\/wp\/v2\/media?parent=445896"}],"wp:term":[{"taxonomy":"category","embeddable":true,"href":"https:\/\/dimensionturistica.com\/es\/wp-json\/wp\/v2\/categories?post=445896"},{"taxonomy":"post_tag","embeddable":true,"href":"https:\/\/dimensionturistica.com\/es\/wp-json\/wp\/v2\/tags?post=445896"}],"curies":[{"name":"wp","href":"https:\/\/api.w.org\/{rel}","templated":true}]}}