{"id":444895,"date":"2022-12-16T01:05:01","date_gmt":"2022-12-16T01:05:01","guid":{"rendered":"https:\/\/dimensionturistica.com\/es\/?p=444895"},"modified":"2022-12-16T01:05:01","modified_gmt":"2022-12-16T01:05:01","slug":"estudiantes-de-la-mixteca-de-oaxaca-presentaran-un-detergente-de-sabila-en-feria-cientifica-de-brasil","status":"publish","type":"post","link":"https:\/\/dimensionturistica.com\/es\/estudiantes-de-la-mixteca-de-oaxaca-presentaran-un-detergente-de-sabila-en-feria-cientifica-de-brasil\/","title":{"rendered":"Estudiantes de la Mixteca de Oaxaca presentar\u00e1n un detergente de s\u00e1bila en feria cient\u00edfica de Brasil"},"content":{"rendered":"<p> <br \/>\n<\/p>\n<div>\n<p> \u00a0<\/p>\n<p> <strong><a rel=\"nofollow noopener\" target=\"_blank\" href=\"https:\/\/oaxaca.eluniversal.com.mx\/\">Santiago Juxtlahuaca<\/a><\/strong>. \u2013 Con un proyecto de detergente multiusos, un grupo de universitarios de <strong>San Sebasti\u00e1n Nopalera<\/strong> de la Unidad Acad\u00e9mica del <strong>Instituto Tecnol\u00f3gico Valle de Etla<\/strong> (<strong>ITVE<\/strong>), obtienen su pase para la feria del <strong>Movimiento Internacional para el Recreo Cient\u00edfico y T\u00e9cnico (MILSET)<\/strong> Brasil 2023, para representar a M\u00e9xico.<\/p>\n<p> El Proyecto Savid se trata del desarrollo de un detergente l\u00edquido de multiuso a base de s\u00e1bila y la planta jabonera, el cual surgi\u00f3 a partir de un descubrimiento que hicieron los estudiantes del ITVE con sede en <strong>San Sebasti\u00e1n Nopalera<\/strong>, en el municipio de Santa Luc\u00eda Monteverde, entre los l\u00edmites de la Mixteca y Sierra Sur de Oaxaca.<\/p>\n<p> \u201cPara nosotros es un orgullo haber obtenido este pase a nivel internacional para dar a conocer nuestro proyecto Savid y poder representar a la regi\u00f3n de la mixteca,<strong> Oaxaca y M\u00e9xico<\/strong> y sobre todo a la comunidad de San Sebasti\u00e1n Nopalera\u201d, dijo Javier Catillo Cabrera, asesor acad\u00e9mico del proyecto, tras su participaci\u00f3n en San Luis Potos\u00ed, donde obtuvieron su pase a MILSET Brasil 2023.<\/p>\n<p> El grupo de estudiantes universitarios que est\u00e1n detr\u00e1s del proyecto son Dulce Yadira Cruz Bautista, Jes\u00fas Israel Garc\u00eda Hern\u00e1ndez y Elizabeth Nayeli Santiago Cruz de la carrera de Gesti\u00f3n Empresarial, Brayan Ramos Caballero de Desarrollo Comunitario y el asesor Javier Castillo Cabrera.<\/p>\n<p> \u201cQuer\u00edamos hacer jab\u00f3n de s\u00e1bila, pero cuando vimos el proceso de saponificaci\u00f3n observamos que la s\u00e1bila no dejaba que el hidr\u00f3xido de sodio formar\u00e1 la pasta para jab\u00f3n y de ah\u00ed tambi\u00e9n como hay antecedentes que la<strong> jabonera se ha usado en nopalera<\/strong> para<strong> limpiar la caspa<\/strong> para tambi\u00e9n cuestiones de cosm\u00e9ticos entonces nace la propuesta de combinar s\u00e1bila con jabonera\u201d, explica el asesor.<\/p>\n<p> El acad\u00e9mico dio a conocer que la comunidad de Nopalera cuenta con dos tipos de jaboneras, uno de nombre Amole, el cual es un tub\u00e9rculo, y otra que se da por frutillas.<\/p>\n<p> Para determinar la efectividad del proyecto, cuentan los estudiantes que primero se hicieron las pruebas experimentales con el lavado de trastes, donde se midi\u00f3 el nivel de saponinas en un peque\u00f1o laboratorio artesanal con el que cuenta la extensi\u00f3n del ITVE.<\/p>\n<p> Con ello, pudieron participar en el expo ciencia regional realizada en <strong>Villa de Tamazul\u00e1pam<\/strong>, donde los j\u00f3venes obtuvieron el primer lugar como mejor proyecto de investigaci\u00f3n en medio ambiente, mismo que los llev\u00f3 a competir con otras escuelas tecnol\u00f3gicas en San Luis Potos\u00ed.<\/p>\n<p> En MILSET Brasil 2023 se van a presentar los mejores<strong> proyectos de m\u00e1s de 20 pa\u00edses<\/strong>, en materia de tecnolog\u00eda, ciencia, artes y matem\u00e1ticas y ser\u00e1 el Proyecto Savid quien represente a M\u00e9xico en esta feria.<\/p>\n<p> Aunque el grupo ganador se encuentra entusiasmado por presentar su descubrimiento ante los mejores expositores en ciencias y tecnolog\u00eda, se\u00f1alan que no cuentan con recursos suficientes para asistir.<\/p>\n<p> Lee:\u00a0<strong><a rel=\"nofollow noopener\" target=\"_blank\" href=\"https:\/\/www.eluniversal.com.mx\/de-ultima\/como-combatir-la-caspa-con-aloe-vera\">Aloe vera: El aliado natural y eficaz para combatir la caspa<\/a><\/strong><\/p>\n<p> \u201cSabemos que para viajar a Brasil est\u00e1 casi en 40 mil pesos de ida y vuelta, y pues somos cinco integrantes del proyecto, lo cual suman m\u00e1s de 200 mil pesos, entonces sinceramente nos es complicado reunir esa cantidad\u201d, lament\u00f3 Castillo Cabrera.<\/p>\n<p> Por esta situaci\u00f3n, pidieron <strong>apoyo econ\u00f3mico <\/strong>o especie a la comunidad oaxaque\u00f1a y al gobierno del estado, para poder asistir a esta importante feria de ciencia y tecnolog\u00eda.<\/p>\n<p> Dijeron que el apoyo puede ser la compra de los boletos de avi\u00f3n o apoyo econ\u00f3mico, en cualquiera de los casos, invitaron acudir a la instituci\u00f3n en San Sebasti\u00e1n Nopalera, para conocer de cerca el proyecto Savid.<\/p>\n<p> \u201cAcudimos a toda la comunidad y al gobierno de Oaxaca que nos apoye, para poder lograr presentar nuestro proyecto, as\u00ed como para hacer algunas pruebas que nos hacen falta en el caso de determinar metabolitos secundarios en nuestro componente\u201d, solicitaron.<\/p>\n<\/div>\n<p><script async defer crossorigin=\"anonymous\" src=\"https:\/\/connect.facebook.net\/es_LA\/sdk.js#xfbml=1&#038;version=v10.0&#038;appId=163316950407128&#038;autoLogAppEvents=1\"><\/script><br \/>\n<br \/><\/p>\n<p><em> &#8221; Fuentes news.google.com &#8221; <\/em><\/p>\n","protected":false},"excerpt":{"rendered":"<p>\u00a0 Santiago Juxtlahuaca. \u2013 Con un proyecto de detergente multiusos, un grupo de universitarios de San Sebasti\u00e1n Nopalera de la Unidad Acad\u00e9mica del Instituto Tecnol\u00f3gico Valle de Etla (ITVE), obtienen su pase para la feria del Movimiento Internacional para el Recreo Cient\u00edfico y T\u00e9cnico (MILSET) Brasil 2023, para representar a M\u00e9xico. El Proyecto Savid se [&hellip;]<\/p>\n","protected":false},"author":4,"featured_media":444896,"comment_status":"open","ping_status":"closed","sticky":false,"template":"","format":"standard","meta":{"om_disable_all_campaigns":false,"jnews-multi-image_gallery":[],"jnews_single_post":[],"jnews_primary_category":[],"jnews_social_meta":[],"footnotes":""},"categories":[39],"tags":[710],"class_list":["post-444895","post","type-post","status-publish","format-standard","has-post-thumbnail","hentry","category-viajes","tag-ciencia"],"_links":{"self":[{"href":"https:\/\/dimensionturistica.com\/es\/wp-json\/wp\/v2\/posts\/444895","targetHints":{"allow":["GET"]}}],"collection":[{"href":"https:\/\/dimensionturistica.com\/es\/wp-json\/wp\/v2\/posts"}],"about":[{"href":"https:\/\/dimensionturistica.com\/es\/wp-json\/wp\/v2\/types\/post"}],"author":[{"embeddable":true,"href":"https:\/\/dimensionturistica.com\/es\/wp-json\/wp\/v2\/users\/4"}],"replies":[{"embeddable":true,"href":"https:\/\/dimensionturistica.com\/es\/wp-json\/wp\/v2\/comments?post=444895"}],"version-history":[{"count":0,"href":"https:\/\/dimensionturistica.com\/es\/wp-json\/wp\/v2\/posts\/444895\/revisions"}],"wp:featuredmedia":[{"embeddable":true,"href":"https:\/\/dimensionturistica.com\/es\/wp-json\/wp\/v2\/media\/444896"}],"wp:attachment":[{"href":"https:\/\/dimensionturistica.com\/es\/wp-json\/wp\/v2\/media?parent=444895"}],"wp:term":[{"taxonomy":"category","embeddable":true,"href":"https:\/\/dimensionturistica.com\/es\/wp-json\/wp\/v2\/categories?post=444895"},{"taxonomy":"post_tag","embeddable":true,"href":"https:\/\/dimensionturistica.com\/es\/wp-json\/wp\/v2\/tags?post=444895"}],"curies":[{"name":"wp","href":"https:\/\/api.w.org\/{rel}","templated":true}]}}