{"id":444774,"date":"2022-12-15T22:30:23","date_gmt":"2022-12-15T22:30:23","guid":{"rendered":"https:\/\/dimensionturistica.com\/es\/?p=444774"},"modified":"2022-12-15T22:30:24","modified_gmt":"2022-12-15T22:30:24","slug":"aeromexico-recibe-avion-mas-grande-para-viajar-europa-y-asia","status":"publish","type":"post","link":"https:\/\/dimensionturistica.com\/es\/aeromexico-recibe-avion-mas-grande-para-viajar-europa-y-asia\/","title":{"rendered":"Aerom\u00e9xico recibe avi\u00f3n m\u00e1s grande para viajar Europa y Asia"},"content":{"rendered":"<p> <br \/>\n<\/p>\n<div>\n<p><strong>Aerom\u00e9xic<\/strong>o, tras encontrarse en una severa disaster durante el<strong> 2021<\/strong>, ha mostrado una gran <strong>recuperaci\u00f3n econ\u00f3mica<\/strong> y reactivaci\u00f3n de sus viajes, este 2022 ha anunciado la <strong>adquisici\u00f3n de nuevos aviones<\/strong> para sus viajes hacia otros continentes.<\/p>\n<p>Despu\u00e9s un largo periodo de espera, la<a rel=\"nofollow noopener\" target=\"_blank\" href=\"https:\/\/www.soynomada.news\/seccion\/viajes\/\"> aerol\u00ednea\u00a0mexicana<\/a> por fin recibi\u00f3 un <strong>Boeing 787-Dreamliner<\/strong>, una aeronave que se sumar\u00e1 a las 10 de este tipo que posee la empresa, con esta nueva adquisi\u00f3n,<strong> Aerom\u00e9xico espera expandir sus horizontes<\/strong> hacia sus destinos de larga distancia.<\/p>\n<p>Te puede interesar:<a rel=\"nofollow noopener\" target=\"_blank\" href=\"https:\/\/www.soynomada.news\/noticias\/Aeromexico-entre-los-primeros-20-lugares-de-las-mejores-aerolineas-del-mundo-segun-AirHelp-20221214-0006.html\"> Aerom\u00e9xico entre los primeros 20 lugares de las mejores aerol\u00edneas de M\u00e9xico, seg\u00fan AirHelp<\/a><\/p>\n<p>Seg\u00fan lo informado por el medio Transponder, el avi\u00f3n es related a los que ya son propiedad de la aerol\u00ednea, se trata de un<strong> avi\u00f3n de lujo que posee 36 asientos-camas en clase Premier<\/strong>,\u00a027 asientos de AM Plus con mucho m\u00e1s espacio entre las filas y 211 asientos de Clase Turista.<\/p>\n<p>El nuevo a\u00f1o depara nuevos movimientos a Aerom\u00e9xico, la compa\u00f1\u00eda espera\u00a0\u00a0<strong>24 aviones tipo 737 MAX<\/strong> con el fin de renovar su flota. En caso de que M\u00e9xico logre ingresar nuevamente en <strong>Categor\u00eda 1<\/strong>, tras ser posicionado en Categor\u00eda 2 por la FAA, Aerom\u00e9xico tendr\u00e1 que <strong>retirar de su flota algunas aeronaves\u00a0737-800<\/strong>.<\/p>\n<p><amp-twitter data-tweetid=\"1601404587436802049\" width=\"550\" height=\"450\" layout=\"responsive\" class=\"i-amphtml-layout-responsive i-amphtml-layout-size-defined\" i-amphtml-layout=\"responsive\"><i-amphtml-sizer style=\"display:block;padding-top:81.8182%\"\/><\/amp-twitter> <\/p>\n<p>Estos tendr\u00e1n que ser retirados debido a que las operaciones hacia<a rel=\"nofollow noopener\" target=\"_blank\" href=\"https:\/\/www.soynomada.news\/\"> Estados Unidos<\/a> no podr\u00e1n realizarse con aviones que estuvieran en operaci\u00f3n tras la degradaci\u00f3n de M\u00e9xico, la mayor\u00eda de <strong>aviones tipo MAX<\/strong> no pueden volar hacia tierras norteamericanas.<\/p>\n<p>Te puede interesar: <a rel=\"nofollow noopener\" target=\"_blank\" href=\"https:\/\/www.soynomada.news\/viajes\/Aeromexico-volvera-a-volar-a-Italia-y-Japon-a-partir-de-marzo-de-2023-y-lo-mejor-sin-escalas-20221108-0002.html\">Aerom\u00e9xico volver\u00e1 a volar a Italia y Jap\u00f3n a partir de marzo 2023 y lo mejor \u00a1sin escalas!<\/a><\/p>\n<p>El \u00faltimo avi\u00f3n\u00a0Boeing 787-Dreamliner que recibi\u00f3 la empresa fue en 2019, la gran m\u00e1quina lleva la matr\u00edcula <strong>XA-DHM<\/strong>, tiene el <strong>n\u00famero de serie 65103 <\/strong>y el n\u00famero de l\u00ednea 1133, este es uno de los cuatro aviones que espera recibir la empresa en el transcurso del 2023, lo cual provocar\u00e1 que eficientice\u00a0su aumento de vuelos programados hacia destinos como<strong> Roma<\/strong>, <strong>Japon<\/strong> y <strong>Madrid<\/strong> desde <strong>Guadalajara<\/strong> y <strong>Monterrey.<\/strong><\/p>\n<\/div>\n\n<p><em> &#8221; Fuentes news.google.com &#8221; <\/em><\/p>\n","protected":false},"excerpt":{"rendered":"<p>Aerom\u00e9xico, tras encontrarse en una severa disaster durante el 2021, ha mostrado una gran recuperaci\u00f3n econ\u00f3mica y reactivaci\u00f3n de sus viajes, este 2022 ha anunciado la adquisici\u00f3n de nuevos aviones para sus viajes hacia otros continentes. Despu\u00e9s un largo periodo de espera, la aerol\u00ednea\u00a0mexicana por fin recibi\u00f3 un Boeing 787-Dreamliner, una aeronave que se sumar\u00e1 [&hellip;]<\/p>\n","protected":false},"author":4,"featured_media":444775,"comment_status":"open","ping_status":"closed","sticky":false,"template":"","format":"standard","meta":{"om_disable_all_campaigns":false,"jnews-multi-image_gallery":[],"jnews_single_post":[],"jnews_primary_category":[],"jnews_social_meta":[],"footnotes":""},"categories":[39],"tags":[1958,1423],"class_list":["post-444774","post","type-post","status-publish","format-standard","has-post-thumbnail","hentry","category-viajes","tag-aeromexico","tag-viajes-internacionales"],"_links":{"self":[{"href":"https:\/\/dimensionturistica.com\/es\/wp-json\/wp\/v2\/posts\/444774","targetHints":{"allow":["GET"]}}],"collection":[{"href":"https:\/\/dimensionturistica.com\/es\/wp-json\/wp\/v2\/posts"}],"about":[{"href":"https:\/\/dimensionturistica.com\/es\/wp-json\/wp\/v2\/types\/post"}],"author":[{"embeddable":true,"href":"https:\/\/dimensionturistica.com\/es\/wp-json\/wp\/v2\/users\/4"}],"replies":[{"embeddable":true,"href":"https:\/\/dimensionturistica.com\/es\/wp-json\/wp\/v2\/comments?post=444774"}],"version-history":[{"count":0,"href":"https:\/\/dimensionturistica.com\/es\/wp-json\/wp\/v2\/posts\/444774\/revisions"}],"wp:featuredmedia":[{"embeddable":true,"href":"https:\/\/dimensionturistica.com\/es\/wp-json\/wp\/v2\/media\/444775"}],"wp:attachment":[{"href":"https:\/\/dimensionturistica.com\/es\/wp-json\/wp\/v2\/media?parent=444774"}],"wp:term":[{"taxonomy":"category","embeddable":true,"href":"https:\/\/dimensionturistica.com\/es\/wp-json\/wp\/v2\/categories?post=444774"},{"taxonomy":"post_tag","embeddable":true,"href":"https:\/\/dimensionturistica.com\/es\/wp-json\/wp\/v2\/tags?post=444774"}],"curies":[{"name":"wp","href":"https:\/\/api.w.org\/{rel}","templated":true}]}}