{"id":444299,"date":"2022-12-15T14:42:26","date_gmt":"2022-12-15T14:42:26","guid":{"rendered":"https:\/\/dimensionturistica.com\/es\/?p=444299"},"modified":"2022-12-15T14:42:26","modified_gmt":"2022-12-15T14:42:26","slug":"alicante-se-promociona-en-helsinki-con-el-tiron-de-la-gastronomia-para-afianzar-el-mercado-nordico","status":"publish","type":"post","link":"https:\/\/dimensionturistica.com\/es\/alicante-se-promociona-en-helsinki-con-el-tiron-de-la-gastronomia-para-afianzar-el-mercado-nordico\/","title":{"rendered":"Alicante se promociona en Helsinki con el &#8216;tir\u00f3n&#8217; de la gastronom\u00eda para afianzar el mercado n\u00f3rdico"},"content":{"rendered":"<p> <br \/>\n<\/p>\n<div>\n<p>ALICANTE. El Patronato de Turismo<strong>\u00a0<\/strong>Alicante Metropolis&amp;Seaside desarrolla este jueves y viernes una acci\u00f3n promocional tur\u00edstica en Helsinki para afianzar el mercado n\u00f3rdico, segundo en importancia para la ciudad tras el brit\u00e1nico, aprovechando las conexiones a\u00e9reas con Finlandia que est\u00e1n programadas para este invierno, seg\u00fan han informado fuentes municipales, a trav\u00e9s de un comunicado.<\/p>\n<p>La vicealcaldesa y responsable del Patronato de Turismo Alicante Metropolis&amp;Seaside, <strong>Mari Carmen S\u00e1nchez<\/strong>, ha explicado que &#8220;estas acciones son cruciales ahora que se han recuperado las conexiones a\u00e9reas con un mercado que cada vez apuesta m\u00e1s por Alicante y que tiene un nivel de gasto muy elevado&#8221;. &#8220;El mercado n\u00f3rdico est\u00e1 cada vez m\u00e1s consolidado y por ello es importante mostrar los atractivos de Alicante en destino, especialmente nuestra gastronom\u00eda y la sostenibilidad por la que trabajamos desde el Patronato, dos valores que se tienen muy en cuenta a la hora de viajar en los pa\u00edses del norte de Europa&#8221;, ha a\u00f1adido la vicealcaldesa.<\/p>\n<p>S\u00e1nchez ha sido recibida por el embajador de Espa\u00f1a en Finlandia, <strong>Fernando Fern\u00e1ndez-Arias<\/strong>, con quien ha podido comentar la importancia creciente del turismo finland\u00e9s en la provincia y concretamente en la capital alicantina, antes de comenzar los actos de promoci\u00f3n de este jueves en el Flavour Studio de Helsinki.<\/p>\n<p>En este primer d\u00eda se lleva a cabo una presentaci\u00f3n de Alicante como destino sostenible y gastron\u00f3mico para m\u00e1s de 40 agentes de viajes, operadores tur\u00edsticos, periodistas especializados, <em>blogueros\u00a0<\/em>e <em>influencers\u00a0<\/em>de Finlandia. Seguido de un <em>showcooking\u00a0<\/em>elaborado por las cocineras alicantinas <strong>Cristina Riquelme\u00a0<\/strong>(Casa Riquelme) y <strong>Mar\u00eda Luisa Rivera<\/strong> (La Sastrer\u00eda). Los asistentes han podido degustar productos t\u00edpicos como salazones, embutidos y coca de mollitas con capell\u00e1n, entre otros, y como plato fuerte un arroz con gamba roja y sepia. Tambi\u00e9n coca de almendras, turr\u00f3n y chocolate.<\/p>\n<h4><strong>Degustaciones de productos<\/strong><\/h4>\n<p>El segundo d\u00eda de promoci\u00f3n se centra en el p\u00fablico en normal. Para ello se ubicar\u00e1 un stand en un centro comercial con gran afluencia de p\u00fablico, el Mall of Tripla, desde donde se ofrecer\u00e1 informaci\u00f3n de Alicante y se repartir\u00e1n diversos objetos de <em>merchandising<\/em>. Asimismo, se llevar\u00e1 a cabo una degustaci\u00f3n de arroces alicantinos para 200 personas, as\u00ed como degustaciones de turr\u00f3n.<\/p>\n<p>La acci\u00f3n promocional de ambos d\u00edas cuenta con la colaboraci\u00f3n de Turisme Comunitat Valenciana y Turespa\u00f1a y la participaci\u00f3n de Alicante Vacationer Board, APHA y Hosbec (incluyendo los hoteles Spa Portamaris, Resort Almirante, Resort Maya) y la asociaci\u00f3n Mujeres en Gastronom\u00eda, seg\u00fan a\u00f1ade el comunicado.<\/p>\n<p>El aeropuerto Alicante-Elche Miguel Hern\u00e1ndez tiene programados cerca de 250 vuelos con Helsinki con m\u00e1s de 44.000 plazas, m\u00e1s de la mitad para este invierno, y que ascienden a 2.100 vuelos si se contabilizan los programados con el resto de pa\u00edses n\u00f3rdicos (Suecia, Noruega, Dinamarca y Finlandia).<\/p>\n<\/div>\n\n<p><em> &#8221; Fuentes news.google.com &#8221; <\/em><\/p>\n","protected":false},"excerpt":{"rendered":"<p>ALICANTE. El Patronato de Turismo\u00a0Alicante Metropolis&amp;Seaside desarrolla este jueves y viernes una acci\u00f3n promocional tur\u00edstica en Helsinki para afianzar el mercado n\u00f3rdico, segundo en importancia para la ciudad tras el brit\u00e1nico, aprovechando las conexiones a\u00e9reas con Finlandia que est\u00e1n programadas para este invierno, seg\u00fan han informado fuentes municipales, a trav\u00e9s de un comunicado. La vicealcaldesa [&hellip;]<\/p>\n","protected":false},"author":4,"featured_media":444300,"comment_status":"open","ping_status":"closed","sticky":false,"template":"","format":"standard","meta":{"om_disable_all_campaigns":false,"jnews-multi-image_gallery":[],"jnews_single_post":[],"jnews_primary_category":[],"jnews_social_meta":[],"footnotes":""},"categories":[40],"tags":[6178,544],"class_list":["post-444299","post","type-post","status-publish","format-standard","has-post-thumbnail","hentry","category-industria","tag-alicante","tag-turismo"],"_links":{"self":[{"href":"https:\/\/dimensionturistica.com\/es\/wp-json\/wp\/v2\/posts\/444299","targetHints":{"allow":["GET"]}}],"collection":[{"href":"https:\/\/dimensionturistica.com\/es\/wp-json\/wp\/v2\/posts"}],"about":[{"href":"https:\/\/dimensionturistica.com\/es\/wp-json\/wp\/v2\/types\/post"}],"author":[{"embeddable":true,"href":"https:\/\/dimensionturistica.com\/es\/wp-json\/wp\/v2\/users\/4"}],"replies":[{"embeddable":true,"href":"https:\/\/dimensionturistica.com\/es\/wp-json\/wp\/v2\/comments?post=444299"}],"version-history":[{"count":0,"href":"https:\/\/dimensionturistica.com\/es\/wp-json\/wp\/v2\/posts\/444299\/revisions"}],"wp:featuredmedia":[{"embeddable":true,"href":"https:\/\/dimensionturistica.com\/es\/wp-json\/wp\/v2\/media\/444300"}],"wp:attachment":[{"href":"https:\/\/dimensionturistica.com\/es\/wp-json\/wp\/v2\/media?parent=444299"}],"wp:term":[{"taxonomy":"category","embeddable":true,"href":"https:\/\/dimensionturistica.com\/es\/wp-json\/wp\/v2\/categories?post=444299"},{"taxonomy":"post_tag","embeddable":true,"href":"https:\/\/dimensionturistica.com\/es\/wp-json\/wp\/v2\/tags?post=444299"}],"curies":[{"name":"wp","href":"https:\/\/api.w.org\/{rel}","templated":true}]}}